{"id":41592,"date":"2019-05-20T18:13:59","date_gmt":"2019-05-20T17:13:59","guid":{"rendered":"https:\/\/intelligent-friend-7861.standoutwp.com\/?p=41592"},"modified":"2019-05-20T18:13:59","modified_gmt":"2019-05-20T17:13:59","slug":"clara-goranssons-linjeforing-i-st-olai","status":"publish","type":"post","link":"https:\/\/www.kultursidan.nu\/?p=41592","title":{"rendered":"Clara G\u00f6ranssons linjef\u00f6ring i S:t Olai"},"content":{"rendered":"<p><img loading=\"lazy\" decoding=\"async\" class=\"alignnone size-medium wp-image-41593\" src=\"https:\/\/www.kultursidan.nu\/wp-content\/uploads\/2019\/05\/DSCF9421-567x378.jpg\" alt=\"\" width=\"567\" height=\"378\" srcset=\"https:\/\/www.kultursidan.nu\/wp-content\/uploads\/2019\/05\/DSCF9421-567x378.jpg 567w, https:\/\/www.kultursidan.nu\/wp-content\/uploads\/2019\/05\/DSCF9421-768x512.jpg 768w, https:\/\/www.kultursidan.nu\/wp-content\/uploads\/2019\/05\/DSCF9421-1024x683.jpg 1024w, https:\/\/www.kultursidan.nu\/wp-content\/uploads\/2019\/05\/DSCF9421-150x100.jpg 150w, https:\/\/www.kultursidan.nu\/wp-content\/uploads\/2019\/05\/DSCF9421-500x333.jpg 500w, https:\/\/www.kultursidan.nu\/wp-content\/uploads\/2019\/05\/DSCF9421.jpg 1200w\" sizes=\"auto, (max-width: 567px) 100vw, 567px\" \/><br \/>\n<em>S\u00e4llhet. Skogens dunkel, ljus och djup men ocks\u00e5 m\u00e5leriets magi ryms i Clara G\u00f6ranssons bild.<\/em><\/p>\n<p>&nbsp;<\/p>\n<h1><span style=\"color: #ff0000;\">Solljus av skrapad f\u00e4rg<\/span><\/h1>\n<p>&nbsp;<\/p>\n<p>NORRK\u00d6PING <strong>Kreativ linjef\u00f6ring.<\/strong> Enkla slingor av raka och rundade linjer, som bara blir. Ibland blir de m\u00e4nniskogestalter. Clara G\u00f6ransson visar \u00e4ven ett fint f\u00e4rgm\u00e5leri p\u00e5 v\u00e4ggarna i S:t Olai kyrka.<\/p>\n<p><strong>Kreativiteten tar sig olika uttryck i Clara G\u00f6ranssons m\u00e5leri som hon visar i S:t Olai kyrka i maj m\u00e5nad.<\/strong> Det sp\u00e4nner fr\u00e5n nyfiken lekfullhet till ett djupare ber\u00e4ttande med f\u00e4rgerna. Utst\u00e4llningen \u00e4r uppdelad i olika avdelningar, att g\u00e5 i v\u00e4nstervarv \u00e4r att rekommendera.<\/p>\n<p>Med start i <em>Noli turbare circulos meos \u2013 a tergo<\/em>, allts\u00e5 Arkimedes sista ord om cirklarna fast med ett till\u00e4gg. Svarta prickar p\u00e5 rad, som m\u00e4nniskor eller dna-kedjor, inte en prick den andra lik.<\/p>\n<p>&nbsp;<\/p>\n<p><a title=\"Clara G\u00f6ransson\" href=\"https:\/\/www.flickr.com\/photos\/kultursidan\/46975659615\/in\/album-72157707184687671\/\"><img loading=\"lazy\" decoding=\"async\" src=\"https:\/\/live.staticflickr.com\/65535\/46975659615_d20a8ea31f.jpg\" alt=\"Clara G\u00f6ransson\" width=\"500\" height=\"333\" \/><\/a><br \/>\n<em>Space \u2013 tid och rum. Linjer, tecknade som p\u00e5 m\u00e5f\u00e5, bjuder p\u00e5 lek.<\/em><\/p>\n<p>&nbsp;<\/p>\n<p><strong>Annars kommer linjef\u00f6ringen f\u00f6rst.<\/strong> Som telefonkludd med pennan, fast h\u00e4r med penseln och stopp i r\u00e4ttan tid. Resultatet \u00e4r relativt enkla slingor av raka och rundade linjer, lite tjockare, lite smalare, \u00e4nd\u00e5 intrikata och med en inneboende musikalitet. Finns d\u00e4r hemliga meddelanden?<\/p>\n<p>N\u00e5gra h\u00e5rdvinklade motiv, drar \u00e5r det tidigkonkreta h\u00e5llet, rentav en blinkning till ikonen Olle Baertling.<\/p>\n<p><strong>Mycket snart g\u00e5r de mjuka linjerna \u00e5t gestaltning.<\/strong> Ett hj\u00e4rta ger kropp, likas\u00e5 n\u00e5got som kan tolkas som ett huvud. I n\u00e4sta v\u00e4ggavsnitt fullf\u00f6ljs tanken men d\u00e5 med strama genomt\u00e4nkta linjer. Yppiga <em>Fr\u00f6ken Sensuella<\/em> och paret i <em>Omsluten<\/em> pr\u00f6vas i olika f\u00e4rger.<\/p>\n<p>Lekfullt och samtidigt uppfordrande kontrasteras de grafiskt strama m\u00e5lningarna mot en serie av f\u00e4rgexpolisiva m\u00e5lningar. St\u00e4nk \u00e0 la fyrverkeri \u00e4r bara b\u00f6rjan. Vassa spikar, en kedja, glitterp\u00e4rla, h\u00e5l att peta i och en handske som sticker ut. Tillh\u00f6rande text, f\u00f6r Clara G\u00f6ransson kommunicerar g\u00e4rna med betraktaren, p\u00e5minner om hur mycket som ryms under ytan p\u00e5 oss m\u00e4nniskor.<\/p>\n<p><strong>Vid sidan av koret n\u00e5r vi d\u00e5 det djupa m\u00e5leriet.<\/strong> Skogens gr\u00f6nska i alla dess skiftningar. Inga detaljer, inga grenar eller l\u00f6v, bara st\u00e4mningen av gr\u00f6nt ljus. Raffinerat \u00e4r de str\u00e5k av skrapad f\u00e4rg som drar igenom en av m\u00e5lningarna. Solljus, men f\u00e4rg.<\/p>\n<p>D\u00e4r \u00e4r ocks\u00e5 tre gyllene m\u00e5lningar \u2013 guld, r\u00f6tt mot gr\u00f6n botten. Som ikoner men utan motiv \u2013 kanske inte beh\u00f6vs.<\/p>\n<p>&nbsp;<\/p>\n<p><a title=\"Clara G\u00f6ransson\" href=\"https:\/\/www.flickr.com\/photos\/kultursidan\/46975658725\/in\/album-72157707184687671\/\"><img loading=\"lazy\" decoding=\"async\" src=\"https:\/\/live.staticflickr.com\/65535\/46975658725_e74c64dcf4.jpg\" alt=\"Clara G\u00f6ransson\" width=\"500\" height=\"333\" \/><\/a><br \/>\n<em>F\u00e4rgkraft och kroppsl\u00e4ngtan. H\u00e4r m\u00f6ts Clara G\u00f6ranssons alla uttryck.<\/em><\/p>\n<p>&nbsp;<\/p>\n<p><strong>Fullf\u00f6lj varvet i kyrkan och nya kombinationer uppst\u00e5r.<\/strong> Tillbaka till linjerna. I n\u00e5gra barntavlor med rara motiv och rena f\u00e4rgnyanser. F\u00e5gel i ett tr\u00e4d. My little pony. Men ocks\u00e5 blommor mot den d\u00e4r mullrande djupa skogen.<\/p>\n<p>Tillbaka till f\u00e4rgernas urkraft.<br \/>\nTillbaka till kroppens l\u00e4ngtan.<\/p>\n<p><em>\u00a9 Text och foto: Ann-Charlotte Sandelin<\/em><\/p>\n<p>BILDSPEL \u2013 KLICKA P\u00c5 BILDENS PILAR<\/p>\n<p><a data-flickr-embed='true' href='https:\/\/www.flickr.com\/photos\/kultursidan\/albums\/72157707184687671' title='Clara G\u00f6ransson, S:t Olai kyrka 2019 by Kultursidan, on Flickr'><img src='https:\/\/live.staticflickr.com\/65535\/47102471214_f4ab8bf82b_z.jpg' width='800' height='600' alt='Clara G\u00f6ransson'><\/a><script async src='https:\/\/embedr.flickr.com\/assets\/client-code.js' charset='utf-8'><\/script><\/p>\n<blockquote>\n<h4>SANKT OLAI KYRKA Norrk\u00f6ping<\/h4>\n<p>2\u201331 maj 2019<br \/>\n<strong>Clara G\u00f6ransson<\/strong><br \/>\nM\u00e5leri<\/p><\/blockquote>\n<p>L\u00c4NKAR<br \/>\nClara G\u00f6ransson <a href=\"https:\/\/ostergotland.events\/135058\/konstutstallning-i-st-olai-kyrka-2-maj-2019-6731909\" target=\"_blank\" rel=\"noopener noreferrer\">Evenemang<\/a><\/p>\n","protected":false},"excerpt":{"rendered":"<p>NORRK\u00d6PING Kreativ linjef\u00f6ring. Enkla slingor av raka och rundade linjer, som bara blir. Ibland blir de m\u00e4nniskogestalter. Clara G\u00f6ransson visar \u00e4ven ett fint f\u00e4rgm\u00e5leri p\u00e5 v\u00e4ggarna i S:t Olai kyrka. <a class=\"continue-reading-link\" href=\"https:\/\/www.kultursidan.nu\/?p=41592\">L\u00e4s mer <span class=\"meta-nav\">&rarr; <\/span><\/a><\/p>\n","protected":false},"author":1001006,"featured_media":0,"comment_status":"closed","ping_status":"open","sticky":false,"template":"","format":"standard","meta":{"_jetpack_memberships_contains_paid_content":false,"footnotes":""},"categories":[7],"tags":[14,47],"class_list":["post-41592","post","type-post","status-publish","format-standard","hentry","category-norrkoping","tag-konst","tag-utstallning"],"jetpack_featured_media_url":"","jetpack_sharing_enabled":true,"_links":{"self":[{"href":"https:\/\/www.kultursidan.nu\/index.php?rest_route=\/wp\/v2\/posts\/41592","targetHints":{"allow":["GET"]}}],"collection":[{"href":"https:\/\/www.kultursidan.nu\/index.php?rest_route=\/wp\/v2\/posts"}],"about":[{"href":"https:\/\/www.kultursidan.nu\/index.php?rest_route=\/wp\/v2\/types\/post"}],"author":[{"embeddable":true,"href":"https:\/\/www.kultursidan.nu\/index.php?rest_route=\/wp\/v2\/users\/1001006"}],"replies":[{"embeddable":true,"href":"https:\/\/www.kultursidan.nu\/index.php?rest_route=%2Fwp%2Fv2%2Fcomments&post=41592"}],"version-history":[{"count":1,"href":"https:\/\/www.kultursidan.nu\/index.php?rest_route=\/wp\/v2\/posts\/41592\/revisions"}],"predecessor-version":[{"id":41594,"href":"https:\/\/www.kultursidan.nu\/index.php?rest_route=\/wp\/v2\/posts\/41592\/revisions\/41594"}],"wp:attachment":[{"href":"https:\/\/www.kultursidan.nu\/index.php?rest_route=%2Fwp%2Fv2%2Fmedia&parent=41592"}],"wp:term":[{"taxonomy":"category","embeddable":true,"href":"https:\/\/www.kultursidan.nu\/index.php?rest_route=%2Fwp%2Fv2%2Fcategories&post=41592"},{"taxonomy":"post_tag","embeddable":true,"href":"https:\/\/www.kultursidan.nu\/index.php?rest_route=%2Fwp%2Fv2%2Ftags&post=41592"}],"curies":[{"name":"wp","href":"https:\/\/api.w.org\/{rel}","templated":true}]}}