{"id":41818,"date":"2019-06-04T11:17:40","date_gmt":"2019-06-04T10:17:40","guid":{"rendered":"https:\/\/intelligent-friend-7861.standoutwp.com\/?p=41818"},"modified":"2019-06-05T07:07:28","modified_gmt":"2019-06-05T06:07:28","slug":"magnus-johansson-samlar-sina-sanger","status":"publish","type":"post","link":"https:\/\/www.kultursidan.nu\/?p=41818","title":{"rendered":"Magnus Johansson samlar sina S\u00e5nger"},"content":{"rendered":"<p><img loading=\"lazy\" decoding=\"async\" class=\"alignnone size-medium wp-image-41821\" src=\"https:\/\/www.kultursidan.nu\/wp-content\/uploads\/2019\/06\/Gjort-skiva-jor-567x378.jpg\" alt=\"\" width=\"567\" height=\"378\" srcset=\"https:\/\/www.kultursidan.nu\/wp-content\/uploads\/2019\/06\/Gjort-skiva-jor-567x378.jpg 567w, https:\/\/www.kultursidan.nu\/wp-content\/uploads\/2019\/06\/Gjort-skiva-jor-768x512.jpg 768w, https:\/\/www.kultursidan.nu\/wp-content\/uploads\/2019\/06\/Gjort-skiva-jor-1024x682.jpg 1024w, https:\/\/www.kultursidan.nu\/wp-content\/uploads\/2019\/06\/Gjort-skiva-jor-150x100.jpg 150w, https:\/\/www.kultursidan.nu\/wp-content\/uploads\/2019\/06\/Gjort-skiva-jor-500x333.jpg 500w, https:\/\/www.kultursidan.nu\/wp-content\/uploads\/2019\/06\/Gjort-skiva-jor.jpg 1280w\" sizes=\"auto, (max-width: 567px) 100vw, 567px\" \/><br \/>\n<em>Gjort skiva, jor\u00e5! Tidigare s\u00e5 diskrete Magnus Johansson, kliver fram och ber\u00e4ttar om l\u00e5tskrivandet \u2013 typ romaner \u2013 efter vinterns sl\u00e4pp av S\u00e5nger fr\u00e5n Efterfesten #2. Mer kommer, solo, men framf\u00f6r allt med Efterfesten.<\/em><\/p>\n<p>&nbsp;<\/p>\n<h1><span style=\"color: #ff0000;\">H\u00f6r det ur h\u00e4stens mun<\/span><\/h1>\n<p>&nbsp;<\/p>\n<p>NORRK\u00d6PING &#8221;<strong>Jag g\u00f6r ju ny musik hela tiden!&#8221;<\/strong> Tidigare s\u00e5 tystl\u00e5tne Magnus Johansson i en intervju om vinterns soloplatta &#8221;S\u00e5nger fr\u00e5n Efterfesten #2.&#8221; Utbruten ur Efterfestens sammanhang k\u00e4nns det som han \u00e4r rockigast i g\u00e4nget.<\/p>\n<p><strong>Nej, Norrk\u00f6pings Grammisvinnare fr\u00e5n 1991 har inte f\u00f6rsvunnit.<\/strong> Har ni inte uppt\u00e4ckt att han sedan 2012 \u00e4r en av tre l\u00e5tskrivare i bandet Efterfesten \u00e4r ni bara att beklaga. Det \u00e4r delvis d\u00e4rf\u00f6r Magnus har samlat de senaste skivornas produktion i plattan \u201dS\u00e5nger fr\u00e5n Efterfesten #2\u201d som kom i vintras.<\/p>\n<p>\u2013 En del tror jag har f\u00f6rsvunnit, men jag g\u00f6r ju ny musik hela tiden!<\/p>\n<p><strong>Ja, senaste sl\u00e4ppet var Efterfestens EP \u201dSvart eller vitt\u201d i h\u00f6stas.<\/strong> Den \u00e4r ett f\u00f6rsmak av mastodontprojektet \u201dPolitik\u201d, fyra skivor p\u00e5 det temat som har sagts s\u00e4gas ska sl\u00e4ppas under 2019. Fast f\u00f6rsta delen, \u201dFrihet\u201d, skulle redan ha kommit, s\u00e5 det blir nog inte riktigt s\u00e5, s\u00e4ger Magnus.<\/p>\n<p>&nbsp;<\/p>\n<p><a title=\"Magnus Johansson\" href=\"https:\/\/www.flickr.com\/photos\/kultursidan\/47999399077\/in\/album-72157708919993167\/\"><img loading=\"lazy\" decoding=\"async\" src=\"https:\/\/live.staticflickr.com\/65535\/47999399077_d5e6f31422.jpg\" alt=\"Magnus Johansson\" width=\"500\" height=\"338\" \/><\/a><br \/>\n<em>Utan \u00e5th\u00e4vor. En man och hans gitarr, diskretionen sj\u00e4lv.<\/em><\/p>\n<p>&nbsp;<\/p>\n<p><strong>Jag blir faktiskt n\u00e4stan lite besviken n\u00e4r han tackar ja till en intervju, han var ju k\u00e4nd f\u00f6r att aldrig ge n\u00e5gra<\/strong>. Men det var f\u00f6rr det. Inf\u00f6r de tv\u00e5 f\u00f6rsta skivorna. Han hade ingen lust att syssla med marknadsf\u00f6ring. Musikproducenten Kjell Andersson p\u00e5 EMI gick med p\u00e5 det \u2013 om han var konsekvent och inte gjorde n\u00e5gra intervjuer, inte ens med folk han k\u00e4nde. S\u00e5 det blev hans signum. Det var v\u00e4l bara den d\u00e4r artikeln som en v\u00e4n skrev i lokaltidningen, omarbetad till \u201drykten\u201d som var undantaget. Jag ska inte s\u00e4ga vem det var, men han \u00e4r numera kulturchef p\u00e5 \u00d6stg\u00f6ta Media.<\/p>\n<p>\u2013 Plura kallade mig \u00d6stg\u00f6ta-Garbo.<\/p>\n<p><strong>Men nu \u00e4r Magnus talf\u00f6r som f\u00e5, s\u00e4rskilt om den egna musiken.<\/strong> Skriver g\u00f6r han ocks\u00e5. Vore jag bara aningen latare skulle jag kopiera hans texter om varje ny l\u00e5t rakt av. Men jag f\u00e5r f\u00f6r mig att det vore d\u00e5lig journalistik. Ni f\u00e5r leta upp dom sj\u00e4lva p\u00e5 hans Facebook-sida (l\u00e4nk nedan). Jag tror \u00e4nd\u00e5 inte att jag kan beskriva dom b\u00e4ttre. H\u00f6r det ur h\u00e4stens mun, s\u00e5 att s\u00e4ga.<\/p>\n<p><strong>Det \u00e4r sju l\u00e5tar och de flesta hade jag h\u00f6rt tidigare.<\/strong> Faktum \u00e4r att <em>Stj\u00e4rna i huvudet<\/em> g\u00e5r inte att f\u00e5 ur huvudet n\u00e4r man v\u00e4l h\u00f6rt den. Den \u00e4r en veritabel roman (som tog tre \u00e5r att skriva).<\/p>\n<p>\u2013 Leif Stenboms l\u00e5tar \u00e4r noveller, Tobias Almborg skriver lyrik, och jag g\u00f6r romaner, ber\u00e4ttar han.<\/p>\n<p>Nu n\u00e4r man h\u00f6r Magnus l\u00e5tar utbrutna k\u00e4nns det ocks\u00e5 som han \u00e4r den rockigaste av Efterfestens tre l\u00e5tskrivare\/s\u00e5ngare.<\/p>\n<p>\u2013 L\u00e5tarna kommer i en annan kontext n\u00e4r det bara \u00e4r mina. Det blir annorlunda, men inte b\u00e4ttre eller s\u00e4mre.<\/p>\n<p>&nbsp;<\/p>\n<p><a title=\"Magnus Johansson\" href=\"https:\/\/www.flickr.com\/photos\/kultursidan\/47999350492\/in\/album-72157708919993167\/\"><img loading=\"lazy\" decoding=\"async\" src=\"https:\/\/live.staticflickr.com\/65535\/47999350492_f334dfe443.jpg\" alt=\"Magnus Johansson\" width=\"500\" height=\"333\" \/><\/a><br \/>\n<em>&#8221;L\u00e5ter som ett D.&#8221; Magnus Johansson skriver musik hela tiden.<\/em><\/p>\n<p>&nbsp;<\/p>\n<p><strong>Texterna \u00e4r, som sagt, viktiga.<\/strong> Magnus talar sig varm f\u00f6r de h\u00e4ften som brukar f\u00f6lja med samlingsboxar, och snart hamnar vi i n\u00f6rdiga diskussioner om musikerbiografier. Ord. Det \u00e4r viktigt med ord.<\/p>\n<p>Sverigedemokraterna retade upp honom genom att anv\u00e4nda en av hans l\u00e5tar som pausmusik i Almedalen. Han svarar med tonsatta ord h\u00e4r p\u00e5 skivan (fr\u00e5n b\u00f6rjan en singel med Efterfesten).<\/p>\n<p style=\"padding-left: 80px;\"><em>Se det h\u00e4r som ett brev fr\u00e5n mig till dig<\/em><br \/>\n<em>Jag orkar inte bry mig om att kolla upp din adress<\/em><br \/>\n<em>s\u00e5 jag skriver en s\u00e5ng ist\u00e4llet och jag hoppas att<\/em><br \/>\n<em>du h\u00f6r den p\u00e5 radion n\u00e4r du sitter d\u00e4r ensam n\u00e5n natt<\/em><br \/>\n<em>med dina folkdr\u00e4kter och j\u00e4rnr\u00f6r<\/em><\/p>\n<p><strong>Nu spelas nog Efterfesten, tyv\u00e4rr, lite f\u00f6r s\u00e4llan p\u00e5 radio.<\/strong> Med str\u00f6mmande musik beh\u00f6ver man dock inte sitta vid sin apparat och v\u00e4nta. Magnus Johansson har sl\u00e4ppt ett lysande album \u2013 leta upp det. Forts\u00e4tt sedan med resten av Efterfestens skivor i v\u00e4ntan p\u00e5 den stora dunsen n\u00e4r de fyra nya plattorna hamnar p\u00e5 ett Internet n\u00e4ra dig.<\/p>\n<p>\u2013 Min Spotifysida har 16.000 bes\u00f6kare per m\u00e5nad. Efterfesten har inte ens en procent av det antalet. Den nya skivan \u00e4r ocks\u00e5 ett f\u00f6rs\u00f6k att styra \u00f6ver trafiken dit.<\/p>\n<p><em>\u00a9 Text: Michael Strandhed\u2028<\/em><br \/>\n<em>\u00a9 Foto: Michael Strandhed<br \/>\n\u00a9 Pressbild: Magnus Johansson<br \/>\n<\/em><\/p>\n<blockquote>\n<h4>ALBUM<a title=\"Magnus Johansson\" href=\"https:\/\/www.flickr.com\/photos\/kultursidan\/47999390846\/in\/album-72157708919993167\/\"><img loading=\"lazy\" decoding=\"async\" class=\"alignright imageNone\" src=\"https:\/\/live.staticflickr.com\/65535\/47999390846_0b5647281a_q.jpg\" alt=\"Magnus Johansson\" width=\"150\" height=\"150\" \/><\/a><\/h4>\n<p><strong>S\u00e5nger fr\u00e5n Efterfesten #2<\/strong><br \/>\nMagnus Johansson<br \/>\n2019<\/p>\n<p>L\u00c5TLISTA<br \/>\nStj\u00e4rna i huvudet<br \/>\nF\u00f6r dom vi skickar tillbaks<br \/>\nDet borde kosta<br \/>\nKomet<br \/>\nK\u00f6p en lott<br \/>\nGudomlig intervention<br \/>\nSvart eller vitt<\/p><\/blockquote>\n<p>L\u00c4NKAR<br \/>\nMagnus Johansson <a href=\"https:\/\/www.facebook.com\/Magnus-Johansson-1584250401864789\/\" target=\"_blank\" rel=\"noopener noreferrer\">Facebook<\/a> <a href=\"https:\/\/soundcloud.com\/magnus-johansson-official\/sets\/sanger-fran-efterfesten-2\" target=\"_blank\" rel=\"noopener noreferrer\">Soundcloud<\/a> <a href=\"https:\/\/open.spotify.com\/album\/5H0S9axNCyRYCuuJfY160i?si=-SQj-uksTDisCgCmg2RJVw&amp;fbclid=IwAR1daKXuOTII1sYy_HEaTYQcr6SVXVsYuKqIWXzif6ak0nyFh6HrF0eoRp4\" target=\"_blank\" rel=\"noopener noreferrer\">Spotify<\/a> <a href=\"https:\/\/www.facebook.com\/magnus.johansson.758\/posts\/2557308580950294\" target=\"_blank\" rel=\"noopener noreferrer\">om l\u00e5tarna<\/a><br \/>\nEfterfesten <a href=\"http:\/\/efterfesten.info\" target=\"_blank\" rel=\"noopener noreferrer\">hemsida<\/a> <a href=\"https:\/\/www.facebook.com\/EfterfestenGQ\/\" target=\"_blank\" rel=\"noopener noreferrer\">Facebook<\/a> <a href=\"https:\/\/open.spotify.com\/album\/4zSTAJySjyA9U2AiAOdaDz?si=elzktPcGS0SQOdfi5FVQaw\" target=\"_blank\" rel=\"noopener noreferrer\">Spotify<\/a><br \/>\nGramtone <a href=\"https:\/\/www.gramtone.se\/\" target=\"_blank\" rel=\"noopener noreferrer\">hemsida<\/a> <a href=\"https:\/\/www.gramtone.se\/artister.html#.XPY9rXuezUI\" target=\"_blank\" rel=\"noopener noreferrer\">artister<\/a><\/p>\n<p>Efterfesten fixar f\u00f6rfest innan valet <a href=\"https:\/\/www.kultursidan.nu\/?p=37965\" target=\"_blank\" rel=\"noopener noreferrer\">recension<\/a> Kultursidan.nu 3\/9 2018<br \/>\nPedagogiskt skivsl\u00e4pp med Efterfesten <a href=\"https:\/\/www.kultursidan.nu\/?p=24597\" target=\"_blank\" rel=\"noopener noreferrer\">recension<\/a> Kultursidan.nu 31\/3 2016<\/p>\n","protected":false},"excerpt":{"rendered":"<p>NORRK\u00d6PING Jag g\u00f6r ju ny musik hela tiden! Tidigare s\u00e5 tystl\u00e5tne Magnus Johansson i en intervju om vinterns soloplatta S\u00e5nger fr\u00e5n Efterfesten #2. Utbruten ur Efterfestens sammanhang k\u00e4nns det som han \u00e4r rockigast i g\u00e4nget. <a class=\"continue-reading-link\" href=\"https:\/\/www.kultursidan.nu\/?p=41818\">L\u00e4s mer <span class=\"meta-nav\">&rarr; <\/span><\/a><\/p>\n","protected":false},"author":1001006,"featured_media":0,"comment_status":"closed","ping_status":"open","sticky":false,"template":"","format":"standard","meta":{"_jetpack_memberships_contains_paid_content":false,"footnotes":""},"categories":[7],"tags":[45,13],"class_list":["post-41818","post","type-post","status-publish","format-standard","hentry","category-norrkoping","tag-cd","tag-musik"],"jetpack_featured_media_url":"","jetpack_sharing_enabled":true,"_links":{"self":[{"href":"https:\/\/www.kultursidan.nu\/index.php?rest_route=\/wp\/v2\/posts\/41818","targetHints":{"allow":["GET"]}}],"collection":[{"href":"https:\/\/www.kultursidan.nu\/index.php?rest_route=\/wp\/v2\/posts"}],"about":[{"href":"https:\/\/www.kultursidan.nu\/index.php?rest_route=\/wp\/v2\/types\/post"}],"author":[{"embeddable":true,"href":"https:\/\/www.kultursidan.nu\/index.php?rest_route=\/wp\/v2\/users\/1001006"}],"replies":[{"embeddable":true,"href":"https:\/\/www.kultursidan.nu\/index.php?rest_route=%2Fwp%2Fv2%2Fcomments&post=41818"}],"version-history":[{"count":8,"href":"https:\/\/www.kultursidan.nu\/index.php?rest_route=\/wp\/v2\/posts\/41818\/revisions"}],"predecessor-version":[{"id":41843,"href":"https:\/\/www.kultursidan.nu\/index.php?rest_route=\/wp\/v2\/posts\/41818\/revisions\/41843"}],"wp:attachment":[{"href":"https:\/\/www.kultursidan.nu\/index.php?rest_route=%2Fwp%2Fv2%2Fmedia&parent=41818"}],"wp:term":[{"taxonomy":"category","embeddable":true,"href":"https:\/\/www.kultursidan.nu\/index.php?rest_route=%2Fwp%2Fv2%2Fcategories&post=41818"},{"taxonomy":"post_tag","embeddable":true,"href":"https:\/\/www.kultursidan.nu\/index.php?rest_route=%2Fwp%2Fv2%2Ftags&post=41818"}],"curies":[{"name":"wp","href":"https:\/\/api.w.org\/{rel}","templated":true}]}}