{"id":41852,"date":"2019-06-05T16:34:22","date_gmt":"2019-06-05T15:34:22","guid":{"rendered":"https:\/\/intelligent-friend-7861.standoutwp.com\/?p=41852"},"modified":"2019-06-27T11:05:17","modified_gmt":"2019-06-27T10:05:17","slug":"son-aret-firar-louis-de-geer-25-ar","status":"publish","type":"post","link":"https:\/\/www.kultursidan.nu\/?p=41852","title":{"rendered":"SON-\u00e5ret firar Louis De Geer 25 \u00e5r"},"content":{"rendered":"<p><img loading=\"lazy\" decoding=\"async\" class=\"alignnone size-medium wp-image-41853\" src=\"https:\/\/www.kultursidan.nu\/wp-content\/uploads\/2019\/06\/DSCF8287-567x378.jpg\" alt=\"\" width=\"567\" height=\"378\" srcset=\"https:\/\/www.kultursidan.nu\/wp-content\/uploads\/2019\/06\/DSCF8287-567x378.jpg 567w, https:\/\/www.kultursidan.nu\/wp-content\/uploads\/2019\/06\/DSCF8287-768x512.jpg 768w, https:\/\/www.kultursidan.nu\/wp-content\/uploads\/2019\/06\/DSCF8287-1024x683.jpg 1024w, https:\/\/www.kultursidan.nu\/wp-content\/uploads\/2019\/06\/DSCF8287-150x100.jpg 150w, https:\/\/www.kultursidan.nu\/wp-content\/uploads\/2019\/06\/DSCF8287-500x333.jpg 500w, https:\/\/www.kultursidan.nu\/wp-content\/uploads\/2019\/06\/DSCF8287.jpg 1200w\" sizes=\"auto, (max-width: 567px) 100vw, 567px\" \/><br \/>\n<em>Festst\u00e4mning. F\u00f6r konstn\u00e4rlige ledaren Henrik Marm\u00e9n bubblar hela det kommande spel\u00e5ret som han presenterade tillsammans med SON:s kommunikationschef Agneta Lindmark Thomas.<\/em><\/p>\n<p>&nbsp;<\/p>\n<h1><span style=\"color: #ff0000;\">&#8221;Hela \u00d6sterg\u00f6tlands orkester&#8221;<\/span><\/h1>\n<p>&nbsp;<\/p>\n<p>NORRK\u00d6PING <strong>De Geerhallen \u00e4r st\u00e4ngd f\u00f6r publiken.<\/strong> Norrk\u00f6pings Symfoniorkester tar snart semester. 18 augusti tar Rickard S\u00f6derberg \u00e4ntligen ton i Vasaparken. Kommande spel\u00e5r fylls av musik f\u00f6r alla, som vanligt. Schubert hyllas. Och konsert- och konferensbygget Louis De Geer.<\/p>\n<p><strong>\u00c4ntligen! Rickard S\u00f6derberg kommer till Musik i det gr\u00f6na.<\/strong> Picknickkonserten i Vasaparken \u00e4r ett folkn\u00f6je som fyller varje gr\u00e4spl\u00e4tt. Den riktiga s\u00e4songspremi\u00e4ren kommer n\u00e5gra veckor senare, med sopranen Camilla Tilling som solist.<\/p>\n<p>&nbsp;<\/p>\n<p><a title=\"Camilla Tilling med \u00d6stg\u00f6tamusiken och Staffan M\u00e5rtensson\" href=\"https:\/\/www.flickr.com\/photos\/kultursidan\/36143932120\/in\/album-72157708939070747\/\"><img loading=\"lazy\" decoding=\"async\" src=\"https:\/\/live.staticflickr.com\/4430\/36143932120_8f836dbd66.jpg\" alt=\"Camilla Tilling med \u00d6stg\u00f6tamusiken och Staffan M\u00e5rtensson\" width=\"500\" height=\"333\" \/><\/a><br \/>\n<em>Sopransolisten Camilla Tilling, ursprungligen fr\u00e5n Link\u00f6ping, kommer till SON:s s\u00e4songpremi\u00e4r 5 september.<\/em><\/p>\n<p>&nbsp;<\/p>\n<p><strong>Norrk\u00f6pings Symfoniorkesters program f\u00f6r det kommande spel\u00e5ret \u00e4r gediget.<\/strong> Programh\u00e4ftet \u00e4r fortfarande p\u00e5 48 sidor men nog har orkestern spelat sig djupare i den \u00f6stg\u00f6tska myllan, blivit alltmer sj\u00e4lvklar i Link\u00f6ping.<\/p>\n<p>\u2013 Vi har blivit hela \u00d6sterg\u00f6tlands orkester, s\u00e4ger Henrik Marm\u00e9n, orkesterns konstn\u00e4rlige ledare n\u00e4r han presenterar programmet i Louis De Geer en sen aprildag.<\/p>\n<p>Ta det som ett tecken att orkestern kommer till Vadstena i st\u00e4llet f\u00f6r att Vadstena-Akademiens solister kommer till De Geerhallen. I geng\u00e4ld saknas f\u00f6rra \u00e5rets l\u00e4nsturn\u00e9 till Finsp\u00e5ng, Motala och \u00c5tvidaberg i programmet\u2026<\/p>\n<p><strong>\u2013 Den viktigaste h\u00e4ndelsen i Symfoniorkesterns historia, sl\u00e5r Henrik Marm\u00e9n fast.<br \/>\n<\/strong><\/p>\n<p>St\u00f6rst och mest \u00e4r ju SON i De Geerhallen i Norrk\u00f6ping. En konsertsal i ett konsert- och konferenskomplex som firar 25-\u00e5rsjubileum i \u00e5r. Stadiga hyresg\u00e4sten SON uppvaktar dubbelt 10 och 12 oktober. F\u00f6rst med en klassisk konsert med dirigenten Leif Segerstam och pianosolisten Anna Fedorova i ett verk av Rachmaninov, en repris fr\u00e5n 1994.<\/p>\n<p>Tv\u00e5 dagar senare med artisterna Tommy K\u00f6rberg och Hanna von Spreti i s\u00e4llskap med dirigenten Hans Ek.<\/p>\n<p>&nbsp;<\/p>\n<p><a title=\"Benjamin Staern\" href=\"https:\/\/www.flickr.com\/photos\/kultursidan\/37432179290\/in\/album-72157708939070747\/\"><img loading=\"lazy\" decoding=\"async\" src=\"https:\/\/live.staticflickr.com\/4492\/37432179290_cabf24f855.jpg\" alt=\"Benjamin Staern\" width=\"500\" height=\"333\" \/><\/a><br \/>\n<em>Spelgl\u00e4dje. Karri\u00e4ren f\u00f6r tons\u00e4ttaren Benjamin Staern g\u00e5r spikrakt upp\u00e5t sedan succ\u00e9n med kammaroperan om konstn\u00e4ren Hilma av Klint. Fotot togs 2017 d\u00e5 SON spelade hans symfoni Polar Vortex.<br \/>\n<\/em><\/p>\n<p>&nbsp;<\/p>\n<p><strong>Med orden \u201dEtt str\u00e5k av Schubert\u201d presenteras \u00c5rets tons\u00e4ttare.<\/strong> Bland de konserter som kryddas av den \u00f6sterrikiske 1800-talsm\u00e4staren hittas en &#8221;18.00 hos oss&#8221; i januari, d\u00e5 f\u00f6rra \u00e5rets Artist in Residence Johan Dalene h\u00e4lsar p\u00e5 i Forellkvintetten.<\/p>\n<p><strong>Naturligtvis spelar SON ny musik ocks\u00e5 \u2013 och av svenska tons\u00e4ttare.<\/strong> Mer Allan Pettersson, popul\u00e4rt med Ted G\u00e4rdestad \u2013 albumet spelas live \u2013 men ocks\u00e5 musik av livs levande Benjamin Staern, f\u00f6dd 1978, och unge tons\u00e4ttaren Jacob M\u00fchlrad, f\u00f6dd 1991,<\/p>\n<p><strong>Tillsammans med m\u00e5nga fler konserter.<\/strong> Fylliga i abonnemangsserierna, of\u00e4rdiga i form av \u00f6ppna repetitioner. Julkonserter. Skolkonserter. Kaffekonserter. Gratiskonserter. Projekt med Scenkonst \u00d6sts syskon \u00d6stg\u00f6tateatern. You name it!<\/p>\n<p>Ovanp\u00e5 allt detta forts\u00e4tter orkestern sitt f\u00f6rdjupade samarbete med De Geergymnasiets musikelever, med unga skolelever genom El Sistema i Motala och Norrk\u00f6ping, med Sportlovsorkestern, med musikh\u00f6gskolor och Vadstena-Akademien och mycket mer. Spel\u00e5ret avslutas med Stenhammart\u00e4vlingens <em>Finalkonsert<\/em>.<\/p>\n<p>&nbsp;<\/p>\n<p><a title=\"Agneta Lindmark Thomas och Henrik Marm\u00e9n\" href=\"https:\/\/www.flickr.com\/photos\/kultursidan\/48007793633\/in\/album-72157708939070747\/\"><img loading=\"lazy\" decoding=\"async\" src=\"https:\/\/live.staticflickr.com\/65535\/48007793633_f555b46a29.jpg\" alt=\"Agneta Lindmark Thomas och Henrik Marm\u00e9n\" width=\"500\" height=\"333\" \/><\/a><br \/>\n<em>\u00c4nnu inget ess ur \u00e4rmen. Henrik Marm\u00e9n kommer inte l\u00e4ngre \u00e4n till att samtal f\u00f6rs med presumtiva chefsdirigenter.<\/em><\/p>\n<p>&nbsp;<\/p>\n<p><strong>Det enda som saknas \u00e4r en chefdirigent.<\/strong> Det har g\u00e5tt tre \u00e5r sedan Michael Francis l\u00e4mnade Norrk\u00f6ping. M\u00e5nga dirigenter har n\u00f6tt pulten sedan dess.<\/p>\n<p>\u2013 Vi letar. Varje g\u00e5ng vi g\u00e4stas av en ny dirigent s\u00e5 funderar vi. Vi f\u00f6r samtal med ett par men det ska klicka med orkestern och fungera \u00f6ver l\u00e5ng tid. Inte den h\u00e4r s\u00e4songen som kommer, kanske n\u00e4sta.<\/p>\n<p><em>\u00a9 Text och foto: Ann-Charlotte Sandelin\u2028<\/em><\/p>\n<blockquote><p>NORRK\u00d6PINGS SYMFONIORKESTER<\/p>\n<p><strong>S\u00e4songen 2019-2020<\/strong><br \/>\nKonserter och program<br \/>\nI Norrk\u00f6ping, Link\u00f6ping och Vadstena<\/p><\/blockquote>\n<p>L\u00c4NKAR<br \/>\nNorrk\u00f6pings symfoniorkester <a href=\"http:\/\/www.norrkopingssymfoniorkester.se\" target=\"_blank\" rel=\"noopener noreferrer\">hemsida<\/a> <a href=\"https:\/\/www.facebook.com\/norrkoping.symphony\/?fref=ts\" target=\"_blank\" rel=\"noopener noreferrer\">Facebook<\/a><\/p>\n","protected":false},"excerpt":{"rendered":"<p>NORRK\u00d6PING De Geerhallen \u00e4r st\u00e4ngd f\u00f6r publiken. Norrk\u00f6pings Symfoniorkester tar snart semester. 18 augusti tar Rickard S\u00f6derberg \u00e4ntligen ton i Vasaparken. Kommande spel\u00e5r fylls av musik f\u00f6r alla, som vanligt. Schubert hyllas. Och konsert- och konferensbygget Louis De Geer. <a class=\"continue-reading-link\" href=\"https:\/\/www.kultursidan.nu\/?p=41852\">L\u00e4s mer <span class=\"meta-nav\">&rarr; <\/span><\/a><\/p>\n","protected":false},"author":1001006,"featured_media":0,"comment_status":"closed","ping_status":"open","sticky":false,"template":"","format":"standard","meta":{"_jetpack_memberships_contains_paid_content":false,"footnotes":""},"categories":[7],"tags":[13],"class_list":["post-41852","post","type-post","status-publish","format-standard","hentry","category-norrkoping","tag-musik"],"jetpack_featured_media_url":"","jetpack_sharing_enabled":true,"_links":{"self":[{"href":"https:\/\/www.kultursidan.nu\/index.php?rest_route=\/wp\/v2\/posts\/41852","targetHints":{"allow":["GET"]}}],"collection":[{"href":"https:\/\/www.kultursidan.nu\/index.php?rest_route=\/wp\/v2\/posts"}],"about":[{"href":"https:\/\/www.kultursidan.nu\/index.php?rest_route=\/wp\/v2\/types\/post"}],"author":[{"embeddable":true,"href":"https:\/\/www.kultursidan.nu\/index.php?rest_route=\/wp\/v2\/users\/1001006"}],"replies":[{"embeddable":true,"href":"https:\/\/www.kultursidan.nu\/index.php?rest_route=%2Fwp%2Fv2%2Fcomments&post=41852"}],"version-history":[{"count":5,"href":"https:\/\/www.kultursidan.nu\/index.php?rest_route=\/wp\/v2\/posts\/41852\/revisions"}],"predecessor-version":[{"id":41930,"href":"https:\/\/www.kultursidan.nu\/index.php?rest_route=\/wp\/v2\/posts\/41852\/revisions\/41930"}],"wp:attachment":[{"href":"https:\/\/www.kultursidan.nu\/index.php?rest_route=%2Fwp%2Fv2%2Fmedia&parent=41852"}],"wp:term":[{"taxonomy":"category","embeddable":true,"href":"https:\/\/www.kultursidan.nu\/index.php?rest_route=%2Fwp%2Fv2%2Fcategories&post=41852"},{"taxonomy":"post_tag","embeddable":true,"href":"https:\/\/www.kultursidan.nu\/index.php?rest_route=%2Fwp%2Fv2%2Ftags&post=41852"}],"curies":[{"name":"wp","href":"https:\/\/api.w.org\/{rel}","templated":true}]}}