{"id":41877,"date":"2019-06-06T20:01:19","date_gmt":"2019-06-06T19:01:19","guid":{"rendered":"https:\/\/intelligent-friend-7861.standoutwp.com\/?p=41877"},"modified":"2020-10-17T00:42:35","modified_gmt":"2020-10-16T23:42:35","slug":"musiksommaren-i-ostra-ostergotland","status":"publish","type":"post","link":"https:\/\/www.kultursidan.nu\/?p=41877","title":{"rendered":"Musiksommaren i \u00f6stra \u00d6sterg\u00f6tland"},"content":{"rendered":"<p>PRO i parken<\/p>\n<p><img loading=\"lazy\" decoding=\"async\" class=\"alignnone\" src=\"https:\/\/live.staticflickr.com\/4516\/26391306179_e4f1e1288a_z.jpg\" alt=\"Timo R\u00e4is\u00e4nen\" width=\"640\" height=\"427\" \/><br \/>\n<em>\u00c5terv\u00e4ndare. &#8221;Han har en nerv i r\u00f6sten som ber\u00f6r, han sjunger fr\u00e5n hj\u00e4rtat&#8221; skrev v\u00e5r recensent n\u00e4r Timo R\u00e4is\u00e4nen spelade p\u00e5 Arbis 2017. I sommar spelar han p\u00e5 Kvarnberget i Ark\u00f6sund.<\/em><\/p>\n<p>&nbsp;<\/p>\n<h1><span style=\"color: #ff0000;\">Vem lyssnar du p\u00e5?<br \/>\n<\/span><\/h1>\n<p>&nbsp;<\/p>\n<p>NORRK\u00d6PING\/ FINSP\u00c5NG\/ S\u00d6DERK\u00d6PING\/ VALDEMARSVIK <strong>Sommarmusik handlar inte om kontroll utan om att \u00f6ppna fler sinnen.<\/strong> Vem v\u00e4ljer du att lyssna p\u00e5? Start med Boogaloos jazzfestival. Avslut med NoMeMus och S\u00f6derk\u00f6pings g\u00e4stabud. Sommaren bor d\u00e4remellan.<\/p>\n<p><strong>Fast egentligen har den redan b\u00f6rjat.<\/strong> Sommaren allts\u00e5. F\u00e4rnvall &amp; T\u00e4rnl\u00f6f sl\u00e4pper skiva, <em>Kontakt,<\/em> 7 juni. Kv\u00e4llen d\u00e4rp\u00e5 8 juni g\u00e4star Refugees of Rap Dynamo i kulturkvarteret Hallarna.<\/p>\n<p><strong>Mer kommer, som stilla juniregn eller skvalande i juli.<\/strong> \u00c4ven om Kultursidan.nu dr\u00f6jer p\u00e5 steget till sommaren s\u00e5 fyller vi p\u00e5 listan. S\u00e5 v\u00e4lkommen tillbaka. V\u00e4lkommen att tipsa om ditt evenemang.<\/p>\n<p><em>\u00a9 Text: Ann-Charlotte Sandelin\u2028<\/em><br \/>\n<em>\u00a9 Arkivfoto: Human Golmohammadi, Sven \u00c5ke Molund och Ann-Charlotte Sandelin<\/em><\/p>\n<p>&nbsp;<\/p>\n<p><img loading=\"lazy\" decoding=\"async\" class=\"alignnone\" src=\"https:\/\/live.staticflickr.com\/7432\/27875361280_ff97bf8ec5_z.jpg\" alt=\"Lotta K\u00e4llstr\u00f6m\" width=\"500\" height=\"333\" \/><br \/>\n<em>M\u00e5ngas favorit. H\u00e5rt arbetande Lotta K\u00e4llstr\u00f6m har en repertoar med bredd. I sommar kommer hon till Alls\u00e5ngen i Folkets park som ersatt Borgsruinen.<\/em><\/p>\n<blockquote>\n<h4>MUSIKSOMMAREN 2019<\/h4>\n<h4>\u00d6stra \u00d6sterg\u00f6tland<\/h4>\n<p><strong>NORRK\u00d6PING<\/strong><\/p>\n<p style=\"padding-left: 40px;\">BOOGALOO JAZZFESTIVAL<br \/>\n15 juni kl 16\u201300<br \/>\n<strong>L\u00e5ng dags f\u00e4rd mot kv\u00e4ll<\/strong> Kn\u00e4ppingen <a href=\"https:\/\/www.facebook.com\/events\/293498338226021\/\" target=\"_blank\" rel=\"noopener noreferrer\">FB-evenemang<\/a><\/p>\n<p style=\"padding-left: 80px;\"><strong>Vivian Buczek <\/strong><br \/>\n<strong>Christina von B\u00fclow<\/strong><br \/>\n<strong>S\u00f8rensen\/Henriksson\/Funch<\/strong><br \/>\n<strong>Styrelsen<\/strong><br \/>\nJam<\/p>\n<p style=\"padding-left: 40px;\">KN\u00c4PPINGSBORG<br \/>\n3\u201331 juli kl 20<br \/>\n<strong>Musikkv\u00e4llar<\/strong><\/p>\n<p style=\"padding-left: 80px;\">3\/7\u00a0 <strong>Linn Koch-Emmery<br \/>\n<\/strong>10\/7\u00a0 <strong>Billie the Vision &amp; The Dancers<\/strong><br \/>\n17\/7\u00a0 <strong>Hanna J\u00e4rver<br \/>\n<\/strong>23\/7 <strong>Bruno Mitsogiannis<br \/>\n<\/strong>31\/7\u00a0 <strong>Stefan Wikstr\u00f6m &amp; Memphis<br \/>\n<\/strong><\/p>\n<p style=\"padding-left: 40px;\">PRO:s ALLS\u00c5NGSKV\u00c4LLAR<br \/>\n3\u201331 juli<br \/>\n<strong>Alls\u00e5ngskv\u00e4llar<\/strong> i Folkets park<\/p>\n<p style=\"padding-left: 80px;\">3\/7\u00a0 <strong>Glade Glenn, Karin Karlsson, Maja Dus\u00e9n<br \/>\n<\/strong>10\/7\u00a0 <strong>Lotta K\u00e4llstr\u00f6m, Stefan Wikstr\u00f6m<\/strong>, m.fl.<br \/>\n17\/7\u00a0 <strong>Ulf Holmertz, Marcus Fyrberg, Carina Perenkranz<br \/>\n<\/strong>24\/7 <strong>Glade Glenn, Towe Widerberg, Jessica, Alice Brogren<br \/>\n<\/strong>31\/7\u00a0 <strong>\u00c5sa Sj\u00f6berg, Claes L\u00f6vgren, Isabella Swartz<\/strong><\/p>\n<p style=\"padding-left: 40px;\">ALLS\u00c5NG VID BR\u00c5DTOM SLUSS<br \/>\nkl 18<br \/>\nProd: Waow Production<\/p>\n<p style=\"padding-left: 80px;\">4\/7 <strong>Marcus &amp; Clara Fyrberg<\/strong> med g\u00e4ster<br \/>\n11\/7 <strong>Marcus &amp; Clara Fyrberg<\/strong> med g\u00e4ster<br \/>\n18\/7 <strong>Marcus &amp; Clara Fyrberg<\/strong> med g\u00e4ster<\/p>\n<p style=\"padding-left: 40px;\">KLUBB REPUBLIK<br \/>\n4\u201325 juli<br \/>\n<strong>Pop\/rock<\/strong> p\u00e5 Kn\u00e4ppingen <a href=\"https:\/\/www.facebook.com\/events\/464018951033385\/\" target=\"_blank\" rel=\"noopener noreferrer\">FB-evenemang<\/a><\/p>\n<p style=\"padding-left: 80px;\">4\/7 <strong>Laser &amp; bas<\/strong><br \/>\n18\/7 <strong>Simon Kuylenstierna &amp; Agnes<\/strong><\/p>\n<p style=\"padding-left: 40px;\">KVARNBERGET, ARK\u00d6SUND<br \/>\n10\u201331 juli kl 19<br \/>\n<strong>Viskv\u00e4llar<\/strong> <a href=\"http:\/\/upplevarkosund.se\/events\/\" target=\"_blank\" rel=\"noopener noreferrer\">info<\/a><\/p>\n<p style=\"padding-left: 80px;\">\u202810\/7 <strong>Kicki Danielsson<\/strong><br \/>\n17\/7 <strong>Timo R\u00e4is\u00e4nen<\/strong><br \/>\n24\/7 <strong>Bruno Mitsogiannis\u2028<\/strong><br \/>\n31\/7 <strong>Nanne Gr\u00f6nvall<\/strong><\/p>\n<p style=\"padding-left: 40px;\">O-RINGEN<br \/>\nVecka 30<\/p>\n<p style=\"padding-left: 80px;\"><strong>O-ringenk\u00f6ren<\/strong> \u00f6var i Himmelstalundshallen<\/p>\n<p style=\"padding-left: 80px;\">20\/7 kl 20<br \/>\n<strong>Musikall\u00e5ter med Malin Singels\u00f6 och Fredrik Ing\u00e5<\/strong><br \/>\nLigga i b\u00e4nkenkonsert<br \/>\nMatteus kyrka<\/p>\n<p style=\"padding-left: 80px;\">23\/7 kl 20<br \/>\n<strong>Musik av Bj\u00f6rn J:son Lindh med Fredrik Ing\u00e5 och Johan Sj\u00f6sten<\/strong><br \/>\nLigga i b\u00e4nkenkonsert<br \/>\nMatteus kyrka<\/p>\n<p style=\"padding-left: 40px;\">HUGO PARKFESTIVAL<br \/>\n24\u201327 juli<br \/>\nHugo <a href=\"https:\/\/www.facebook.com\/events\/2339209999631992\/\" target=\"_blank\" rel=\"noopener noreferrer\">FB-evenemang<\/a><\/p>\n<p style=\"padding-left: 80px;\">24\/7 <strong>Fricky, Timbuktu, Way To Lie<\/strong><br \/>\n25\/7 <strong>Markoolio, Hoffmaestro, DeVetDu, Eleonor Leone<\/strong><br \/>\n26\/7 <strong>Miryam Bryant, Mares, Linnea Henriksson, Norra Promenaden<\/strong><br \/>\n27\/7 <strong>Hov1, Vigiland, Veronica Maggio, Donika Nimani<\/strong><\/p>\n<p style=\"padding-left: 40px;\">ALLS\u00c5NG P\u00c5 F\u00c4RGARG\u00c5RDEN<br \/>\nkl 18<br \/>\nProd: Waow Production<\/p>\n<p style=\"padding-left: 80px;\">29\/7 <strong>Marcus &amp; Clara Fyrberg<\/strong> med g\u00e4ster<br \/>\n5\/8 <strong>Marcus &amp; Clara Fyrberg<\/strong> med g\u00e4ster<\/p>\n<p style=\"padding-left: 40px;\">\u00d6STERG\u00d6TLANDS MUSIKDAGAR\/NORRK\u00d6PING<br \/>\n10\u201317 augusti <a href=\"http:\/\/musikdagar.com\" target=\"_blank\" rel=\"noopener noreferrer\">hemsida<\/a> <a href=\"https:\/\/www.facebook.com\/musikdagarna\/\" target=\"_blank\" rel=\"noopener noreferrer\">Facebook<\/a><\/p>\n<p style=\"padding-left: 80px;\">12\/8 kl 19<br \/>\n<strong>Treitlerkvartetten<\/strong><br \/>\nMusik av B\u00e4ck, Gubaidulina, Bart\u00f3k<br \/>\nSamarr: Annan musik<br \/>\nCrescendo<\/p>\n<p style=\"padding-left: 80px;\">13\/8 kl 10<br \/>\n<strong>Under ett rabarberblad<\/strong><br \/>\nBarnkonsert, f\u00f6r 2\u20136 \u00e5r<br \/>\nKonstmuseet<\/p>\n<p style=\"padding-left: 80px;\">13\/8 kl 19<br \/>\n<strong>A Revelation Mass<\/strong><br \/>\nLink\u00f6pings Damk\u00f6r, \u00d6stg\u00f6ta Brasskvintett.<br \/>\nDir: Elias Aaron Johansson.<br \/>\nHedvigs kyrka<\/p>\n<p style=\"padding-left: 80px;\">14\/8 kl 19<br \/>\n<strong>Claes Janson och \u00d6stg\u00f6tabandet<\/strong><br \/>\nJazz\/Blues<br \/>\nCrescendo<\/p>\n<p style=\"padding-left: 80px;\">16\/8 kl 12.30<br \/>\n<strong>Mellan\u00f6sterns musik med Fadi Kattini, oud<\/strong><br \/>\nSoppkonsert<br \/>\nKonstmuseet<\/p>\n<p style=\"padding-left: 80px;\">17\/8 kl 15<br \/>\n<strong>Tobias Carron, fl\u00f6jt, Per Skareng, gitarr<\/strong><br \/>\nMusik av Bellman, C Ph E Bach, Granados, Villa-Lobos.<br \/>\nG\u00e4stabudssalen, L\u00f6fstad slott<\/p>\n<p style=\"padding-left: 40px;\">AUGUSTIFESTEN<br \/>\n15\u201318 augusti<br \/>\n<strong>Stadsfest<\/strong> i centrala Norrk\u00f6ping <a href=\"https:\/\/upplev.norrkoping.se\/sv\/group\/augustifesten-2019\" target=\"_blank\" rel=\"noopener noreferrer\">Hemsida<\/a> <a href=\"https:\/\/www.facebook.com\/Augustifesten\/\" target=\"_blank\" rel=\"noopener noreferrer\">Facebook<\/a><br \/>\nActionsport, Bakluckeloppis, Bondauktion, Familjedag, Flimmer utomhusbio, Gamezone, Idrott, Marknad, Matmarknad, Tivoli, m.m.<\/p>\n<p style=\"padding-left: 80px;\">15\/8<br \/>\n<strong>Rix FM<\/strong> kl (14)19\u201323.59 Vasaparken <strong>Molly Sand\u00e9n, Mohombi, Anna Bergendahl, Lina Hedlund, Sandro Cavazza, Wiktoria, Bishara, Leia, Estraden<\/strong><br \/>\n<strong>Lokala musikakter<\/strong> kl 16\u201322 Kungsg\u00e5rdsscenen (Kristinaskolan vid S\u00f6der Tull)<br \/>\n<strong>Jack Vreeswijk<\/strong> kl 20 Refvens grund<\/p>\n<p style=\"padding-left: 80px;\">16\/8<br \/>\n<strong>Lokala musikakter<\/strong> kl 14\u201322 Kungsg\u00e5rdsscenen (Kristinaskolan vid S\u00f6der Tull)<br \/>\n<strong>PRO i parken<\/strong> kl 12\u201322 Refvens grund<br \/>\n<strong>Miss Li<\/strong> kl 20 Vasaparken<br \/>\n<strong>Lalles Bodega<\/strong> kl 18, 21.30, 22.45 Vasaparken, Lilla scenen<\/p>\n<p style=\"padding-left: 80px;\">17\/8<br \/>\n<strong>Lokala musikakter<\/strong> kl 14\u201322 Kungsg\u00e5rdsscenen (Kristinaskolan vid S\u00f6der Tull)<br \/>\n<strong>PRO i parken<\/strong> kl 12\u201322 Refvens grund<br \/>\n<strong>Peter &amp; Bruno<\/strong> kl 20 Vasaparken<br \/>\n<strong>Lalles Bodega<\/strong> kl 18, 21.30, 22.45 Vasaparken, Lilla scenen<\/p>\n<p style=\"padding-left: 80px;\">18\/8<br \/>\n<strong>Musik i det gr\u00f6na \u2013 Norrk\u00f6pings symfoniorkester med Rickard S\u00f6derberg<\/strong> kl 16 Vasaparken<\/p>\n<p style=\"padding-left: 40px;\">KNICKEDICK<br \/>\n17 augusti<br \/>\n<strong>G\u00e5rdsfest<\/strong> i Hallarna <a href=\"http:\/\/www.knickedick.net\" target=\"_blank\" rel=\"noopener noreferrer\">hemsida<\/a><\/p>\n<p style=\"padding-left: 80px;\"><strong>Caesars, Honungsv\u00e4gen, <\/strong><br \/>\n<strong>Norra Promenaden, Ocean\u2019s Oath, <\/strong><br \/>\nDJ<strong> Emma<\/strong><\/p>\n<p><strong>FINSP\u00c5NG<\/strong><\/p>\n<p style=\"padding-left: 40px;\">H\u00c4LLESTADS KYRKA<br \/>\n21 juni kl 23<br \/>\n<strong>Musik i midsommarnatten<br \/>\n<\/strong><\/p>\n<p style=\"padding-left: 40px;\">JOAN\u2019S<br \/>\n13 juli kl 20<br \/>\n<strong>Markus Kruneg\u00e5rd<\/strong><\/p>\n<p style=\"padding-left: 40px;\">HUGO<br \/>\n27 juli kl 20<br \/>\n<strong>Moderna Tider<\/strong> \u2013 Tributeband <a href=\"https:\/\/www.facebook.com\/events\/317962422213859\/\" target=\"_blank\" rel=\"noopener noreferrer\">FB-evenemang<\/a><\/p>\n<p style=\"padding-left: 40px;\">SKOGSR\u00d6JET<br \/>\n2\u20133 augusti<br \/>\n<strong>Rockfestival<\/strong> i Rejmyre <a href=\"https:\/\/www.skogsrojet.se\/\" target=\"_blank\" rel=\"noopener noreferrer\">hemsida<\/a><\/p>\n<p style=\"padding-left: 80px;\">2\/8<br \/>\n<strong>Liv Sin, Wayward Sons, Primal Fear, <\/strong><br \/>\n<strong>Mustasch, Gamma Ray, Glenn Hughes, <\/strong><br \/>\n<strong>Uriah Heep, Airbourne, Accept, Sarea<\/strong><\/p>\n<p style=\"padding-left: 80px;\">3\/8<br \/>\n<strong>Man Machine Industry, Gathering of Kings, Demon, <\/strong><br \/>\n<strong>Helix, Amaranthe, Venom, The Darkness, <\/strong><br \/>\n<strong>Backyard Babies, Avantasia, Nashville Pussy<\/strong><\/p>\n<p style=\"padding-left: 40px;\">GRUVSTUGAN, H\u00c4LLESTAD<br \/>\n7 september kl 15<br \/>\n<strong>Per S\u00f6rman<\/strong> sjunger Dan Andersson <a href=\"http:\/\/www.gruvspelet.se\/\" target=\"_blank\" rel=\"noopener noreferrer\">hemsida<\/a><\/p>\n<p><strong>S\u00d6DERK\u00d6PING<\/strong><\/p>\n<p style=\"padding-left: 40px;\">MUSIK &amp; DANS<br \/>\n15 juni<br \/>\n<strong>Gatufestival<\/strong> <a href=\"https:\/\/media.basetool.se\/file\/11477\/Programaffisch-Musik-dans-2019.pdf\" target=\"_blank\" rel=\"noopener noreferrer\">info<\/a><\/p>\n<p style=\"padding-left: 80px;\"><strong>Memphis Maffia, Hard Cash, OrkesThergruppen,<\/strong><br \/>\n<strong>S\u00f6derk\u00f6pings Storband, Locktoner, <\/strong><br \/>\n<strong>Gatumusikanter,<\/strong> med flera.<br \/>\n<strong>Danskompanier<\/strong>.<\/p>\n<p style=\"padding-left: 40px;\">SOMMARKV\u00c4LLSMUSIK<br \/>\nS:t Laurentii kyrka, torsdagar kl 19<\/p>\n<p style=\"padding-left: 80px;\">27\/6<br \/>\n<strong>Matinkvartetten <\/strong>\u2013 klassisk str\u00e5kmusik<strong><br \/>\n<\/strong> Mats Eriksson, Mats Strand, Malin Bratt och Ingrid \u00c5kerblom <strong><br \/>\n<\/strong><\/p>\n<p style=\"padding-left: 80px;\">4\/7<br \/>\n<strong>Nordic Harpa Duo<\/strong> \u2013 klassisk\/modern f\u00f6r harpa<br \/>\nMaria Sidorova och Margareta Nilsson<\/p>\n<p style=\"padding-left: 80px;\">11\/7<br \/>\n<strong>Musik f\u00f6re skymning<\/strong> \u2013 Visor p\u00e5 svenska<br \/>\nLisa Tilling och Fredrik T\u00f6rnvall<\/p>\n<p style=\"padding-left: 80px;\">18\/7<br \/>\n<strong>De stora fl\u00f6jtm\u00e4starna<\/strong> \u2013 kammarmusik fr\u00e5n barocken<br \/>\nMaria-Letizia Pizzato,, Lorenzo Parravicini, Lars Forslund och Mario Parravicini<\/p>\n<p style=\"padding-left: 80px;\">25\/7<br \/>\n<strong>F\u00f6r k\u00e4rlekens skull<\/strong> \u2013 negro spirituals, svenska s\u00e5nger och evergreens<br \/>\nGunilla \u00c5hlander och Alexandre Ambec<\/p>\n<p style=\"padding-left: 80px;\">1\/8<br \/>\n<strong>S\u00e5nger fr\u00e5n Gl\u00e4ntan<\/strong><br \/>\nS:t Anna vocalensemble, Irma Schultz och Hans Kennemark<\/p>\n<p style=\"padding-left: 40px;\">LOCK, HOP &amp; BARREL<br \/>\nLive music<\/p>\n<p style=\"padding-left: 80px;\">3\/7 <strong>Governor Andy<br \/>\n<\/strong>4\/7 <strong>Grass Tank<br \/>\n<\/strong>5\/7 <strong>Open Mic<\/strong><br \/>\n6\/7 <strong>Indiana Sky<\/strong><\/p>\n<p style=\"padding-left: 80px;\">12\/7 <strong>Bro&#8217;s Irish Band<br \/>\n<\/strong>13\/7 <strong>Music Quiz<\/strong><\/p>\n<p style=\"padding-left: 80px;\">19\/7 <strong>Marx Gallo &amp; Daniella Torres<br \/>\n<\/strong>20\/7 <strong>Travelin&#8217; Band<br \/>\n<\/strong><\/p>\n<p style=\"padding-left: 80px;\">26\/7 <strong>Papa Dee &amp; Governor Andy<br \/>\n<\/strong>27\/7\u00a0<strong>Bro&#8217;s Irish Band<\/strong><\/p>\n<p style=\"padding-left: 80px;\">2\/8 <strong>Stig Helmers<br \/>\n<\/strong>3\/8 <strong>Lotta K\u00e4llstr\u00f6m<br \/>\n<\/strong><\/p>\n<p style=\"padding-left: 80px;\">30\/8 <strong>Rum Diet<br \/>\n<\/strong>31\/8 <strong>Rum Diet &amp; Bro&#8217;s Irish Band<\/strong><\/p>\n<p style=\"padding-left: 40px;\">MUSIK P\u00c5 BRUNNEN<br \/>\nS\u00f6derk\u00f6pings brunn<\/p>\n<p style=\"padding-left: 80px;\">28 juni kl 20<br \/>\n<strong>Solala<\/strong><\/p>\n<p style=\"padding-left: 80px;\">29 juni kl 20<br \/>\n<strong>Jack Vreesvijk &amp; Jojje Wadenius<\/strong><\/p>\n<p style=\"padding-left: 80px;\">17 augusti<br \/>\n<strong>Tomas Anderson Wij<\/strong><\/p>\n<p style=\"padding-left: 40px;\">PETER &amp; MATILDA<br \/>\n23\u201328 juli<br \/>\n<strong>Sommarkonsert<\/strong> i Sankt Anna kyrka <a href=\"http:\/\/www.pnmmusic.se\/news\/sommarkonserter\/\u2028\u00c5rets tema \u2013 70-tal\" target=\"_blank\" rel=\"noopener noreferrer\">info<\/a><\/p>\n<p style=\"padding-left: 40px;\">F\u00d6RENINGEN S\u00d6RPING<br \/>\n17 augusti kl 12\u201317<br \/>\n<strong>Vinyl i Parken<\/strong><\/p>\n<p style=\"padding-left: 40px;\">NOMEMUS <a title=\"De Sanctis, Nomemus\" href=\"https:\/\/www.flickr.com\/photos\/kultursidan\/21007522051\/in\/album-72157708957019751\/\"><br \/>\n<\/a>29\u201331 augusti<br \/>\n<strong>Nordisk festival f\u00f6r medeltida musik <\/strong><a href=\"http:\/\/www.nomemus.se\/konserter.html\" target=\"_blank\" rel=\"noopener noreferrer\">info<\/a><\/p>\n<p style=\"padding-left: 80px;\">29\/8 kl 19<img loading=\"lazy\" decoding=\"async\" class=\"alignright\" src=\"https:\/\/live.staticflickr.com\/5755\/21007522051_677859b084.jpg\" alt=\"De Sanctis, Nomemus\" width=\"203\" height=\"169\" \/><br \/>\n<strong>Laude Novella<\/strong><br \/>\nS:t Laurentii Kyrka<\/p>\n<p style=\"padding-left: 80px;\">30\/8 kl 19<br \/>\n<strong>Duo Medieval<\/strong><br \/>\nS:t Laurentii Kyrka<\/p>\n<p style=\"padding-left: 80px;\">31\/8 kl 19<br \/>\n<strong>Akantus<\/strong><br \/>\nS:t Laurentii Kyrka<\/p>\n<p style=\"padding-left: 40px;\">S\u00d6DERK\u00d6PINGS G\u00c4STABUD<br \/>\n30 augusti\u20131 september<br \/>\n<strong>Medeltidsfestival<\/strong><br \/>\nRiddare, gycklar, musik, magi med mera <a href=\"https:\/\/www.gastabud.se\" target=\"_blank\" rel=\"noopener noreferrer\">hemsida<\/a><\/p>\n<p><strong>VALDEMARSVIK<\/strong><\/p>\n<p style=\"padding-left: 40px;\">HEMBYGDSBERGET, RINGARUM<br \/>\n16 juni kl 13\u201317<br \/>\n<strong>Spelst\u00e4mma<\/strong><\/p>\n<p style=\"padding-left: 40px;\">CENTRALA VALDEMARSVIK<br \/>\n5\u20137 juli<br \/>\n<strong>Karneb\u00e5tfestival<\/strong> <a href=\"https:\/\/www.facebook.com\/events\/1229035653925614\/\" target=\"_blank\" rel=\"noopener noreferrer\">FB-evenemang<\/a><\/p>\n<p style=\"padding-left: 40px;\">CENTRALA VALDEMARSVIK<br \/>\n<strong>Alls\u00e5ngsm\u00e5ndag <\/strong>kl 18.30<br \/>\nHusband: Titanix<\/p>\n<p style=\"padding-left: 80px;\">15\/7<br \/>\n<strong>Bruno Mitsogiannis<\/strong><\/p>\n<p style=\"padding-left: 80px;\">22\/7<br \/>\n<strong>Sonja Ald\u00e9n<\/strong><\/p>\n<p style=\"padding-left: 80px;\">29\/7<br \/>\n<strong>Per Fritzell fr\u00e5n Galenskaparna<\/strong><\/p>\n<p style=\"padding-left: 80px;\">5\/8<br \/>\n<strong>Thomas Di Leva<\/strong><\/p>\n<p style=\"padding-left: 40px;\">GRYTS VARV<br \/>\n<strong>Musikunderh\u00e5llning<\/strong><\/p>\n<p style=\"padding-left: 80px;\">13\/7<br \/>\n<strong>Marcus och Clara<\/strong> <strong>Fyrberg<\/strong>, Waow Production<\/p>\n<p style=\"padding-left: 80px;\">27\/7<br \/>\n<strong>Lotta K\u00e4llstr\u00f6m<\/strong><\/p>\n<p style=\"padding-left: 80px;\">3\/8<br \/>\nParty med <strong>You Man Band<\/strong><\/p>\n<\/blockquote>\n","protected":false},"excerpt":{"rendered":"<p>NORRK\u00d6PING\/ FINSP\u00c5NG\/ S\u00d6DERK\u00d6PING\/ VALDEMARSVIK Sommarmusik handlar inte om kontroll utan om att \u00f6ppna fler sinnen. Vem v\u00e4ljer du att lyssna p\u00e5? Start med Boogaloos jazzfestival. Avslut med NoMeMus och S\u00f6derk\u00f6pings g\u00e4stabud. Sommaren bor d\u00e4remellan. <a class=\"continue-reading-link\" href=\"https:\/\/www.kultursidan.nu\/?p=41877\">L\u00e4s mer <span class=\"meta-nav\">&rarr; <\/span><\/a><\/p>\n","protected":false},"author":1001006,"featured_media":0,"comment_status":"closed","ping_status":"open","sticky":false,"template":"","format":"standard","meta":{"_jetpack_memberships_contains_paid_content":false,"footnotes":""},"categories":[4,7,6,10],"tags":[],"class_list":["post-41877","post","type-post","status-publish","format-standard","hentry","category-finspong","category-norrkoping","category-soderkoping","category-valdemarsvik"],"jetpack_featured_media_url":"","jetpack_sharing_enabled":true,"_links":{"self":[{"href":"https:\/\/www.kultursidan.nu\/index.php?rest_route=\/wp\/v2\/posts\/41877","targetHints":{"allow":["GET"]}}],"collection":[{"href":"https:\/\/www.kultursidan.nu\/index.php?rest_route=\/wp\/v2\/posts"}],"about":[{"href":"https:\/\/www.kultursidan.nu\/index.php?rest_route=\/wp\/v2\/types\/post"}],"author":[{"embeddable":true,"href":"https:\/\/www.kultursidan.nu\/index.php?rest_route=\/wp\/v2\/users\/1001006"}],"replies":[{"embeddable":true,"href":"https:\/\/www.kultursidan.nu\/index.php?rest_route=%2Fwp%2Fv2%2Fcomments&post=41877"}],"version-history":[{"count":34,"href":"https:\/\/www.kultursidan.nu\/index.php?rest_route=\/wp\/v2\/posts\/41877\/revisions"}],"predecessor-version":[{"id":42467,"href":"https:\/\/www.kultursidan.nu\/index.php?rest_route=\/wp\/v2\/posts\/41877\/revisions\/42467"}],"wp:attachment":[{"href":"https:\/\/www.kultursidan.nu\/index.php?rest_route=%2Fwp%2Fv2%2Fmedia&parent=41877"}],"wp:term":[{"taxonomy":"category","embeddable":true,"href":"https:\/\/www.kultursidan.nu\/index.php?rest_route=%2Fwp%2Fv2%2Fcategories&post=41877"},{"taxonomy":"post_tag","embeddable":true,"href":"https:\/\/www.kultursidan.nu\/index.php?rest_route=%2Fwp%2Fv2%2Ftags&post=41877"}],"curies":[{"name":"wp","href":"https:\/\/api.w.org\/{rel}","templated":true}]}}