{"id":41888,"date":"2019-06-06T21:16:21","date_gmt":"2019-06-06T20:16:21","guid":{"rendered":"https:\/\/intelligent-friend-7861.standoutwp.com\/?p=41888"},"modified":"2019-06-06T21:16:21","modified_gmt":"2019-06-06T20:16:21","slug":"kultursidan-nu-stannar-upp","status":"publish","type":"post","link":"https:\/\/www.kultursidan.nu\/?p=41888","title":{"rendered":"Kultursidan.nu stannar upp"},"content":{"rendered":"<p>&nbsp;<\/p>\n<h1><span style=\"color: #ff0000;\">Tack medarbetare och l\u00e4sare!<\/span><\/h1>\n<p>&nbsp;<\/p>\n<p>NORRK\u00d6PING\/ \u00d6STERG\u00d6TLAND <strong>Idag 6 juni \u00e4r en bra dag att avsluta ett arbete.<\/strong> <em><strong>Kultursidan.nu<\/strong><\/em> stannar upp efter drygt nio \u00e5rs bevakning av konst, musik och teater och annan kultur i \u00f6stra \u00d6sterg\u00f6tland.<\/p>\n<p><strong>Tack f\u00f6r mig.<\/strong> Jag har varit redakt\u00f6r f\u00f6r Kultursidan.nu sedan jag startade tidningen i april 2010.<\/p>\n<p style=\"padding-left: 40px;\"><em>Jag t\u00e4nker att det ligger i kulturens och konstens natur att de aldrig kan definieras. Detta att vara m\u00e4nniska och medm\u00e4nniska, att ing\u00e5 i sammanhang eller st\u00e5 utanf\u00f6r dem. M\u00e4nniskan i relation till den natur vi \u00e4r en del av.<\/em><\/p>\n<p style=\"padding-left: 40px;\"><em>Om detta uttalar sig konsten, musiken, teatern, litteraturen, samh\u00e4llsbyggandet om och om igen. Det \u00e4r evigt och samtidigt f\u00f6r\u00e4nderligt i just sitt sammanhang, i sin tid. D\u00e4rf\u00f6r \u00e4r det viktigt att ber\u00e4tta om det som \u00e4r h\u00e4r och nu.<\/em><\/p>\n<p>Det \u00e4r ju s\u00e5. En tidning \u00e4r inget i sig, den ber\u00e4ttar om det som den tagit p\u00e5 sig att bevaka.<\/p>\n<p><strong>Men allt har sin tid.<\/strong> Det \u00e4r dags f\u00f6r mig och alla medarbetare att runda av. Stort tack till alla, mer \u00e4n 40 personer, som har bidragit genom \u00e5ren.<\/p>\n<p>Varmt tack, l\u00e4sare och intervjuade, f\u00f6r alla glada tillrop, inte minst nu p\u00e5 upploppet. Den lokala kulturen har k\u00e4nt sig sedd och viktig \u2013 och det \u00e4r den ju.<\/p>\n<p><strong>Sajten kommer att ligga kvar \u00f6ver sommaren.<\/strong> Tanken \u00e4r att materialet sedan ska arkiveras f\u00f6r framtiden \u2013 vi snackar ju lokal kulturhistoria, mer \u00e4n 4.000 artiklar och n\u00e4rmare 29.000 bilder.<\/p>\n<p>Blir det n\u00e5gon forts\u00e4ttning? Det finns alltid en forts\u00e4ttning. Den ser bara annorlunda ut.<\/p>\n<p>Om Kultursidan.nu lever vidare, p\u00e5 n\u00e5got s\u00e4tt, i h\u00f6st m\u00e4rker vi. Samtal p\u00e5g\u00e5r.<\/p>\n<p>Teatersommaren f\u00f6r hela l\u00e4net ligger uppe. <a href=\"https:\/\/www.kultursidan.nu\/?p=41867\" target=\"_blank\" rel=\"noopener noreferrer\">l\u00e4nk<\/a><br \/>\nMusiksommaren i \u00f6stra \u00d6sterg\u00f6tland finns som skiss och fylls p\u00e5.\u00a0 <a href=\"https:\/\/www.kultursidan.nu\/?p=41877\" target=\"_blank\" rel=\"noopener noreferrer\">l\u00e4nk<\/a><br \/>\nUtst\u00e4llningar och museer listas i kalendarierna, som vanligt.<\/p>\n<p>Ha det fint!<\/p>\n<p><em>Ann-Charlotte Sandelin\u2028<\/em><br \/>\nRedakt\u00f6r<br \/>\nKULTURSIDAN.NU<br \/>\n20 april 2010\u20136 juni 2019<\/p>\n","protected":false},"excerpt":{"rendered":"<p>NORRK\u00d6PING Tack f\u00f6r mig. Idag 6 juni \u00e4r en bra dag att avsluta ett arbete. Kultursidan.nu stannar upp efter drygt nio \u00e5rs bevakning av konst, musik och teater och annan kultur i \u00f6stra \u00d6sterg\u00f6tland. Det finns alltid en forts\u00e4ttning. Den ser bara annorlunda ut. <a class=\"continue-reading-link\" href=\"https:\/\/www.kultursidan.nu\/?p=41888\">L\u00e4s mer <span class=\"meta-nav\">&rarr; <\/span><\/a><\/p>\n","protected":false},"author":1001006,"featured_media":0,"comment_status":"closed","ping_status":"open","sticky":false,"template":"","format":"standard","meta":{"_jetpack_memberships_contains_paid_content":false,"footnotes":""},"categories":[7,1],"tags":[],"class_list":["post-41888","post","type-post","status-publish","format-standard","hentry","category-norrkoping","category-okategoriserade"],"jetpack_featured_media_url":"","jetpack_sharing_enabled":true,"_links":{"self":[{"href":"https:\/\/www.kultursidan.nu\/index.php?rest_route=\/wp\/v2\/posts\/41888","targetHints":{"allow":["GET"]}}],"collection":[{"href":"https:\/\/www.kultursidan.nu\/index.php?rest_route=\/wp\/v2\/posts"}],"about":[{"href":"https:\/\/www.kultursidan.nu\/index.php?rest_route=\/wp\/v2\/types\/post"}],"author":[{"embeddable":true,"href":"https:\/\/www.kultursidan.nu\/index.php?rest_route=\/wp\/v2\/users\/1001006"}],"replies":[{"embeddable":true,"href":"https:\/\/www.kultursidan.nu\/index.php?rest_route=%2Fwp%2Fv2%2Fcomments&post=41888"}],"version-history":[{"count":4,"href":"https:\/\/www.kultursidan.nu\/index.php?rest_route=\/wp\/v2\/posts\/41888\/revisions"}],"predecessor-version":[{"id":41892,"href":"https:\/\/www.kultursidan.nu\/index.php?rest_route=\/wp\/v2\/posts\/41888\/revisions\/41892"}],"wp:attachment":[{"href":"https:\/\/www.kultursidan.nu\/index.php?rest_route=%2Fwp%2Fv2%2Fmedia&parent=41888"}],"wp:term":[{"taxonomy":"category","embeddable":true,"href":"https:\/\/www.kultursidan.nu\/index.php?rest_route=%2Fwp%2Fv2%2Fcategories&post=41888"},{"taxonomy":"post_tag","embeddable":true,"href":"https:\/\/www.kultursidan.nu\/index.php?rest_route=%2Fwp%2Fv2%2Ftags&post=41888"}],"curies":[{"name":"wp","href":"https:\/\/api.w.org\/{rel}","templated":true}]}}