{"id":4273,"date":"2012-02-08T12:38:11","date_gmt":"2012-02-08T11:38:11","guid":{"rendered":"https:\/\/intelligent-friend-7861.standoutwp.com\/?p=4273"},"modified":"2014-09-24T10:19:56","modified_gmt":"2014-09-24T09:19:56","slug":"ljudligt-seminarium-ska-inspirera","status":"publish","type":"post","link":"https:\/\/www.kultursidan.nu\/?p=4273","title":{"rendered":"Ljudligt seminarium ska inspirera"},"content":{"rendered":"<p><iframe loading=\"lazy\" src=\"https:\/\/www.flickr.com\/photos\/kultursidan\/6840611577\/in\/set-72157629228951907\/player\/\" width=\"362\" height=\"500\" frameborder=\"0\" allowfullscreen=\"allowfullscreen\"><\/iframe><br \/>\n<em>Inte bara f\u00e4rdiga ljud. Man kan skapa egna ljud p\u00e5 trummorna i Dr\u00f6mverkstan.<br \/>\nBland personerna ses Linda Hagberg, Arbetets museums vikarierande informationschef.<br \/>\nBilden, som \u00e4r beskuren, \u00e4r fr\u00e5n Dr\u00f6mverkstans pressvisning.<br \/>\n<\/em><\/p>\n<p>&nbsp;<\/p>\n<h1><span style=\"color: #ff0000;\">Ljudet viktigt f\u00f6r bes\u00f6karnas upplevelse<\/span><\/h1>\n<p>&nbsp;<\/p>\n<p><strong>Under torsdag och fredag samlas ljudintresserade fr\u00e5n olika delar av Sverige f\u00f6r att dela med sig av sina kunskaper och l\u00e4ra mer.<\/strong> <em>Det gestaltande ljudrummet<\/em> heter evenemanget som f\u00f6rsta dagen befinner sig p\u00e5 Flygvapenmuseet i Link\u00f6ping, d\u00e4r det blir f\u00f6redrag. P\u00e5 fredagen blir det mer av handp\u00e5l\u00e4ggning i form av workshops p\u00e5 Arbetets museum i Norrk\u00f6ping.<\/p>\n<p>Bland f\u00f6redragsh\u00e5llarna och workshopledarna finns ljudkunniga inom skilda omr\u00e5den fr\u00e5n teknik som akustik och mikrofonteknik till ljudets inneh\u00e5ll som st\u00e4mningsskapande ljud och ber\u00e4ttande.<\/p>\n<p>Lars Jonsson, ljudproducent l\u00e4rare vid Kultur Samh\u00e4lle Mediegestaltning vid Link\u00f6pings Universitet, inleder med att tala om upplevelsen och f\u00f6rst\u00e5elsen av det man h\u00f6r. Han har stor erfarenhet av att leda ljudintresserade studenter i olika projekt och har utvecklat ett samarbete med Norrk\u00f6pings stadsmuseum.<\/p>\n<p><strong>F\u00f6r medarbetarna p\u00e5 Arbetets museum kommer utst\u00e4llningsljud f\u00f6rst\u00e5s i fr\u00e4msta rummet.<\/strong><\/p>\n<p>\u2013 Inspirationsdagarna genomf\u00f6rs f\u00f6r att det finns ett behov att diskutera och vidareutveckla anv\u00e4ndandet av ljud inom utst\u00e4llningsv\u00e4rlden och i det offentliga rummet. Vi hoppas p\u00e5 ett stort utbyte mellan deltagarna, som kan leda till sp\u00e4nnande f\u00f6r\u00e4ndringar fram\u00f6ver, menar Linda Hagberg, vikarierande informationschef.<\/p>\n<p>Museets utst\u00e4llningschef Johanna Haverlind ser ljudet som en viktig del av verksamheten.<\/p>\n<p>\u2013 Utst\u00e4llningar handlar om att ber\u00e4tta med hela rummet. Att f\u00f6rmedla en upplevelse, en k\u00e4nsla som s\u00e4tter sig i hela kroppen hos bes\u00f6karen. Ljud \u00e4r en viktig del f\u00f6r att skapa dessa st\u00e4mningar och ge en helhetsupplevelse.<\/p>\n<p>Under fredagen kan deltagarna i seminariet bes\u00f6ka utst\u00e4llningen <em>Dr\u00f6mverkstan<\/em> d\u00e4r det finns flera ljudliga inslag. Det kan dock finnas en tr\u00f6skel att ta sig \u00f6ver n\u00e4r det g\u00e4ller att lyssna i h\u00f6rlurar eller kliva in i ett markerat ljudrum. Ger sig bes\u00f6kare tid att lyssna?<\/p>\n<p>\u2013 Jag tycker det \u00e4r viktigt att arbeta p\u00e5 olika niv\u00e5er, att det finns n\u00e5got f\u00f6r alla bes\u00f6kare oberoende av dagsform. St\u00e4mningsljud kan vara en \u00f6vergripande niv\u00e5 i en utst\u00e4llning men det kan det \u00e4ven finnas mer f\u00f6rdjupande ber\u00e4ttelser att lyssna p\u00e5, svarar Johanna Haverlind.<\/p>\n<p><strong>Vilket f\u00f6redrag ser du mest fram emot under seminariedagarna?<\/strong><\/p>\n<p>\u2013 Vi har ett starkt startf\u00e4lt b\u00e5da dagarna men Mari Saastamoinens (om st\u00e4mningar och k\u00e4nslor), Bj\u00f6rn Hellstr\u00f6ms (om ljudgestaltning i det offentliga rummet) och Ulf S\u00f6derbergs (hur \u00e5terge \u201dhistoriska\u201d ljud) inspirationsf\u00f6redrag dag ett f\u00e5r inte missas! Likas\u00e5 blir det intressant att h\u00f6ra diskussionerna kring ljudet i utst\u00e4llningen Dr\u00f6mverkstan p\u00e5 Arbetet museum.<\/p>\n<p>Inspirationsdagarna v\u00e4nder sig fr\u00e4mst till personer som p\u00e5 n\u00e5got s\u00e4tt jobbar professionellt med ljud, men ocks\u00e5 till allm\u00e4nt intresserade.<\/p>\n<p>\u2013 Evenemanget \u00e4r nu fullbokat, s\u00e5 det g\u00e5r tyv\u00e4rr inte att anm\u00e4la sig, avslutar Linda Hagberg.<\/p>\n<p><em>Text: Ann-Charlotte Sandelin<br \/>\nFoto: Sven \u00c5ke Molund och Johanna \u00d6vling<\/em><\/p>\n<p>&nbsp;<\/p>\n<ul>\n<li>\n<h3>FLYGVAPENMUSEET Link\u00f6ping<\/h3>\n<h3>ARBETETS MUSEUM Norrk\u00f6ping<\/h3>\n<\/li>\n<li><em>9-10 februari 2012<\/em><br \/>\n<strong>Det gestaltande ljudrummet<br \/>\n<\/strong>Ljudseminarium<strong><br \/>\n<\/strong><\/li>\n<\/ul>\n<p>&nbsp;<\/p>\n<p>L\u00c4NKAR<br \/>\nArbetets museum <a title=\"Arbetets museum\" href=\"http:\/\/www.arbetetsmuseum.se\" target=\"_blank\">hemsida <\/a><br \/>\nFlygvapenmuseet <a title=\"Flygvapenmuseet\" href=\"http:\/\/www.flygvapenmuseum.se\/ \" target=\"_blank\">hemsida <\/a><br \/>\nDr\u00f6mverkstan hedrar 100-\u00e5ringen ABF <a title=\"Dr\u00f6mverkstad hedrar 100-\u00e5ringen ABF p\u00e5 Arbetets museum\" href=\"https:\/\/www.kultursidan.nu\/?p=4106\" target=\"_blank\">artikel<\/a> Kultursidan.nu 27\/1 2012<br \/>\nLjudpromenad p\u00e5 Sylten <a title=\"Ljudpromenad p\u00e5 Sylten\" href=\"https:\/\/www.kultursidan.nu\/?p=1844\" target=\"_blank\">artikel<\/a> Kultursidan.nu 22\/6 2011<\/p>\n<p>&nbsp;<\/p>\n<p>BILDSPEL (FLASH) \u2013 KLICKA P\u00c5 BILDEN <em>ALT\/MOBIL: SE BILDSPELET <a title=\"Bildspel\" href=\"https:\/\/www.flickr.com\/photos\/kultursidan\/sets\/72157629228951907\/show\/\" target=\"_blank\">H\u00c4R<\/a><\/em><\/p>\n<p><object width=\"400\" height=\"300\"><param name=\"flashvars\" value=\"offsite=true&amp;lang=en-us&amp;page_show_url=%2Fphotos%2Fkultursidan%2Fsets%2F72157629228951907%2Fshow%2F&amp;page_show_back_url=%2Fphotos%2Fkultursidan%2Fsets%2F72157629228951907%2F&amp;set_id=72157629228951907&amp;jump_to=\" \/><param name=\"movie\" value=\"https:\/\/www.flickr.com\/apps\/slideshow\/show.swf?v=1811922554\" \/><param name=\"allowFullScreen\" value=\"true\" \/><\/object><\/p>\n","protected":false},"excerpt":{"rendered":"<p>NORRK\u00d6PING \/ LINK\u00d6PING Ljudintresserade fr\u00e5n hela landet har bjudits in till seminariedagar f\u00f6r att l\u00e4ra mer om allt fr\u00e5n inspelningsteknik till st\u00e4mningsskapande. Arbetets museums utst\u00e4llningschef ser fram emot att h\u00f6ra kommentarerna om Dr\u00f6mverkstans ljuds\u00e4ttning.<br \/>\n <a class=\"continue-reading-link\" href=\"https:\/\/www.kultursidan.nu\/?p=4273\">L\u00e4s mer <span class=\"meta-nav\">&rarr; <\/span><\/a><\/p>\n","protected":false},"author":1001006,"featured_media":0,"comment_status":"closed","ping_status":"closed","sticky":false,"template":"","format":"standard","meta":{"_jetpack_memberships_contains_paid_content":false,"footnotes":""},"categories":[55,7],"tags":[53,68],"class_list":["post-4273","post","type-post","status-publish","format-standard","hentry","category-linkoping","category-norrkoping","tag-foredrag","tag-ljudkonst"],"jetpack_featured_media_url":"","jetpack_sharing_enabled":true,"_links":{"self":[{"href":"https:\/\/www.kultursidan.nu\/index.php?rest_route=\/wp\/v2\/posts\/4273","targetHints":{"allow":["GET"]}}],"collection":[{"href":"https:\/\/www.kultursidan.nu\/index.php?rest_route=\/wp\/v2\/posts"}],"about":[{"href":"https:\/\/www.kultursidan.nu\/index.php?rest_route=\/wp\/v2\/types\/post"}],"author":[{"embeddable":true,"href":"https:\/\/www.kultursidan.nu\/index.php?rest_route=\/wp\/v2\/users\/1001006"}],"replies":[{"embeddable":true,"href":"https:\/\/www.kultursidan.nu\/index.php?rest_route=%2Fwp%2Fv2%2Fcomments&post=4273"}],"version-history":[{"count":0,"href":"https:\/\/www.kultursidan.nu\/index.php?rest_route=\/wp\/v2\/posts\/4273\/revisions"}],"wp:attachment":[{"href":"https:\/\/www.kultursidan.nu\/index.php?rest_route=%2Fwp%2Fv2%2Fmedia&parent=4273"}],"wp:term":[{"taxonomy":"category","embeddable":true,"href":"https:\/\/www.kultursidan.nu\/index.php?rest_route=%2Fwp%2Fv2%2Fcategories&post=4273"},{"taxonomy":"post_tag","embeddable":true,"href":"https:\/\/www.kultursidan.nu\/index.php?rest_route=%2Fwp%2Fv2%2Ftags&post=4273"}],"curies":[{"name":"wp","href":"https:\/\/api.w.org\/{rel}","templated":true}]}}