{"id":4431,"date":"2012-02-15T10:30:24","date_gmt":"2012-02-15T09:30:24","guid":{"rendered":"https:\/\/intelligent-friend-7861.standoutwp.com\/?p=4431"},"modified":"2013-06-14T19:29:25","modified_gmt":"2013-06-14T18:29:25","slug":"modelltag-pa-arbetets-museum","status":"publish","type":"post","link":"https:\/\/www.kultursidan.nu\/?p=4431","title":{"rendered":"Modellt\u00e5g p\u00e5 Arbetets Museum"},"content":{"rendered":"<p>[flickr]http:\/\/www.flickr.com\/photos\/kultursidan\/6879966023\/[\/flickr]<\/p>\n<p><em>R\u00e4lsbuss.<\/em><\/p>\n<h1><\/h1>\n<h1><span style=\"color: #ff0000;\">En alldeles egen miniatyrv\u00e4rld<\/span><\/h1>\n<p>&nbsp;<\/p>\n<p>Mellan l\u00f6rdag och s\u00f6ndag fick Laxholmsk\u00e4llaren p\u00e5 Arbetets Museum bes\u00f6k av m\u00e5ngen t\u00e5gentusiast. P\u00e5 plats fanns en hel liten v\u00e4rld uppbyggd av snirklig r\u00e4ls, sm\u00e5 figurer, minimala hus och t\u00e5g som enligt uppgift gick i 76 km\/h (skalenligt s\u00e5 klart). Nedan f\u00f6ljer en fotografisk expos\u00e9 \u00f6ver en del av det som kunde besk\u00e5das.<\/p>\n<p><em>Text och foto: Karolina Nilsson<\/em><\/p>\n<p>&nbsp;<\/p>\n<p>[flickr]http:\/\/www.flickr.com\/photos\/kultursidan\/6879965535\/[\/flickr]<\/p>\n<p><em>En mycket liten picnic\u00a0<\/em><\/p>\n<p>[flickr]http:\/\/www.flickr.com\/photos\/kultursidan\/6879966023\/[\/flickr]<\/p>\n<p><em>\u00c4ven en r\u00e4lsbuss fanns med bland t\u00e5gen<\/em><\/p>\n<p>[flickr]http:\/\/www.flickr.com\/photos\/kultursidan\/6879966451\/[\/flickr]<\/p>\n<p><em>Resen\u00e4rer av mindre storlek<\/em><\/p>\n<p>[flickr]http:\/\/www.flickr.com\/photos\/kultursidan\/6879966907\/[\/flickr]<\/p>\n<p><em>Cykelparkering<\/em><\/p>\n<p>[flickr]http:\/\/www.flickr.com\/photos\/kultursidan\/6879967507\/[\/flickr]<\/p>\n<p><em>Arbetskraft i plastf\u00f6rpackning<\/em><\/p>\n<p>[flickr]http:\/\/www.flickr.com\/photos\/kultursidan\/6879968021\/[\/flickr]<\/p>\n<p><em>Inv\u00e5nare<\/em><\/p>\n<p>[flickr]http:\/\/www.flickr.com\/photos\/kultursidan\/6879968731\/[\/flickr]<\/p>\n<p><em>Inte bara t\u00e5g, \u00e4ven trafikolyckor<\/em><\/p>\n<p>[flickr]http:\/\/www.flickr.com\/photos\/kultursidan\/6879969251\/[\/flickr]<\/p>\n<p><em>Fungerande bommar f\u00f6r att f\u00f6rhindra olyckor<\/em><\/p>\n<p>[flickr]http:\/\/www.flickr.com\/photos\/kultursidan\/6879969967\/[\/flickr]<\/p>\n<p><em>Ett h\u00f6gst realistiskt inslag av sm\u00e5skalig gatukonst<\/em><\/p>\n<p>[flickr]http:\/\/www.flickr.com\/photos\/kultursidan\/6879970519\/[\/flickr]<\/p>\n<p><em>T\u00e5glandskap<\/em><\/p>\n<p>[flickr]http:\/\/www.flickr.com\/photos\/kultursidan\/6879971133\/[\/flickr]<\/p>\n<p><em>R\u00e4lsvy<\/em><\/p>\n<p>[flickr]http:\/\/www.flickr.com\/photos\/kultursidan\/6879971725\/[\/flickr]<\/p>\n<p><em>Ett n\u00e5got otippat inslag<\/em><\/p>\n<p>[flickr]http:\/\/www.flickr.com\/photos\/kultursidan\/6879972267\/[\/flickr]<\/p>\n<p><em>V\u00e4ntan<\/em><\/p>\n<p>&nbsp;<\/p>\n<ul>\n<li>\n<h3>ARBETETS MUSEUM Norrk\u00f6ping<\/h3>\n<\/li>\n<li><em>11-12 mars 2012<br \/>\n<\/em><strong>T\u00e5ghelg!<br \/>\n<\/strong>Modul Syd<strong><\/strong><\/li>\n<\/ul>\n<p>&nbsp;<\/p>\n<p>L\u00c4NKAR<br \/>\nArbetets museum <a title=\"Arbetets museum\" href=\"http:\/\/www.arbetetsmuseum.se\" target=\"_blank\">hemsida<\/a><br \/>\nModul syd <a title=\"Modul Syd\" href=\"http:\/\/www.modulsyd.se\/\" target=\"_blank\">hemsida<\/a><br \/>\nTUT! T\u00e5gm\u00f6te <a title=\"TUT! T\u00e5gm\u00f6te\" href=\"https:\/\/www.kultursidan.nu\/?p=4324\" target=\"_blank\">artikel<\/a> Kultursidan.nu 10\/2 2012<\/p>\n<p><em><br \/>\n<\/em><\/p>\n<p>&nbsp;<\/p>\n<p>&nbsp;<\/p>\n<p>&nbsp;<\/p>\n<p>&nbsp;<\/p>\n<p>&nbsp;<\/p>\n<p>&nbsp;<\/p>\n<p>&nbsp;<\/p>\n","protected":false},"excerpt":{"rendered":"<p>NORRK\u00d6PING Ett mycket stort litet t\u00e5gevent p\u00e5 Arbetets museum  <a class=\"continue-reading-link\" href=\"https:\/\/www.kultursidan.nu\/?p=4431\">L\u00e4s mer <span class=\"meta-nav\">&rarr; <\/span><\/a><\/p>\n","protected":false},"author":1001006,"featured_media":0,"comment_status":"closed","ping_status":"open","sticky":false,"template":"","format":"standard","meta":{"_jetpack_memberships_contains_paid_content":false,"footnotes":""},"categories":[7],"tags":[29,47],"class_list":["post-4431","post","type-post","status-publish","format-standard","hentry","category-norrkoping","tag-festival","tag-utstallning"],"jetpack_featured_media_url":"","jetpack_sharing_enabled":true,"_links":{"self":[{"href":"https:\/\/www.kultursidan.nu\/index.php?rest_route=\/wp\/v2\/posts\/4431","targetHints":{"allow":["GET"]}}],"collection":[{"href":"https:\/\/www.kultursidan.nu\/index.php?rest_route=\/wp\/v2\/posts"}],"about":[{"href":"https:\/\/www.kultursidan.nu\/index.php?rest_route=\/wp\/v2\/types\/post"}],"author":[{"embeddable":true,"href":"https:\/\/www.kultursidan.nu\/index.php?rest_route=\/wp\/v2\/users\/1001006"}],"replies":[{"embeddable":true,"href":"https:\/\/www.kultursidan.nu\/index.php?rest_route=%2Fwp%2Fv2%2Fcomments&post=4431"}],"version-history":[{"count":0,"href":"https:\/\/www.kultursidan.nu\/index.php?rest_route=\/wp\/v2\/posts\/4431\/revisions"}],"wp:attachment":[{"href":"https:\/\/www.kultursidan.nu\/index.php?rest_route=%2Fwp%2Fv2%2Fmedia&parent=4431"}],"wp:term":[{"taxonomy":"category","embeddable":true,"href":"https:\/\/www.kultursidan.nu\/index.php?rest_route=%2Fwp%2Fv2%2Fcategories&post=4431"},{"taxonomy":"post_tag","embeddable":true,"href":"https:\/\/www.kultursidan.nu\/index.php?rest_route=%2Fwp%2Fv2%2Ftags&post=4431"}],"curies":[{"name":"wp","href":"https:\/\/api.w.org\/{rel}","templated":true}]}}