{"id":446,"date":"2010-10-18T17:09:17","date_gmt":"2010-10-18T15:09:17","guid":{"rendered":"https:\/\/intelligent-friend-7861.standoutwp.com\/?p=446"},"modified":"2020-09-30T19:28:56","modified_gmt":"2020-09-30T18:28:56","slug":"lars-vilks-talade-om-gaston-zucca-pa-galleri-kronan","status":"publish","type":"post","link":"https:\/\/www.kultursidan.nu\/?p=446","title":{"rendered":"Lars Vilks talade om Gaston Zucca p\u00e5 Galleri Kronan"},"content":{"rendered":"<p><img loading=\"lazy\" decoding=\"async\" class=\"alignnone\" src=\"https:\/\/live.staticflickr.com\/4108\/5092876423_d116e86bae.jpg\" alt=\"Frying Ping Pan, i bruk\" width=\"450\" height=\"300\" \/><br \/>\n<em>Frying Ping Pan (remake). Bordtennisbordet med stekpannor som racketar upptar en hel del utrymme p\u00e5 Galleri Kronan.<\/em><\/p>\n<p><iframe loading=\"lazy\" src=\"https:\/\/www.youtube.com\/embed\/4c5gBFfEtJg\" width=\"560\" height=\"315\" frameborder=\"0\" allowfullscreen=\"allowfullscreen\"><\/iframe><br \/>\n<em>Lars Vilks ber\u00e4ttar om Gaston Zucca och om Fluxusr\u00f6relsen.<\/em><\/p>\n<h1><span style=\"color: #ff0000;\">Hall\u00e5 Gaston \u2013 det \u00e4r &#8221;fritt fram&#8221; nu<br \/>\n<\/span><\/h1>\n<p><strong><a title=\"Lars Vilks\" href=\"http:\/\/www.vilks.net\/\" target=\"_blank\" rel=\"noopener noreferrer\">Lars Vilks <\/a>var i fokus f\u00f6r \u00e5rets mest kamerat\u00e4ta konsth\u00e4ndelse i Norrk\u00f6ping i l\u00f6rdags. <\/strong>Den kontroversielle konstn\u00e4ren invigningstalade vid \u00f6ppnandet av <a title=\"Galleri Kronan\" href=\"http:\/\/www.kifin.nu\/kronan\/\" target=\"_blank\" rel=\"noopener noreferrer\">Galleri Kronans<\/a> utst\u00e4llning av verk skapade av Gaston Zucca, undergroundkonstn\u00e4ren som f\u00f6rsvann efter tv\u00e5 \u00e5r i Norrk\u00f6ping.<\/p>\n<p>M\u00e5nga var p\u00e5 plats, inte minst journalister, n\u00e5gra nyfikna konstintresserade och n\u00e5gra kanske bara nyfikna p\u00e5 den hemlige talaren vars identitet avsl\u00f6jats i <a title=\"Folkbladet-Vilks\" href=\"http:\/\/www.folkbladet.se\/nyheter\/artikel.aspx?articleid=5389035\" target=\"_blank\" rel=\"noopener noreferrer\">Folkbladet<\/a> dagen f\u00f6re. Utanf\u00f6r galleriet stod poliser vakt, med eller utan uniform.\u00a0 \u00c4ven inne p\u00e5 galleriet var s\u00e4kerheten h\u00f6g.<\/p>\n<p>Den som hoppats p\u00e5 kontroversiella uttalanden\u00a0 eller actionscener kan m\u00f6jligen ha blivit lite besviken. I st\u00e4llet skissade Vilks upp en bild av den konstn\u00e4rliga och konstkritiska <a title=\"Fluxus\" href=\"http:\/\/www.fluxus.org\/\" target=\"_blank\" rel=\"noopener noreferrer\">Fluxusr\u00f6relsen<\/a> som uppstod p\u00e5 1960-talet och som utst\u00e4llaren Gaston Zucca var en del av.<\/p>\n<p>&nbsp;<\/p>\n<p><img loading=\"lazy\" decoding=\"async\" class=\"alignnone\" src=\"https:\/\/live.staticflickr.com\/4151\/5093476198_c8fcf68f67.jpg\" alt=\"Svart l\u00e5da utan titel, i bakgrunden One and Three Red Umbrellas Forgotten on the Beach\" width=\"333\" height=\"500\" \/><br \/>\n<em>Svart l\u00e5da utan titel (remake). I bakgrunden One and Three Red Umbrellas Forgotten on the Beach (remake).<\/em><\/p>\n<p>&nbsp;<\/p>\n<p>\u2013 <a title=\"George Maciunas\" href=\"http:\/\/sv.wikipedia.org\/wiki\/George_Maciunas\" target=\"_blank\" rel=\"noopener noreferrer\">George Maciunas<\/a> tyckte att \u201dVi ska g\u00f6ra slut p\u00e5 konsten. Vi ska f\u00f6rl\u00f6jliga konsten p\u00e5 alla s\u00e4tt, s\u00e5 att ingen kan ta den p\u00e5 allvar\u201d, sade Lars Vilks i sin f\u00f6rel\u00e4sning om en av Fluxusr\u00f6relsens tidiga ideologer.<\/p>\n<p>\u2013 Men tv\u00e4rtom, det blev ett kreativt laboratorium, man gjorde det ena och det andra. S\u00e5 Maciunas id\u00e9er f\u00f6rsvann r\u00e4tt snabbt i en allm\u00e4n kreativ festival.<\/p>\n<p>Gaston Zucca var en av m\u00e5nga mindre k\u00e4nda konstn\u00e4rer inom r\u00f6relsen, han tog id\u00e9n om undergroundverksamheten p\u00e5 allvar. Som m\u00e5nga andra 1900-talsartister omskapade han andra konstn\u00e4rers verk, ofta p\u00e5 ett ironiskt s\u00e4tt. Han h\u00e4mtade, stal fr\u00e5n och kommenterade <a title=\"Nietzsche\" href=\"http:\/\/sv.wikipedia.org\/wiki\/Friedrich_Nietzschehttp:\/\/\" target=\"_blank\" rel=\"noopener noreferrer\">Nietzsche<\/a>, <a title=\"Archilochos\" href=\"http:\/\/sv.wikipedia.org\/wiki\/Archilochos\" target=\"_blank\" rel=\"noopener noreferrer\">Archilochos<\/a>, <a title=\"Puccini\" href=\"http:\/\/sv.wikipedia.org\/wiki\/Giacomo_Puccini\" target=\"_blank\" rel=\"noopener noreferrer\">Puccini<\/a>. Inte minst den samtida <a title=\"Konceptkonst\" href=\"http:\/\/sv.wikipedia.org\/wiki\/Konceptkonst\" target=\"_blank\" rel=\"noopener noreferrer\">konceptkonsten<\/a> utsattes f\u00f6r hans n\u00e5lstick.<\/p>\n<p><strong>30 verk visas, bland annat <em>Frying Ping Pan<\/em>, ett bordtennisbord med stekpannor som racket.<\/strong> <em>Jungfru Marias Himmelsf\u00e4rd<\/em> \u00e4r ett hoppfullt verk med en madonnafigur monterad p\u00e5 en kraftig st\u00e5lfj\u00e4der. H\u00e4r \u00e4r m\u00e5nga m\u00e5lningar och tre filmer. Flera installationer \u00e4r remake, Vilks har kopierat dem efter bilder och beskrivningar.<\/p>\n<p>&nbsp;<\/p>\n<p><img loading=\"lazy\" decoding=\"async\" class=\"alignnone\" src=\"https:\/\/live.staticflickr.com\/4149\/5093476716_7e409fa8bf.jpg\" alt=\"Faraos underg\u00e5ng i r\u00f6da Havet (Marcello)\" width=\"450\" height=\"291\" \/><br \/>\n<em>Faraos underg\u00e5ng i r\u00f6da Havet (efter Marcello).<\/em><\/p>\n<p>&nbsp;<\/p>\n<p><strong>Gaston Zucca f\u00f6rsvann \u00e5r 1998, men Lars Vilks tror inte att han d\u00f6tt.<\/strong><\/p>\n<p>\u2013 Han skaffade sig en upplaga av den lilla segelb\u00e5ten Guppy 3, som f\u00f6r \u00f6vrigt \u00e4r otroligt sv\u00e5r att f\u00e5 tag p\u00e5 i Sverige. Han ger sig d\u00e5 ut p\u00e5 en seglats fr\u00e5n Norrk\u00f6ping ut p\u00e5 \u00d6stersj\u00f6n.<\/p>\n<p>Den sista delen \u00e4r inte verifierad men Lars Vilks h\u00e4vdar att det \u00e4r en ironisk eller satirisk kopiering av holl\u00e4ndske konstn\u00e4ren <a title=\"Bas Jan Ader\" href=\"http:\/\/www.basjanader.com\/\" target=\"_blank\" rel=\"noopener noreferrer\">Bas Jan Ader <\/a>som omkom \u00e5r 1975 efter att ha seglat ut p\u00e5 Atlanten med just en Guppy 3.<\/p>\n<p>Bland Zuccas efterl\u00e4mnade verk finns ocks\u00e5 teckningar p\u00e5 segelb\u00e5ten \u2013 och p\u00e5 en strandsatt person p\u00e5 en liten \u00f6de \u00f6.<\/p>\n<p>En undergroundkonstn\u00e4r b\u00f6r l\u00e4mpligen f\u00f6rsvinna. Men m\u00e5ste n\u00e5gon g\u00e5ng \u00e5terv\u00e4nda.<\/p>\n<p>\u2013 Annars blir det helt po\u00e4ngl\u00f6st.<\/p>\n<p>Om utst\u00e4llningen p\u00e5 Galleri Kronan \u00e4r nog f\u00f6r att locka fram Gaston Zucca vet ingen. Men att intresset f\u00f6r hans konst v\u00e4ckts av Lars Vilks introduktion \u00e4r tydligt.<\/p>\n<p>&nbsp;<\/p>\n<p><img loading=\"lazy\" decoding=\"async\" class=\"alignnone\" src=\"https:\/\/live.staticflickr.com\/4055\/5092877055_faf6ee8672.jpg\" alt=\"You Decide (remake)\" width=\"333\" height=\"500\" \/><br \/>\n<em>You Decide (remake).<\/em><\/p>\n<p>&nbsp;<\/p>\n<p><strong>Vad g\u00f6r Lars Vilks sj\u00e4lv nuf\u00f6rtiden?<\/strong> Har han m\u00f6jlighet att skapa n\u00e4r det st\u00e4ndigt finns en hotbild. Jo faktiskt har han gjort stora skulpturer i b\u00e5de Finland och Holland.<\/p>\n<p>\u2013 Jag har alltid nya projekt p\u00e5 g\u00e5ng, men det \u00e4r ingen som \u00e4r intresserad av det\u2026 \u2026men varf\u00f6r skulle man vara intresserad av det? Jag menar, jag sysslar med konst, vem \u00e4r intresserad av konst?<\/p>\n<p><em>Text, filmer och foto: Ann-Charlotte Sandelin<\/em><\/p>\n<p><img loading=\"lazy\" decoding=\"async\" class=\"alignnone\" src=\"https:\/\/live.staticflickr.com\/4113\/5092877461_c4ddbe3fce.jpg\" alt=\"Foton fr\u00e5n 1964 respektive 1976\" width=\"450\" height=\"300\" \/><br \/>\n<em>Gaston Zucca. Foton fr\u00e5n 1964 respektive 1976.<\/em><\/p>\n<ul>\n<li>\n<h3>GALLERI KRONAN<\/h3>\n<ul>\n<li><strong> Gaston Zucca<\/strong><\/li>\n<li><em>1942 Rom \u2013 1998<\/em><\/li>\n<li>16 \u2013 31 oktober 2010<\/li>\n<\/ul>\n<\/li>\n<\/ul>\n<p>&nbsp;<\/p>\n<p><iframe loading=\"lazy\" src=\"https:\/\/www.youtube.com\/embed\/pIB7DCH5ZV8\" width=\"560\" height=\"315\" frameborder=\"0\" allowfullscreen=\"allowfullscreen\"><\/iframe><br \/>\n<em>Lars Vilks ber\u00e4ttar om Lars Vilks<\/em><\/p>\n<p>L\u00e4s vad <a href=\"http:\/\/www.nt.se\/kultur\/artikel.aspx?articleid=6361385\" target=\"_blank\" rel=\"noopener noreferrer\">Pauli Olavi Kuivanen skrev i Norrk\u00f6pings Tidningar<\/a> fr\u00e5n f\u00f6redraget.<\/p>\n","protected":false},"excerpt":{"rendered":"<p>NORRK\u00d6PING En mediah\u00e4ndelse var det helt klart n\u00e4r den kontroversielle konstn\u00e4ren och konstprofessorn Lars Vilks kom till Norrk\u00f6ping och Galleri Kronan. Men ocks\u00e5 ett f\u00f6rs\u00f6k att locka fram konstn\u00e4ren Gaston Zucca, som varit f\u00f6rsvunnen i 12 \u00e5r. <a class=\"continue-reading-link\" href=\"https:\/\/www.kultursidan.nu\/?p=446\">L\u00e4s mer <span class=\"meta-nav\">&rarr; <\/span><\/a><\/p>\n","protected":false},"author":1001006,"featured_media":0,"comment_status":"closed","ping_status":"open","sticky":false,"template":"","format":"standard","meta":{"_jetpack_memberships_contains_paid_content":false,"footnotes":""},"categories":[7],"tags":[14],"class_list":["post-446","post","type-post","status-publish","format-standard","hentry","category-norrkoping","tag-konst"],"jetpack_featured_media_url":"","jetpack_sharing_enabled":true,"_links":{"self":[{"href":"https:\/\/www.kultursidan.nu\/index.php?rest_route=\/wp\/v2\/posts\/446","targetHints":{"allow":["GET"]}}],"collection":[{"href":"https:\/\/www.kultursidan.nu\/index.php?rest_route=\/wp\/v2\/posts"}],"about":[{"href":"https:\/\/www.kultursidan.nu\/index.php?rest_route=\/wp\/v2\/types\/post"}],"author":[{"embeddable":true,"href":"https:\/\/www.kultursidan.nu\/index.php?rest_route=\/wp\/v2\/users\/1001006"}],"replies":[{"embeddable":true,"href":"https:\/\/www.kultursidan.nu\/index.php?rest_route=%2Fwp%2Fv2%2Fcomments&post=446"}],"version-history":[{"count":4,"href":"https:\/\/www.kultursidan.nu\/index.php?rest_route=\/wp\/v2\/posts\/446\/revisions"}],"predecessor-version":[{"id":42411,"href":"https:\/\/www.kultursidan.nu\/index.php?rest_route=\/wp\/v2\/posts\/446\/revisions\/42411"}],"wp:attachment":[{"href":"https:\/\/www.kultursidan.nu\/index.php?rest_route=%2Fwp%2Fv2%2Fmedia&parent=446"}],"wp:term":[{"taxonomy":"category","embeddable":true,"href":"https:\/\/www.kultursidan.nu\/index.php?rest_route=%2Fwp%2Fv2%2Fcategories&post=446"},{"taxonomy":"post_tag","embeddable":true,"href":"https:\/\/www.kultursidan.nu\/index.php?rest_route=%2Fwp%2Fv2%2Ftags&post=446"}],"curies":[{"name":"wp","href":"https:\/\/api.w.org\/{rel}","templated":true}]}}