{"id":4520,"date":"2012-02-17T12:10:38","date_gmt":"2012-02-17T11:10:38","guid":{"rendered":"https:\/\/intelligent-friend-7861.standoutwp.com\/?p=4520"},"modified":"2012-02-19T17:00:25","modified_gmt":"2012-02-19T16:00:25","slug":"nio-hogstadieskolor-tavlar-i-dansanta-lilla-melodifestivalen","status":"publish","type":"post","link":"https:\/\/www.kultursidan.nu\/?p=4520","title":{"rendered":"Nio h\u00f6gstadieskolor t\u00e4vlar i dansanta Lilla Melodifestivalen"},"content":{"rendered":"<p>[flickr]http:\/\/www.flickr.com\/photos\/kultursidan\/6890775731\/[\/flickr]<\/p>\n<p><em>Jippiii! Uppst\u00e4llning inf\u00f6r \u00e5rets upplaga av Lilla melodifestivalen i Norrk\u00f6ping.<br \/>\n<\/em><\/p>\n<p>&nbsp;<\/p>\n<h1><span style=\"color: #ff0000;\">Nu v\u00e4ntar repetitioner hela v\u00e5ren f\u00f6r musikartister och dansare<\/span><\/h1>\n<p>&nbsp;<\/p>\n<p><strong>Om drygt tv\u00e5 m\u00e5nader kommer, f\u00f6r elever vid Norrk\u00f6pings h\u00f6gstadieskolor, den riktiga finalen i \u00e5rets Lilla melodifestival! <\/strong>Kulturskolan och Norrk\u00f6pings grundskolor arrangerar en egen festival som g\u00e5r av stapeln i Flygeln den 20 april. I \u00e5r deltar nio skolor i t\u00e4vlingen, Hagaskolan, S\u00f6derport, Navestad, Prolympia, Kunskapsskolan, Vittra, Mosstorp, Vikbolandet och Dj\u00e4knepark.<\/p>\n<p>Omkring 25 ungdomar t\u00e4vlar med l\u00e5tar de sj\u00e4lva har skrivit. N\u00e4r man ser titlarna p\u00e5 melodierna ser man att eleverna, med n\u00e5got undantag,\u00a0 satsar p\u00e5 att skriva engelska texter.<\/p>\n<p>Melodifestivalen \u00e4r som \u201dp\u00e5 riktigt\u201d med den skillnaden att h\u00e4r finns ett kompband fr\u00e5n de Geergymnasiet med. Nytt f\u00f6r i \u00e5r \u00e4r att man har en dansartist med, proffsdansaren Adam Svensson, ursprungligen fr\u00e5n Valdemarsvik tillsammans med dansare fr\u00e5n Danscenter. Adam syns nu i TV:s \u00a0Melodifestival d\u00e4r han dansar i alla delt\u00e4vlingarna.<\/p>\n<p><strong>Naturligtvis finns det jurygrupper f\u00f6r bed\u00f6mning av bidragen som po\u00e4ngs\u00e4tts p\u00e5 det vanliga s\u00e4ttet med skalan 12, 10, 8, 6, 4, 3, 2 och 1.<\/strong> Juryn leds av Lana Brunell. Lars Stjernkvist, Sandra Wall och Karl Sanner \u00e4r klara f\u00f6r uppdraget medan man v\u00e4ntar p\u00e5 svar fr\u00e5n ytterligare en \u00e4n s\u00e5 l\u00e4nge \u201dhemlig\u201d jurymedlem.<\/p>\n<p>Det finns ocks\u00e5 en Ungdomsjury som leds av f\u00f6rra \u00e5rets segrare Agnes Persson och som i \u00f6vrigt best\u00e5r av en representant fr\u00e5n varje deltagande skola.<\/p>\n<p>De tv\u00e5 konferenciererna Marcus Fyrberg (t\u00e4nk h\u00f6gklackat p\u00e5 Arbis) och Johanna Wetterstr\u00f6m Samuelsson (t\u00e4nk tuff bastrombon) g\u00e5r b\u00e5da p\u00e5 De Geergymnasiet.<\/p>\n<p><strong>Man har i \u00e5r ocks\u00e5 \u00e4ndrat priserna s\u00e5 att tre bidrag i \u00e5r f\u00e5r penningpriser.<\/strong> Segrande bidrag f\u00e5r 6.000 kronor och de tv\u00e5 andra pristagarna f\u00e5r 2.000 kronor vardera. Dessa priser g\u00e5r till de bidrag som f\u00e5tt h\u00f6gsta po\u00e4ngen av jurygrupperna f\u00f6r \u201db\u00e4sta s\u00e5ng, text och melodi\u201d.<\/p>\n<p>Ett stort antal diplomutm\u00e4rkelser delas ocks\u00e5 ut, exempelvis f\u00f6r \u201dB\u00e4sta r\u00f6j p\u00e5 scenen\u201d. Inget bidrag blir lottl\u00f6st d\u00e5 de klasser som inte f\u00e5r penningpriser kommer att bel\u00f6nas med en teater- eller konsertupplevelse.<\/p>\n<p>F\u00f6r att m\u00f6jligg\u00f6ra Lilla melodifestivalen s\u00e5 har man f\u00e5tt sponsring av St\u00e5hl fastigheter AB, Norrk\u00f6ping City och Skapande skolaprojektet\/Kulturr\u00e5det.<\/p>\n<p><strong>Den 16 februari samlades alla deltagarna p\u00e5 Cnema d\u00e4r artisterna fotograferades.<\/strong> F\u00f6r n\u00e5gra av deltagarna bar det sedan av f\u00f6r de f\u00f6rsta repetitionerna p\u00e5 Kulturskolan. F\u00f6rv\u00e4ntan lyste l\u00e5ng v\u00e4g inf\u00f6r de sp\u00e4nnande veckorna fram till festivalen!<\/p>\n<p>Biljetterna till flygeln kommer att sl\u00e4ppas via Louis De Geer eller Ticnet den 19 mars. Deltagande klasserna kommer att bjudas p\u00e5 intr\u00e4det och med tanke p\u00e5 alla anh\u00f6riga som kommer att k\u00f6pa biljetter l\u00e4r \u201dvi vanliga intresserade\u201d f\u00e5 h\u00e5lla oss framme om vi skall f\u00e5 tag p\u00e5 biljetter!<\/p>\n<p>Sp\u00e4nnande!<\/p>\n<p><em>Text och foto: Sven \u00c5ke Molund<\/em><\/p>\n<p><em>\u00a0<\/em><\/p>\n<ul>\n<li>\n<h3>FLYGELN Norrk\u00f6ping<\/h3>\n<\/li>\n<li><em>Fredag 20 april 2012 kl 19<br \/>\n<\/em><strong>Lilla melodifestivalen<br \/>\n<\/strong>Arr: Kulturskolan<\/li>\n<\/ul>\n<p>&nbsp;<\/p>\n<p>L\u00c4NKAR<br \/>\nKulturskolan <a title=\"Kulturskolan\" href=\"http:\/\/www.norrkoping.se\/kultur-fritid\/kulturskolan\/ \" target=\"_blank\">hemsida <\/a><br \/>\nLilla melodifestivalen <a title=\"P\u00e5 g\u00e5ng\" href=\"http:\/\/www.pagang.info\/event.aspx?s=142123&amp;e=1348719\" target=\"_blank\">P\u00e5 g\u00e5ng<\/a><\/p>\n<p>&nbsp;<\/p>\n<p>FLER BILDER FR\u00c5N M\u00d6TET MED PRESSEN \u2013 KLICKA<\/p>\n<p>[flickr-gallery mode=&#8221;photoset&#8221; photoset=&#8221;72157629355166787&#8243;]<\/p>\n","protected":false},"excerpt":{"rendered":"<p>NORRK\u00d6PING \u00c5rets upplaga av Kulturskolans och h\u00f6gstadieskolornas Lilla melodifestivalen spetsas med dans. Proffsdansaren Adam Svensson backar upp tillsammans med lokala dansf\u00f6rm\u00e5gor. Repetitionerna b\u00f6rjar nu inf\u00f6r finalen i april.<br \/>\n <a class=\"continue-reading-link\" href=\"https:\/\/www.kultursidan.nu\/?p=4520\">L\u00e4s mer <span class=\"meta-nav\">&rarr; <\/span><\/a><\/p>\n","protected":false},"author":1001006,"featured_media":0,"comment_status":"open","ping_status":"open","sticky":false,"template":"","format":"standard","meta":{"_jetpack_memberships_contains_paid_content":false,"footnotes":""},"categories":[7],"tags":[13],"class_list":["post-4520","post","type-post","status-publish","format-standard","hentry","category-norrkoping","tag-musik"],"jetpack_featured_media_url":"","jetpack_sharing_enabled":true,"_links":{"self":[{"href":"https:\/\/www.kultursidan.nu\/index.php?rest_route=\/wp\/v2\/posts\/4520","targetHints":{"allow":["GET"]}}],"collection":[{"href":"https:\/\/www.kultursidan.nu\/index.php?rest_route=\/wp\/v2\/posts"}],"about":[{"href":"https:\/\/www.kultursidan.nu\/index.php?rest_route=\/wp\/v2\/types\/post"}],"author":[{"embeddable":true,"href":"https:\/\/www.kultursidan.nu\/index.php?rest_route=\/wp\/v2\/users\/1001006"}],"replies":[{"embeddable":true,"href":"https:\/\/www.kultursidan.nu\/index.php?rest_route=%2Fwp%2Fv2%2Fcomments&post=4520"}],"version-history":[{"count":0,"href":"https:\/\/www.kultursidan.nu\/index.php?rest_route=\/wp\/v2\/posts\/4520\/revisions"}],"wp:attachment":[{"href":"https:\/\/www.kultursidan.nu\/index.php?rest_route=%2Fwp%2Fv2%2Fmedia&parent=4520"}],"wp:term":[{"taxonomy":"category","embeddable":true,"href":"https:\/\/www.kultursidan.nu\/index.php?rest_route=%2Fwp%2Fv2%2Fcategories&post=4520"},{"taxonomy":"post_tag","embeddable":true,"href":"https:\/\/www.kultursidan.nu\/index.php?rest_route=%2Fwp%2Fv2%2Ftags&post=4520"}],"curies":[{"name":"wp","href":"https:\/\/api.w.org\/{rel}","templated":true}]}}