{"id":4534,"date":"2012-02-17T16:28:05","date_gmt":"2012-02-17T15:28:05","guid":{"rendered":"https:\/\/intelligent-friend-7861.standoutwp.com\/?p=4534"},"modified":"2018-12-12T16:39:20","modified_gmt":"2018-12-12T15:39:20","slug":"ilkka-parni-och-kerstin-hedman-och-chambert-inviger-np33","status":"publish","type":"post","link":"https:\/\/www.kultursidan.nu\/?p=4534","title":{"rendered":"Ilkka P\u00e4rni och Kerstin Hedman (och Chambert) inviger NP33"},"content":{"rendered":"<p><a title=\"Konsthallen \u00e4r \u00e4nd\u00e5 st\u00f6rre \u00e4n s\u00e5 h\u00e4r\" href=\"https:\/\/www.flickr.com\/photos\/kultursidan\/6891370489\/in\/album-72157629356898405\/\" data-flickr-embed=\"true\"><img loading=\"lazy\" decoding=\"async\" src=\"https:\/\/farm8.staticflickr.com\/7185\/6891370489_058e5ac3a2.jpg\" alt=\"Konsthallen \u00e4r \u00e4nd\u00e5 st\u00f6rre \u00e4n s\u00e5 h\u00e4r\" width=\"500\" height=\"333\" \/><\/a><br \/>\n<em>Bj\u00e4lkarna bygger rum i den v\u00e4ldiga lokalen. De vita v\u00e4ggarna n\u00e5r cirka tre meters h\u00f6jd. Takstolarna n\u00e5r h\u00f6gre.<br \/>\n<\/em><br \/>\n<iframe loading=\"lazy\" src=\"https:\/\/www.youtube.com\/embed\/UOU4oiIX3ok\" width=\"560\" height=\"315\" frameborder=\"0\" allowfullscreen=\"allowfullscreen\"><\/iframe><br \/>\n<em>Intervjuer med Joakim Sander och konstn\u00e4rerna Kerstin Hedman och Ilkka P\u00e4rni.<\/em><\/p>\n<p>&nbsp;<\/p>\n<h1><span style=\"color: #ff0000;\">1000 kvadratmeter f\u00f6r konst och design<\/span><\/h1>\n<p>&nbsp;<\/p>\n<p><strong>M\u00e5ndag.<\/strong><br \/>\n\u2013 Galleri Sander. Det \u00e4r Joakim.<br \/>\n\u2013 Hej Jocke, det \u00e4r Lotta p\u00e5 Kultursidan.nu. Jag skulle vilja g\u00f6ra en f\u00f6rhands p\u00e5 den nya konsthallen. Det \u00e4r ju en stor satsning?<br \/>\n\u2013 Nja, h\u00f6rru du, jag \u00e4r lite upptagen just nu. Jag \u00e4r i Arvika och k\u00f6per grejer till shopen. Kan du p\u00e5 torsdag? D\u00e5 \u00e4r konstn\u00e4rerna som st\u00e4ller ut h\u00e4r och h\u00e4nger. Torsdag eftermiddag \u00e4r de nog klara.<\/p>\n<p><strong>Torsdag.<\/strong><br \/>\nKonstn\u00e4ren Fritz Grahn l\u00e4r ha haft sin lilla stuga n\u00e5gonstans p\u00e5 det gamla hamnomr\u00e5det. Sedan kom graffitin vid kolupplagen. Nu ska h\u00e4r allts\u00e5 finnas en helt ny konsthall alldeles invid Norra Promenaden.<\/p>\n<p>Det \u00e4r l\u00e4tt att hitta ett stycke efter Postterminalen. Det ska ligga p\u00e5 h\u00f6ger hand. D\u00e4r! De r\u00f6da portarna kontrasterar mot den svarta husgaveln. Ovanf\u00f6r glasd\u00f6rrarna har ett stort f\u00f6nster tagits upp i fasaden. En g\u00e5ng var det h\u00e4r ett s\u00e4desmagasin. Pl\u00e5tfasaden rymmer ett bygge i stadigt tr\u00e4, med kraftiga bj\u00e4lkar och god akustik.<\/p>\n<p><strong>Innanf\u00f6r \u00e4r det ett kaos.<\/strong> Eller kanske snarare ett m\u00e5linriktat kaos. Joakim Sander \u00e4r p\u00e5 sju st\u00e4llen \u00e5t g\u00e5ngen, mobilen ringer ideligen \u2013 \u201dh\u00e4romdagen fick jag 95 samtal\u201d. Hantverkare flyttar p\u00e5 saker, borrar, m\u00e5lar. Den nya hissen fastighets\u00e4garen l\u00e5tit s\u00e4tta in h\u00e5ller p\u00e5 att slutmonteras. Det som ska bli en shop \u00e4r \u00e4n s\u00e5 l\u00e4nge hyllor och tomma bord. Ramverkstaden ska ocks\u00e5 flytta hit. P\u00e5 golvet i entr\u00e9n st\u00e5r stora kartonger.<\/p>\n<p>\u2013 Har du sett? Gamla skottk\u00e4rror, s\u00e4ger Joakim Sander och rullar ut en l\u00e5ng skottk\u00e4rra i\u00a0 rulleb\u00f6rstil. Sedan f\u00f6rsvinner han igen.<\/p>\n<p><strong>En trappa upp hittar jag konstn\u00e4rerna Kerstin Hedman och Ilkka P\u00e4rni. <\/strong>De \u00e4ter lunch p\u00e5 en b\u00e4nk n\u00e4ra det stora f\u00f6nstret, det \u00e4r verkligen stort. Utsikten lyfter l\u00e5ngt \u00f6ver Norra Promenadens knotiga lindar. Johannisborgs slottsruin skymtar ett stycke bort. En av flaggorna, som lojt r\u00f6r sig p\u00e5 de tv\u00e5 flaggst\u00e4ngerna utanf\u00f6r, \u00e4r r\u00f6d.<\/p>\n<p>\u2013 Det \u00e4r min flagga, s\u00e4ger Ilkka P\u00e4rni.<\/p>\n<p>Konstn\u00e4rerna kom ig\u00e5r, fullpackade med de mindre tavlorna. De stora verken gick med lastbil. Paret har ett drygt arbete framf\u00f6r sig att fylla Norrk\u00f6pings nyaste och st\u00f6rsta konsthall. Med sina tusen kvadratmeters utst\u00e4llningsyta i tv\u00e5 v\u00e5ningsplan \u00e4r lokalen stor som ett museum. Mellan tio och tjugo verk \u00e4r p\u00e5 plats, m\u00e5nga fler st\u00e5r p\u00e5 golvet under den plats d\u00e4r de ska h\u00e4nga. En stor f\u00e4rgglad skulptur i pl\u00e5t st\u00e5r just nu n\u00e4ra trappan.<\/p>\n<p><strong>\u2013 Ni kan prata s\u00e5 jobbar jag. <\/strong>Ilkka P\u00e4rni drar sig mot stegen och vattenpasset. Det \u00e4r m\u00e5nga konstverk kvar att h\u00e4nga inf\u00f6r l\u00f6rdagens vernissage som b\u00e5de inviger utst\u00e4llningen och konsthallen.<\/p>\n<p>Kerstin Hedman hj\u00e4lper mig in i m\u00e5leriet, deras nonfigurativa konst \u00e4r besl\u00e4ktad men skiljer sig \u00e5t. Kerstin Hedmans verk, hon m\u00e5lar p\u00e5 plexiglas, \u00e4r g\u00e4rna monokroma, enf\u00e4rgade, men hennes underarbete l\u00e4mnar personliga sp\u00e5r.<\/p>\n<p>\u2013 Jag har b\u00f6rjat med r\u00f6tt. Jag tycker fortfarande mycket om vitt. Jag v\u00e4xte upp vid Siljan, alldeles invid stranden.<\/p>\n<p>Ilkka P\u00e4rnis verk inneh\u00e5ller f\u00e4lt och f\u00f6rskjutningar, tunna linjer. Nyanserna \u00e4r st\u00e5lgr\u00e5, bl\u00e5, svarta. Ut\u00f6ver m\u00e5lningar presenterar han b\u00e5de grafik och objekt. N\u00e4r allt v\u00e4l kommit p\u00e5 plats ska belysningen st\u00e4llas in, \u00e4ven det ett drygt arbete.<\/p>\n<p><strong>Nere p\u00e5 bottenv\u00e5ningen hittar jag Joakim Sander utanf\u00f6r Chambertutst\u00e4llningen. <\/strong>Det inglasade rummet \u00e4r t\u00e4nkt f\u00f6r konferenser Men h\u00e4r h\u00e4nger nu en liten utst\u00e4llning med verk av Erik Chambert, finskurna objekt i plexiglasl\u00e5dor. En soffa, ocks\u00e5 den av konstn\u00e4ren och inredningsarkitekten. Norrk\u00f6pingssonen.<\/p>\n<p>\u2013 De kommer fr\u00e5n Moderna museet, var kvar d\u00e4r sedan en utst\u00e4llning, ber\u00e4ttar Joakim Sander.<\/p>\n<p><strong>Snabb fr\u00e5ga: Det \u00e4r eurokris och l\u00e5gkonjunktur.<\/strong> Konstmarknaden, \u00e5tminstone i Norrk\u00f6ping, \u00e4r inte som f\u00f6rr om \u00e5ren. Hur v\u00e5gar du g\u00f6ra den h\u00e4r satsningen?<\/p>\n<p>\u2013 \u00c4sch, det g\u00e5r inte att vara r\u00e4dd hela tiden. Man m\u00e5ste v\u00e5ga prova n\u00e5got nytt.<\/p>\n<p><strong>I shopen har ett av de hemmasnickrade borden \u2013 han tycks kunna allt han Joakim \u2013 har fyllts med linneduk fr\u00e5n H\u00e4lsingland.<\/strong> P\u00e5 ett annat st\u00e5r glassk\u00e5lar i olika f\u00e4rger. P\u00e5 en liten hylla st\u00e5r sm\u00e5 lustiga djur och glor. Och s\u00e5 \u00e4r d\u00e4r sk\u00e5p. Allt \u00e4r uppenbarligen inte fr\u00e5n Arvika.<\/p>\n<p>\u2013 Mycket kommer fr\u00e5n Svenskt hantverk i Stockholm.<\/p>\n<p><strong>Vinterdagen skymmer och vinden har \u00f6kat. <\/strong>Ilkka Pernis r\u00f6da flagga smattrar, den visar sina tunna r\u00e4nder.<\/p>\n<p><em>Text, film och foto: Ann-Charlotte Sandelin<\/em><\/p>\n<p>&nbsp;<\/p>\n<ul>\n<li>\n<h3>NP33, Norra Promenaden, Norrk\u00f6ping<\/h3>\n<\/li>\n<li><em>L\u00f6rdag 18 februari 2012 kl 12\u201316<br \/>\n<\/em>INVIGNING av NP33 &amp; VERNISSAGE<br \/>\n<em>Kl<\/em><em> 13<\/em> Konst- &amp; livsvetaren Herbert Kr\u00f6\u00f6n inviger<br \/>\n<em>Kl 14<\/em> Performance, Ilkka P\u00e4rni framf\u00f6r egna texter ur <em>Svaj<\/em><\/p>\n<ul>\n<li>UTST\u00c4LLNINGAR<\/li>\n<\/ul>\n<ul>\n<li>Non-Figurativt<br \/>\n<strong>Kerstin Hedman &amp; Ilkka P\u00e4rni<\/strong><\/li>\n<li><strong>Erik Chambert<\/strong><\/li>\n<\/ul>\n<\/li>\n<\/ul>\n<p>&nbsp;<\/p>\n<p>L\u00c4NKAR<br \/>\nGalleri Sander <a href=\"http:\/\/www.gallerisander.se\/nkpg\/index.html\" target=\"_blank\" rel=\"noopener\">hemsida <\/a><br \/>\nNP33 <a title=\"NP33\" href=\"www.np33.se\" target=\"_blank\" rel=\"noopener\">hemsida <\/a><br \/>\nFl\u00f6dande lovord n\u00e4r NP33 invigdes <a title=\"Fl\u00f6dande lovord n\u00e4r NP33 \u00f6ppnade portarna\" href=\"https:\/\/www.kultursidan.nu\/?p=4579\" target=\"_blank\" rel=\"noopener\">invigningsreportage<\/a> Kultursidan.nu 19\/2 2012<br \/>\nTre sinnliga konstn\u00e4rer i konstkatedralen p\u00e5 Salt\u00e4ngen <a title=\"Tre sinnliga konstn\u00e4rer i konstkatedralen p\u00e5 Salt\u00e4ngen\" href=\"https:\/\/www.kultursidan.nu\/?p=4655\" target=\"_blank\" rel=\"noopener\">RECENSION av UTST\u00c4LLNINGEN<\/a> Kultursidan.nu 24\/2 2012<\/p>\n<p>BILDSPEL \u2013 KLICKA P\u00c5 BILDENS PILAR<\/p>\n<p><a data-flickr-embed='true' href='https:\/\/www.flickr.com\/photos\/kultursidan\/sets\/72157629356898405' title='Inf\u00f6r invigningen, NP33 by Kultursidan, on Flickr'><img src='https:\/\/live.staticflickr.com\/7064\/6891369799_936f9b6120_z.jpg' width='800' height='600' alt='Erik Chambert'><\/a><script async src='https:\/\/embedr.flickr.com\/assets\/client-code.js' charset='utf-8'><\/script><\/p>\n","protected":false},"excerpt":{"rendered":"<p>NORRK\u00d6PING Tusen kvadratmeter gammalt spannm\u00e5lsmagasin i norra hamnomr\u00e5det har f\u00f6rvandlats till konsthall. Det \u00e4r br\u00e5da dagar inf\u00f6r l\u00f6rdagens invigning, f\u00f6r konstn\u00e4rerna Ilkka P\u00e4rni och Kerstin Hedman som st\u00e4ller ut mer \u00e4n hundra verk och f\u00f6r den storsatsande galleristen Joakim Sander.<br \/>\n <a class=\"continue-reading-link\" href=\"https:\/\/www.kultursidan.nu\/?p=4534\">L\u00e4s mer <span class=\"meta-nav\">&rarr; <\/span><\/a><\/p>\n","protected":false},"author":1001006,"featured_media":0,"comment_status":"closed","ping_status":"open","sticky":false,"template":"","format":"standard","meta":{"_jetpack_memberships_contains_paid_content":false,"footnotes":""},"categories":[7],"tags":[14],"class_list":["post-4534","post","type-post","status-publish","format-standard","hentry","category-norrkoping","tag-konst"],"jetpack_featured_media_url":"","jetpack_sharing_enabled":true,"_links":{"self":[{"href":"https:\/\/www.kultursidan.nu\/index.php?rest_route=\/wp\/v2\/posts\/4534","targetHints":{"allow":["GET"]}}],"collection":[{"href":"https:\/\/www.kultursidan.nu\/index.php?rest_route=\/wp\/v2\/posts"}],"about":[{"href":"https:\/\/www.kultursidan.nu\/index.php?rest_route=\/wp\/v2\/types\/post"}],"author":[{"embeddable":true,"href":"https:\/\/www.kultursidan.nu\/index.php?rest_route=\/wp\/v2\/users\/1001006"}],"replies":[{"embeddable":true,"href":"https:\/\/www.kultursidan.nu\/index.php?rest_route=%2Fwp%2Fv2%2Fcomments&post=4534"}],"version-history":[{"count":2,"href":"https:\/\/www.kultursidan.nu\/index.php?rest_route=\/wp\/v2\/posts\/4534\/revisions"}],"predecessor-version":[{"id":39437,"href":"https:\/\/www.kultursidan.nu\/index.php?rest_route=\/wp\/v2\/posts\/4534\/revisions\/39437"}],"wp:attachment":[{"href":"https:\/\/www.kultursidan.nu\/index.php?rest_route=%2Fwp%2Fv2%2Fmedia&parent=4534"}],"wp:term":[{"taxonomy":"category","embeddable":true,"href":"https:\/\/www.kultursidan.nu\/index.php?rest_route=%2Fwp%2Fv2%2Fcategories&post=4534"},{"taxonomy":"post_tag","embeddable":true,"href":"https:\/\/www.kultursidan.nu\/index.php?rest_route=%2Fwp%2Fv2%2Ftags&post=4534"}],"curies":[{"name":"wp","href":"https:\/\/api.w.org\/{rel}","templated":true}]}}