{"id":4603,"date":"2012-02-20T11:54:05","date_gmt":"2012-02-20T10:54:05","guid":{"rendered":"https:\/\/intelligent-friend-7861.standoutwp.com\/?p=4603"},"modified":"2015-05-12T07:41:04","modified_gmt":"2015-05-12T06:41:04","slug":"fullsatt-i-hedvig-nar-martin-lonnebo-kom-med-livets-parlor","status":"publish","type":"post","link":"https:\/\/www.kultursidan.nu\/?p=4603","title":{"rendered":"Fullsatt i Hedvig n\u00e4r Martin L\u00f6nnebo kom med Livets p\u00e4rlor"},"content":{"rendered":"<p><iframe loading=\"lazy\" src=\"https:\/\/www.flickr.com\/photos\/kultursidan\/6908831877\/in\/set-72157629398952469\/player\/\" width=\"500\" height=\"332\" frameborder=\"0\" allowfullscreen=\"allowfullscreen\"><\/iframe><br \/>\n<em>Martin L\u00f6nnebo visar g\u00e4rna upp sin favoritp\u00e4rla, den guldf\u00e4rgade, Gudsp\u00e4rlan<\/em><em>.<\/em><\/p>\n<p>&nbsp;<\/p>\n<h1><span style=\"color: #ff0000;\">En Fr\u00e4lsarkrans f\u00f6r den som tror, tvivlar, s\u00f6ker<\/span><\/h1>\n<p>&nbsp;<\/p>\n<p><strong>Vid en h\u00f6gtid p\u00e5 s\u00f6ndagskv\u00e4llen installerades Fr\u00e4lsarkransen i Hedvigs kyrka med upphovsmannen biskop emeritus Martin L\u00f6nnebo p\u00e5 plats.<\/strong> Inf\u00f6r en i stort sett fullsatt kyrka ber\u00e4ttade han om vad de 18 olika glasp\u00e4rlorna symboliserar.<\/p>\n<p>Det var sensommaren 1995, n\u00e4r Martin L\u00f6nnebo nyligen pensionerats fr\u00e5n sin tj\u00e4nst som biskop i Link\u00f6pings stift, som han vid en resa i Grekland blev strandsatt p\u00e5 en liten \u00f6 med bara 47 innev\u00e5nare. I ett litet rum, som han fick disponera, b\u00f6rjade han skissa p\u00e5 det som blev Fr\u00e4lsarkransen.<\/p>\n<p>Fr\u00e4lsarkransen best\u00e5r av <em>Gudsp\u00e4rlan, Tystnadsp\u00e4rlan, Jagp\u00e4rlan, Dopp\u00e4rlan, \u00d6kenp\u00e4rlan, Bekymmersl\u00f6shetsp\u00e4rlan, K\u00e4rleksp\u00e4rlan \/ Offerp\u00e4rlan, Hemlighetsp\u00e4rlorna, Nattens p\u00e4rla <\/em>och<em> Uppst\u00e5ndelsep\u00e4rlan.<\/em><\/p>\n<p>Sedan Martin L\u00f6nnebo ber\u00e4ttat om de olika p\u00e4rlorna s\u00e5 placerades de ut efter v\u00e4ggarna och meningen \u00e4r att kyrkobes\u00f6kare kan vandra runt och meditera vid p\u00e4rlorna.<\/p>\n<p><strong>P\u00e4rlorna till Hedvigs kyrka \u00e4r tillverkade av ett glasbruk i Sm\u00e5land. <\/strong>Det \u00e4r inte speciellt vanligt med Livets p\u00e4rlor \u2013 Fr\u00e4lsarkransen inuti kyrkor men enligt Martin L\u00f6nnebo finns den i Kalmar domkyrka. M\u00e5nga \u00e4r d\u00e4remot de installationer som byggts upp utanf\u00f6r kyrkor, exempelvis vid Sk\u00e4rkinds kyrka.<\/p>\n<p>Fr\u00e4lsarkransen, som armband, b\u00e4rs idag av tiotusentals personer i m\u00e5nga olika l\u00e4nder. Tillverkningen sker i Indien genom r\u00e4ttvisehandelsbolaget Tara Projects och r\u00e4ttigheterna till Fr\u00e4lsarkransen tillh\u00f6r Verbum f\u00f6rlag.<\/p>\n<p><strong>H\u00f6gtiden inramades med tal <\/strong>av komminister Bo Lennart Nilsson och diakon Per-Olof Engstr\u00f6m samt k\u00f6rs\u00e5ng under ledning av Sara Michelin.<\/p>\n<p><em>Text och foto: Sven \u00c5ke Molund<\/em><\/p>\n<p>&nbsp;<\/p>\n<p>L\u00c4NKAR<br \/>\nFr\u00e4lsarkransen <a title=\"Fr\u00e4lsarkransen\" href=\"http:\/\/www.fralsarkransen.se\/ \" target=\"_blank\">hemsida <\/a><br \/>\nHedvigs kyrka <a title=\"Hedvig\" href=\"http:\/\/www.svenskakyrkan.se\/default.aspx?id=846505\" target=\"_blank\">hemsida<\/a><\/p>\n<p>BILDSPEL (FLASH) \u2013 KLICKA P\u00c5 BILDEN <em>ALT\/MOBIL: SE BILDSPELET <a title=\"Bildspel\" href=\"https:\/\/www.flickr.com\/photos\/kultursidan\/sets\/72157629398952469\/show\/\" target=\"_blank\">H\u00c4R<\/a><\/em><\/p>\n<p><object width=\"400\" height=\"300\"><param name=\"flashvars\" value=\"offsite=true&amp;lang=en-us&amp;page_show_url=%2Fphotos%2Fkultursidan%2Fsets%2F72157629398952469%2Fshow%2F&amp;page_show_back_url=%2Fphotos%2Fkultursidan%2Fsets%2F72157629398952469%2F&amp;set_id=72157629398952469&amp;jump_to=\" \/><param name=\"movie\" value=\"https:\/\/www.flickr.com\/apps\/slideshow\/show.swf?v=1811922554\" \/><param name=\"allowFullScreen\" value=\"true\" \/><\/object><\/p>\n","protected":false},"excerpt":{"rendered":"<p>NORRK\u00d6PING Kanske inte ett radband men en fr\u00e4lsarkrans f\u00f6r den som tror, f\u00f6r den som tvivlar och f\u00f6r den som beh\u00f6ver ro. Den forne Link\u00f6pingsbiskopen ber\u00e4ttade om de p\u00e4rlor som ing\u00e5r i kransen vid installationen i Hedvigs kyrka p\u00e5 s\u00f6ndagskv\u00e4llen.<br \/>\n <a class=\"continue-reading-link\" href=\"https:\/\/www.kultursidan.nu\/?p=4603\">L\u00e4s mer <span class=\"meta-nav\">&rarr; <\/span><\/a><\/p>\n","protected":false},"author":1001006,"featured_media":0,"comment_status":"closed","ping_status":"open","sticky":false,"template":"","format":"standard","meta":{"_jetpack_memberships_contains_paid_content":false,"footnotes":""},"categories":[7],"tags":[70],"class_list":["post-4603","post","type-post","status-publish","format-standard","hentry","category-norrkoping","tag-tro"],"jetpack_featured_media_url":"","jetpack_sharing_enabled":true,"_links":{"self":[{"href":"https:\/\/www.kultursidan.nu\/index.php?rest_route=\/wp\/v2\/posts\/4603","targetHints":{"allow":["GET"]}}],"collection":[{"href":"https:\/\/www.kultursidan.nu\/index.php?rest_route=\/wp\/v2\/posts"}],"about":[{"href":"https:\/\/www.kultursidan.nu\/index.php?rest_route=\/wp\/v2\/types\/post"}],"author":[{"embeddable":true,"href":"https:\/\/www.kultursidan.nu\/index.php?rest_route=\/wp\/v2\/users\/1001006"}],"replies":[{"embeddable":true,"href":"https:\/\/www.kultursidan.nu\/index.php?rest_route=%2Fwp%2Fv2%2Fcomments&post=4603"}],"version-history":[{"count":0,"href":"https:\/\/www.kultursidan.nu\/index.php?rest_route=\/wp\/v2\/posts\/4603\/revisions"}],"wp:attachment":[{"href":"https:\/\/www.kultursidan.nu\/index.php?rest_route=%2Fwp%2Fv2%2Fmedia&parent=4603"}],"wp:term":[{"taxonomy":"category","embeddable":true,"href":"https:\/\/www.kultursidan.nu\/index.php?rest_route=%2Fwp%2Fv2%2Fcategories&post=4603"},{"taxonomy":"post_tag","embeddable":true,"href":"https:\/\/www.kultursidan.nu\/index.php?rest_route=%2Fwp%2Fv2%2Ftags&post=4603"}],"curies":[{"name":"wp","href":"https:\/\/api.w.org\/{rel}","templated":true}]}}