{"id":4620,"date":"2012-02-20T22:01:57","date_gmt":"2012-02-20T21:01:57","guid":{"rendered":"https:\/\/intelligent-friend-7861.standoutwp.com\/?p=4620"},"modified":"2016-06-17T06:11:49","modified_gmt":"2016-06-17T05:11:49","slug":"att-stjala-en-cykel-med-angelworks","status":"publish","type":"post","link":"https:\/\/www.kultursidan.nu\/?p=4620","title":{"rendered":"Att stj\u00e4la en cykel med Angelworks"},"content":{"rendered":"<p><a title=\"Martin Wallin Filpsson, i bakgrunden Kajsa Wallin i Att stj\u00e4la en cykel\" href=\"https:\/\/www.flickr.com\/photos\/kultursidan\/6911782853\/in\/album-72157629406776457\/\"><img loading=\"lazy\" decoding=\"async\" src=\"https:\/\/c6.staticflickr.com\/8\/7059\/6911782853_3151f2df9d.jpg\" alt=\"Martin Wallin Filpsson, i bakgrunden Kajsa Wallin i Att stj\u00e4la en cykel\" width=\"500\" height=\"333\" \/><\/a><br \/>\n<em>Tv\u00e5 speciella personer. Martin Wallin Filipsson spelar den manliga huvudrollen i Att stj\u00e4la en cykel. I bakgrunden Kajsa Wallin som b\u00e5de spelar med i pj\u00e4sen och som har skrivit den.<br \/>\n<\/em><\/p>\n<p>&nbsp;<\/p>\n<h1><span style=\"color: #ff0000;\">Kajsa Wallin skrev sin mans debutroll<\/span><\/h1>\n<p>&nbsp;<\/p>\n<p><strong>En man och en kvinna. De har just b\u00f6rjat l\u00e4ra k\u00e4nna varandra.<\/strong> Hon \u00e4ter havregryn, radar upp de sm\u00e5 pressade flingorna och \u00e4ter upp dem, ett i taget. Han skriver p\u00e5 v\u00e4ggen i sitt svartm\u00e5lade k\u00f6k. N\u00e4r hon har g\u00e5tt kan hans bror komma ut ur garderoben.<\/p>\n<p>Mycket mer \u00e4n s\u00e5 visar inte Angelworks inf\u00f6r upps\u00e4ttningen av Kajsa Wallins pj\u00e4s <em>Att stj\u00e4la en cykel <\/em>som har premi\u00e4r p\u00e5 fredag p\u00e5 Teater Br\u00e5ddgatan 34.<\/p>\n<p>\u2013 Jag \u00e4r r\u00e4tt bra p\u00e5 att skriva. Jag gillar komedier, gillar att skruva med spr\u00e5ket. Och i efterhand uppt\u00e4cker jag att \u201dAha! Det \u00e4r det det handlar om.\u201d, s\u00e4ger Kajsa Wallin.<\/p>\n<p>\u2013 Jag skrev den f\u00f6r mig och Martin.<\/p>\n<p>Hon spelar allts\u00e5 kvinnan i pj\u00e4sen medan hennes man Martin Wallin Filipsson spelar den manliga huvudrollen. D\u00e4rmed g\u00f6r han sin teaterdebut i en \u201driktig\u201d roll. Martin Wallin Filipsson ser sig i f\u00f6rsta hand som musiker men avsl\u00f6jar att han hoppat in en del i improvisationsteater och gjort lite sketcher.<\/p>\n<p><strong>Kajsa Wallin arbetar som ledare vid Kvartersteatern, en amat\u00f6rteaterf\u00f6rening som anser att alla har r\u00e4tt att st\u00e5 p\u00e5 scenen, och att utvecklas.<\/strong> N\u00e4r det g\u00e4ller Kajsa vill hon utvecklas f\u00f6r egen del ocks\u00e5.<\/p>\n<p>\u2013\u00c4r jag kapabel s\u00e5 vill jag g\u00f6ra det jag vill g\u00f6ra, s\u00e4ger hon enkelt och r\u00e4ttframt.<\/p>\n<p>I det ligger skrivandet, teatern och musiken. Hon vill spela teater sj\u00e4lv, inte bara leda andra. Dels \u00e4r hon medlem i improvisationsteatergruppen Impuls och dels \u00e4r hon med i andra upps\u00e4ttningar, f\u00f6rra \u00e5ret i rosade f\u00f6rest\u00e4llningen <em>K+M+R+L<\/em> som produktionsbolaget Angelworks satte upp med Carl Adam Tillberg som regiss\u00f6r. Det \u00e4r ocks\u00e5 till honom hon v\u00e4nt sig <em>med Att stj\u00e4la en cykel<\/em> som hon faktiskt skrev redan f\u00f6r tv\u00e5 \u00e5r sedan.<\/p>\n<p>\u2013 Jag litar p\u00e5 Adam, vi har jobbat ihop med flera produktioner.<\/p>\n<p>G\u00e5r det att l\u00e4mna \u00f6ver sin egen text till en annan regiss\u00f6r och sj\u00e4lv n\u00f6ja sig med att st\u00e5 p\u00e5 scenen?<\/p>\n<p>\u2013 Jag kommer med f\u00f6rslag f\u00f6rst\u00e5s. Men n\u00e4r jag \u00e4r p\u00e5 scenen d\u00e5 litar jag p\u00e5 Adam, f\u00f6rklarar Kajsa Wallin.<\/p>\n<p>\u2013 Du \u00e4r s\u00e5 vettig s\u00e5 att du vet att jag \u00e4r \u00f6gat utifr\u00e5n, returnerar Carl Adam Tillberg.<\/p>\n<p><strong>F\u00f6rest\u00e4llningen kommer att inneh\u00e5lla tv\u00e5 akter: <em>Att stj\u00e4la en cykel<\/em> f\u00f6ljs efter paus av musik.<\/strong> Det blir med Kajsa Wallins texter, plus en del covers. D\u00e5 v\u00e4xer gruppen med Lukas Bystr\u00f6m p\u00e5 trummor och Louice Ottoson p\u00e5 piano.<\/p>\n<p>\u2013 Alla l\u00e5tar utg\u00e5r fr\u00e5n prosalyrik som jag gjort om till l\u00e5ttexter.<\/p>\n<p>Musikakten \u00e4ger rum i Bistron i Kulturkammaren medan sj\u00e4lva pj\u00e4sen spelas i Lilla kammaren, en scen lite vid sidan av de st\u00f6rre teaterscenerna i huset.<\/p>\n<p>\u2013 Det \u00e4r ett mysigt rum d\u00e4r vi f\u00e5r in 40 publikplatser. Det \u00e4r kul ibland n\u00e4r publiken n\u00e4stan f\u00e5r sitta i skeendet, s\u00e4ger Carl Adam Tillberg.<\/p>\n<p><strong>Fyra f\u00f6rest\u00e4llningar \u00e4r inplanerade.<\/strong> Dessutom t\u00e4nker man sig att turnera till Hallstahammar, Kajsa Wallins ursprungliga \u201dhemmascen\u201d, och \u00e4ven g\u00f6ra ett g\u00e4stspel i Stockholmstrakten.<\/p>\n<p><em>Text och foto: Ann-Charlotte Sandelin<\/em><\/p>\n<ul>\n<li>\n<h3>TEATER BR\u00c5DDGATAN 34 Norrk\u00f6ping<\/h3>\n<\/li>\n<li><em>24, 29 februari, 2, 3 mars 2012 kl 19<br \/>\nLilla kammaren<br \/>\n<\/em><strong>Att stj\u00e4la en cykel<br \/>\n<\/strong>av Kajsa Wallin<br \/>\nRegi: Carl Adam Tillberg<br \/>\nI rollerna: Martin Wallin Filipsson, Kajsa Wallin och Carl Adam Tillberg<\/li>\n<li><strong>Efter pausen musik i Bistron<\/strong><br \/>\nmed Kajsa Wallin, Martin Wallin Filipsson, Louice Ottoson och Lukas Bystr\u00f6m<\/li>\n<\/ul>\n<p>L\u00c4NKAR<br \/>\nAngelworks <a title=\"Angelworks\" href=\"http:\/\/www.angelworks.se\/\" target=\"_blank\">hemsida<\/a><br \/>\nTeater Br\u00e5ddgatan 34 <a title=\"Teater Br\u00e5ddgatan 34\" href=\"http:\/\/www.kulturkammaren.se\/\" target=\"_blank\">hemsida <\/a><\/p>\n<p>BILDSPEL (FLASH) \u2013 KLICKA P\u00c5 BILDEN <em><br \/>\nALT\/MOBIL: SE BILDSPELET <a title=\"Bildspel\" href=\"https:\/\/www.flickr.com\/photos\/kultursidan\/sets\/72157629406776457\/show\/\" target=\"_blank\">H\u00c4R<\/a><\/em><br \/>\n<object width=\"400\" height=\"300\"><param name=\"flashvars\" value=\"offsite=true&amp;lang=en-us&amp;page_show_url=%2Fphotos%2Fkultursidan%2Fsets%2F72157629406776457%2Fshow%2F&amp;page_show_back_url=%2Fphotos%2Fkultursidan%2Fsets%2F72157629406776457%2F&amp;set_id=72157629406776457&amp;jump_to=\" \/><param name=\"movie\" value=\"https:\/\/www.flickr.com\/apps\/slideshow\/show.swf?v=1811922554\" \/><param name=\"allowFullScreen\" value=\"true\" \/><\/object><\/p>\n","protected":false},"excerpt":{"rendered":"<p>NORRK\u00d6PING Kajsa Wallin skrev pj\u00e4sen f\u00f6r sig och sin man, men den handlar inte om dem sj\u00e4lva. Komedin Att stj\u00e4la en cykel har premi\u00e4r p\u00e5 fredag p\u00e5 Teater Br\u00e5ddgatan 34.<br \/>\n <a class=\"continue-reading-link\" href=\"https:\/\/www.kultursidan.nu\/?p=4620\">L\u00e4s mer <span class=\"meta-nav\">&rarr; <\/span><\/a><\/p>\n","protected":false},"author":1001006,"featured_media":0,"comment_status":"closed","ping_status":"open","sticky":false,"template":"","format":"standard","meta":{"_jetpack_memberships_contains_paid_content":false,"footnotes":""},"categories":[7],"tags":[13,12],"class_list":["post-4620","post","type-post","status-publish","format-standard","hentry","category-norrkoping","tag-musik","tag-teater"],"jetpack_featured_media_url":"","jetpack_sharing_enabled":true,"_links":{"self":[{"href":"https:\/\/www.kultursidan.nu\/index.php?rest_route=\/wp\/v2\/posts\/4620","targetHints":{"allow":["GET"]}}],"collection":[{"href":"https:\/\/www.kultursidan.nu\/index.php?rest_route=\/wp\/v2\/posts"}],"about":[{"href":"https:\/\/www.kultursidan.nu\/index.php?rest_route=\/wp\/v2\/types\/post"}],"author":[{"embeddable":true,"href":"https:\/\/www.kultursidan.nu\/index.php?rest_route=\/wp\/v2\/users\/1001006"}],"replies":[{"embeddable":true,"href":"https:\/\/www.kultursidan.nu\/index.php?rest_route=%2Fwp%2Fv2%2Fcomments&post=4620"}],"version-history":[{"count":0,"href":"https:\/\/www.kultursidan.nu\/index.php?rest_route=\/wp\/v2\/posts\/4620\/revisions"}],"wp:attachment":[{"href":"https:\/\/www.kultursidan.nu\/index.php?rest_route=%2Fwp%2Fv2%2Fmedia&parent=4620"}],"wp:term":[{"taxonomy":"category","embeddable":true,"href":"https:\/\/www.kultursidan.nu\/index.php?rest_route=%2Fwp%2Fv2%2Fcategories&post=4620"},{"taxonomy":"post_tag","embeddable":true,"href":"https:\/\/www.kultursidan.nu\/index.php?rest_route=%2Fwp%2Fv2%2Ftags&post=4620"}],"curies":[{"name":"wp","href":"https:\/\/api.w.org\/{rel}","templated":true}]}}