{"id":4639,"date":"2012-02-23T22:04:34","date_gmt":"2012-02-23T21:04:34","guid":{"rendered":"https:\/\/intelligent-friend-7861.standoutwp.com\/?p=4639"},"modified":"2019-07-19T09:46:33","modified_gmt":"2019-07-19T08:46:33","slug":"ika-nord-regisserar-jakten-pa-de-osynliga-med-teater-pelikanen","status":"publish","type":"post","link":"https:\/\/www.kultursidan.nu\/?p=4639","title":{"rendered":"Ika Nord regisserar Jakten p\u00e5 de osynliga"},"content":{"rendered":"<p><img loading=\"lazy\" decoding=\"async\" class=\"alignnone\" src=\"https:\/\/live.staticflickr.com\/7046\/6924031365_07dcb7c1a6.jpg\" alt=\"Stig \u00d6stman som Herr Krepski\" width=\"500\" height=\"281\" \/><br \/>\n<em>Stig \u00d6stman tycker mycket om sin rollfigur Herr Krepski \u2013 en man med b\u00e5de intellekt, vetenskap och fantasi.<br \/>\n<\/em><\/p>\n<p>&nbsp;<\/p>\n<p><iframe loading=\"lazy\" src=\"https:\/\/www.youtube.com\/embed\/JeCPGemFrn0\" width=\"560\" height=\"315\" frameborder=\"0\" allowfullscreen=\"allowfullscreen\"><\/iframe><br \/>\n<em>Intervjuer med Ika Nord och Stig \u00d6stman.<\/em><\/p>\n<p>&nbsp;<\/p>\n<h1><span style=\"color: #ff0000;\">Krepski fascinerar Stig \u00d6stman<\/span><\/h1>\n<p>&nbsp;<\/p>\n<p><strong>Tv\u00e5 forskningsresande har anl\u00e4nt till Teater Br\u00e5ddgatan 34.<\/strong> De studerar den osynliga v\u00e4rlden: stora och sm\u00e5 drakar, troll, vresar och \u00e4lvor. Mest av allt vill de hitta Bergs\u00e4lvan som inte har visat sig f\u00f6r m\u00e4nniskorna p\u00e5 \u00f6ver 300 \u00e5r.<\/p>\n<p>Teater Pelikanens Eva Carlsson har skrivit <em>Jakten p\u00e5 de osynliga<\/em> som \u00e4r en s\u00e5 stor satsning att den har tv\u00e5 premi\u00e4rer, f\u00f6rst en f\u00f6rskolepremi\u00e4r under sportlovet och sedan en riktig Premi\u00e4r p\u00e5 s\u00f6ndag. F\u00f6rest\u00e4llningen v\u00e4nder sig till barn mellan 4 och 9 \u00e5r.<\/p>\n<p>&nbsp;<\/p>\n<p><img loading=\"lazy\" decoding=\"async\" class=\"alignnone\" src=\"https:\/\/live.staticflickr.com\/7065\/6777915560_1a7bf3fa46.jpg\" alt=\"Ika Nord regisserar Jakten p\u00e5 de osynliga\" width=\"500\" height=\"281\" \/><br \/>\n<em>Ika Nord regisserar Jakten p\u00e5 de osynliga.<\/em><\/p>\n<p>&nbsp;<\/p>\n<p><strong>Ika Nord regisserar <em>Jakten p\u00e5 de osynliga<\/em>.<\/strong> Hon ber\u00e4ttar att hon genast blev f\u00f6rtjust i id\u00e9n n\u00e4r Eva Carlsson presenterade den.<\/p>\n<p>\u2013 Innan jag s\u00e5g manus hade vi ju tr\u00e4ffats och pratat om vad det var f\u00f6r v\u00e4rld som skulle beskrivas och vilka typerna var som bebodde den v\u00e4rlden och vad de skulle visa upp och ber\u00e4tta och leta efter, s\u00e4ger Ika Nord.<\/p>\n<p>&nbsp;<\/p>\n<p><img loading=\"lazy\" decoding=\"async\" class=\"alignnone\" src=\"https:\/\/live.staticflickr.com\/7208\/6924031103_1d92c0a5a8.jpg\" alt=\"Eva Carlsson som Madame Suffletski\" width=\"500\" height=\"281\" \/><br \/>\n<em>Kemist. Eva Carlsson spelar Madame Suffletski.<\/em><\/p>\n<p>&nbsp;<\/p>\n<p><strong>Herr Krepski och Madame Suffletski heter de tv\u00e5 vetenskapsm\u00e4nnen som samarbetar i s\u00f6kandet efter varelser fr\u00e5n den osynliga v\u00e4rlden.<\/strong> Madame Suffletski \u00e4r kemist medan Herr Krepski f\u00f6rdjupar sig i aerofysik och f\u00f6rs\u00f6ker kontakta den andra v\u00e4rlden medelst radiov\u00e5gor.<\/p>\n<p>\u2013 De \u00e4r tv\u00e5 f\u00f6rtjusande figurer, ber\u00e4ttar Ika Nord och f\u00f6rklarar pj\u00e4sens id\u00e9 och varf\u00f6r den \u00e4r viktig f\u00f6r publiken:<\/p>\n<p>\u2013 Hela den delen av existensen som \u00e4r att s\u00f6ka efter alltifr\u00e5n mening till kunskap och mystik, allt det \u00e4r ju otroligt fascinerande. Det \u00e4r sp\u00e4nnande och samtidigt \u00e4r det tryggt, f\u00f6r det \u00e4r n\u00e4ra. De \u00e4r n\u00e4ra varandra och den osynliga v\u00e4rlden \u00e4r n\u00e4ra den synliga.<\/p>\n<p>&nbsp;<\/p>\n<p><img loading=\"lazy\" decoding=\"async\" class=\"alignnone\" src=\"https:\/\/live.staticflickr.com\/7197\/6777914438_8547396096.jpg\" alt=\"Forskningsresande\" width=\"500\" height=\"281\" \/><br \/>\n<em>Scenbild. T\u00e4ltet i naturen och Madame Suffletskis kemilabb.<\/em><\/p>\n<p>&nbsp;<\/p>\n<p><strong>Det \u00e4r m\u00e5nga \u00e5r sedan Stig \u00d6stman spelade barnteater i Norrk\u00f6ping, d\u00e5 i teatergruppen Pantalone. <\/strong>Men nu har han allts\u00e5 lockats tillbaka f\u00f6r att spela rollen som Herr Krepski.<\/p>\n<p>\u2013 Vi har i m\u00e5nga \u00e5r pratat om att g\u00f6ra n\u00e5got ihop. Som frlansare har man ju en lite snurrig v\u00e4rld hit och dit men s\u00e5 st\u00e4mde det helt pl\u00f6tsligt nu. Allting blev r\u00e4tt, s\u00e4ger Stig \u00d6stman som tycker mycket om sin rollfigur.<\/p>\n<p>\u2013 Jag tycker det \u00e4r en oerh\u00f6rt fascinerande m\u00e4nniska, p\u00e5 grund av ett intellekt och den \u00f6ppna fantasin. Det \u00e4r inte m\u00e5nga m\u00e4nniskor som kan hantera b\u00e5da sidorna av sitt liv s\u00e5 bra som han kan.<\/p>\n<p>\u2013 Det g\u00e4ller f\u00f6r oss alla att tr\u00e4na det d\u00e4r med fantasin och samtidigt ha bra kontakt och kontroll p\u00e5 omv\u00e4rlden.<\/p>\n<p>Som Herr Krepski.<\/p>\n<p><em>Text, film och foto: Ann-Charlotte Sandelin<\/em><\/p>\n<p>&nbsp;<\/p>\n<p><img loading=\"lazy\" decoding=\"async\" class=\"alignnone\" src=\"https:\/\/live.staticflickr.com\/7183\/6924031639_ff730b6e76.jpg\" alt=\"Bergs\u00e4lvan\" width=\"500\" height=\"281\" \/><br \/>\n<em>Ljuv magi\u2013 Bergs\u00e4lvan.<\/em><\/p>\n<p>&nbsp;<\/p>\n<ul>\n<li>\n<h3>TEATER BR\u00c5DDGATAN 34 Norrk\u00f6ping<\/h3>\n<\/li>\n<li><em>F\u00f6rskolepremi\u00e4r fredag 24 februari kl 10, spelas \u00e4ven kl 13<br \/>\nPREMI\u00c4R s\u00f6ndag 26 februari 2012 kl 15<br \/>\nM\u00e5ndag 27 och tisdag 28 februari kl. 9.00 och 10.15<br \/>\n<\/em><strong>Jakten p\u00e5 de osynliga<br \/>\n<\/strong>av Eva Carlsson<br \/>\nRegi: Ika Nord<br \/>\nMusik: David Tallroth<br \/>\nScenografi: Benita Bergfelt-L\u00f6fgren<br \/>\nTeater Pelikanen<\/p>\n<ul>\n<li>Medverkande:<br \/>\nEva Carlsson och Stig \u00d6stman<\/li>\n<\/ul>\n<\/li>\n<\/ul>\n<p>&nbsp;<\/p>\n<p>L\u00c4NKAR<br \/>\nTeater Pelikanen <a title=\"Teater Pelikanen\" href=\"http:\/\/www.teaterpelikanen.se\/\" target=\"_blank\" rel=\"noopener noreferrer\">hemsida <\/a><br \/>\nTeater Br\u00e5ddgatan 34 <a title=\"Teater Br\u00e5ddgatan 34\" href=\"http:\/\/www.kulturkammaren.se\/\" target=\"_blank\" rel=\"noopener noreferrer\">hemsida<\/a><\/p>\n","protected":false},"excerpt":{"rendered":"<p>NORRK\u00d6PING Teater Pelikanens nya pj\u00e4s handlar om tv\u00e5 forskningsresande som s\u00f6ker kontakt med varelserna i de osynligas v\u00e4rld. Regiss\u00f6ren Ika Nord \u00e4r f\u00f6rtjust i Herr Krepski och Madame Suffletski som blandar vetenskap med magi. Och mycket fantasi f\u00f6rst\u00e5s.<br \/>\n <a class=\"continue-reading-link\" href=\"https:\/\/www.kultursidan.nu\/?p=4639\">L\u00e4s mer <span class=\"meta-nav\">&rarr; <\/span><\/a><\/p>\n","protected":false},"author":1001006,"featured_media":0,"comment_status":"closed","ping_status":"open","sticky":false,"template":"","format":"standard","meta":{"_jetpack_memberships_contains_paid_content":false,"footnotes":""},"categories":[7],"tags":[37,12],"class_list":["post-4639","post","type-post","status-publish","format-standard","hentry","category-norrkoping","tag-barnkultur","tag-teater"],"jetpack_featured_media_url":"","jetpack_sharing_enabled":true,"_links":{"self":[{"href":"https:\/\/www.kultursidan.nu\/index.php?rest_route=\/wp\/v2\/posts\/4639","targetHints":{"allow":["GET"]}}],"collection":[{"href":"https:\/\/www.kultursidan.nu\/index.php?rest_route=\/wp\/v2\/posts"}],"about":[{"href":"https:\/\/www.kultursidan.nu\/index.php?rest_route=\/wp\/v2\/types\/post"}],"author":[{"embeddable":true,"href":"https:\/\/www.kultursidan.nu\/index.php?rest_route=\/wp\/v2\/users\/1001006"}],"replies":[{"embeddable":true,"href":"https:\/\/www.kultursidan.nu\/index.php?rest_route=%2Fwp%2Fv2%2Fcomments&post=4639"}],"version-history":[{"count":2,"href":"https:\/\/www.kultursidan.nu\/index.php?rest_route=\/wp\/v2\/posts\/4639\/revisions"}],"predecessor-version":[{"id":42001,"href":"https:\/\/www.kultursidan.nu\/index.php?rest_route=\/wp\/v2\/posts\/4639\/revisions\/42001"}],"wp:attachment":[{"href":"https:\/\/www.kultursidan.nu\/index.php?rest_route=%2Fwp%2Fv2%2Fmedia&parent=4639"}],"wp:term":[{"taxonomy":"category","embeddable":true,"href":"https:\/\/www.kultursidan.nu\/index.php?rest_route=%2Fwp%2Fv2%2Fcategories&post=4639"},{"taxonomy":"post_tag","embeddable":true,"href":"https:\/\/www.kultursidan.nu\/index.php?rest_route=%2Fwp%2Fv2%2Ftags&post=4639"}],"curies":[{"name":"wp","href":"https:\/\/api.w.org\/{rel}","templated":true}]}}