{"id":4655,"date":"2012-02-24T17:44:56","date_gmt":"2012-02-24T16:44:56","guid":{"rendered":"https:\/\/intelligent-friend-7861.standoutwp.com\/?p=4655"},"modified":"2015-09-19T07:56:16","modified_gmt":"2015-09-19T06:56:16","slug":"tre-sinnliga-konstnarer-i-konstkatedralen-pa-saltangen","status":"publish","type":"post","link":"https:\/\/www.kultursidan.nu\/?p=4655","title":{"rendered":"Tre sinnliga konstn\u00e4rer i konstkatedralen p\u00e5 Salt\u00e4ngen (recension)"},"content":{"rendered":"<p><iframe loading=\"lazy\" src=\"https:\/\/www.flickr.com\/photos\/kultursidan\/6925939737\/in\/set-72157629444265681\/player\/\" width=\"500\" height=\"333\" frameborder=\"0\" allowfullscreen=\"allowfullscreen\"><\/iframe><br \/>\n<em>NP33 \u00e4r en upplevelse i sig. Rummet kr\u00e4ver sin konst, och ger avskildhet f\u00f6r eftertanke och begrundan tillbaka.<\/em><\/p>\n<p>&nbsp;<\/p>\n<h1><span style=\"color: #ff0000;\">Fr\u00e5n labyrintlek till spanska rytmer och tillbaka till dig sj\u00e4lv<\/span><\/h1>\n<p>&nbsp;<\/p>\n<p><strong>Det \u00e4r vackert gjort. Joakim Sander \u00f6ppnar det katedrallika, nyrenoverade gamla s\u00e4desmagasinet med en konst som andas stillhet, lugn och v\u00e4rdighet.<\/strong> Det \u00e4r dessutom stort och mycket. Men bes\u00f6karen kan \u00e4nd\u00e5 lugnt vandra runt och i avskildhet st\u00e4mma m\u00f6te med varje verk av de tre utst\u00e4llande konstn\u00e4rerna, som har sinnligheten gemensamt.<\/p>\n<p><strong>Illka P\u00e4rni<\/strong> lockar in mig i en labyrintisk lek med f\u00e4rger och linjerade former, helt utomv\u00e4rldslig men spelande p\u00e5 min r\u00e4dsla f\u00f6r m\u00f6rker och l\u00e4ngtan efter ljus.<\/p>\n<p><strong>Erik Chambert<\/strong> (1902-1988) kunde skildra ett landskap, en dansrytm, ett f\u00f6rbiseende \u00f6gonblick eller sammanfattningen av ett helt liv. Ibland \u00e4r det gjort med igenk\u00e4nnbara stiliserade former och ibland helt abstrakt. Jag f\u00e5ngas b\u00e5de av livsallvaret och av den sinnliga gl\u00e4djen; den spanska dansens rytmer eller det sydfranska sl\u00e4ttlandskapet vid Camarque med det starka solljuset, h\u00f6ga himlen och vindarna.<\/p>\n<p><strong>Kerstin Hedmans<\/strong> till synes enf\u00e4rgade m\u00e5lningar m\u00f6ter mig med sin egen styrka; som att se in i l\u00e4gerelden eller m\u00f6ta den \u00e4lskades blick eller h\u00f6ra Th\u00e5str\u00f6ms r\u00e5a st\u00e4mma eller liggande p\u00e5 rygg se rakt in i himlen. D\u00e4rute \u00e4r h\u00e4r inne, samtidigt! Som att jag och alltet \u00e4r ett och detsamma! En befriande upplevelse!<\/p>\n<p><strong>Utst\u00e4llningen v\u00e4cker intresse ocks\u00e5 d\u00e4rf\u00f6r att alla tre f\u00f6rh\u00e5ller sig medvetet till den platta tavelytan, men p\u00e5 tre olika s\u00e4tt.<\/strong> Illka P\u00e4rni leder betraktarens blick in ett fiktivt rum bakom ytan, \u00e4ven om det bara blir n\u00e5gon decimeter. Erik Chambert l\u00e5ter rumsliga former v\u00e4xa fram mot betraktaren fr\u00e5n ytan och bli till skulptur. Det tydligg\u00f6r han genom att innesluta dem i sm\u00e5 glasrum, som sm\u00e5 akvarium. Kerstin Hedman hindrar medvetet betraktaren fr\u00e5n att tr\u00e4nga in i ett fiktivt rum bakom ytan: Stopp! Hit men inte l\u00e4ngre! Tillbaka till dig sj\u00e4lv! Det g\u00f6r hon med ett underliggande m\u00f6nster, eller annat knep, som \u00e4r till f\u00f6r att betona ytans faktiska existens och \u00e5stadkomma det sv\u00e4vande samtalet med betraktaren. \u201dMellan stranden jag och stranden du finns ett hav!\u201d som Ranelid skanderar.<\/p>\n<p><strong>Ute p\u00e5 Norra Promenaden i vinters\u00f6rjan och livets r\u00f6ra k\u00e4nner jag tillf\u00f6rsikt<\/strong> med att s\u00e5dana h\u00e4r katedraler \u00e4nd\u00e5 blir till och kan ge mig vila, tid f\u00f6r eftertanke och ibland ge nya meningar \u00e5t tillvaron. Kanske m\u00e5nga bes\u00f6kare kommer att tycka att just den h\u00e4r utst\u00e4llningen \u00e4r f\u00f6r and\u00e4ktig och pretenti\u00f6s!? Att m\u00e5nga k\u00e4nner sig r\u00e5dvilla och dumma, att det h\u00e4r \u00e4r bara till f\u00f6r livsnjutare och ambiti\u00f6sa sj\u00e4lvf\u00f6rverkligare!?<\/p>\n<p>Ja, det \u00e4r m\u00f6jligt, men \u00e4n sen d\u00e5!<\/p>\n<p><em>Text: Olov Rasch<br \/>\nFoto: Olov Rasch och Ann-Charlotte Sandelin<\/em><\/p>\n<p>&nbsp;<\/p>\n<ul>\n<li>\n<h3>NP33 Norrk\u00f6ping<\/h3>\n<\/li>\n<li><em>18 februari \u2013 31 mars 2012<\/em><\/li>\n<li><strong>Kerstin Hedman &amp; Ilkka P\u00e4rni<\/strong><br \/>\nKonstruktivt<\/li>\n<li><strong>Erik Chambert<\/strong><\/li>\n<\/ul>\n<p>&nbsp;<\/p>\n<p>L\u00c4NKAR<br \/>\nNP33 <a title=\"NP33\" href=\"www.np33.se\" target=\"_blank\">hemsida<\/a><br \/>\nIlkka P\u00e4rni och Kerstin Hedman (och Erik Chambert) inviger NP33 <a title=\"Ilkka P\u00e4rni och Kerstin Hedman (och Chambert) inviger NP33\" href=\"https:\/\/www.kultursidan.nu\/?p=4534\" target=\"_blank\">f\u00f6rhandsreportage med film<\/a> Kultursidan.nu 17\/2 2012<br \/>\nFl\u00f6dande lovord n\u00e4r NP33 \u00f6ppnade portarna <a title=\"Fl\u00f6dande lovord n\u00e4r NP33 \u00f6ppnade portarna\" href=\"https:\/\/www.kultursidan.nu\/?p=4579\" target=\"_blank\">reportage<\/a> Kultursidan.nu\u00a0 19\/2 2012<\/p>\n<p>&nbsp;<\/p>\n<p>FLER BILDER FR\u00c5N KONSTKATEDRALEN \u2013 KLICKA P\u00c5 BILDEN\u00a0 <em>ALT\/MOBIL \u2013 KLICKA <a title=\"Bildspel\" href=\"https:\/\/www.flickr.com\/\/photos\/kultursidan\/sets\/72157629444265681\/show\/\" target=\"_blank\">H\u00c4R <\/a><\/em><\/p>\n<p><object width=\"400\" height=\"300\"><param name=\"flashvars\" value=\"offsite=true&amp;lang=en-us&amp;page_show_url=%2Fphotos%2Fkultursidan%2Fsets%2F72157629444265681%2Fshow%2F&amp;page_show_back_url=%2Fphotos%2Fkultursidan%2Fsets%2F72157629444265681%2F&amp;set_id=72157629444265681&amp;jump_to=\" \/><param name=\"movie\" value=\"https:\/\/www.flickr.com\/apps\/slideshow\/show.swf?v=1811922554\" \/><param name=\"allowFullScreen\" value=\"true\" \/><\/object><\/p>\n<p>FLER BILDER FR\u00c5N ERIK CHAMBERTUTST\u00c4LLNINGEN \u2013 KLICKA P\u00c5 BILDEN\u00a0 <em>ALT\/MOBIL \u2013 KLICKA <a title=\"Bildspel\" href=\"https:\/\/www.flickr.com\/\/photos\/kultursidan\/sets\/72157629444383825\/show\/\" target=\"_blank\">H\u00c4R <\/a><\/em><br \/>\n<object width=\"400\" height=\"300\"><param name=\"flashvars\" value=\"offsite=true&amp;lang=en-us&amp;page_show_url=%2Fphotos%2Fkultursidan%2Fsets%2F72157629444383825%2Fshow%2F&amp;page_show_back_url=%2Fphotos%2Fkultursidan%2Fsets%2F72157629444383825%2F&amp;set_id=72157629444383825&amp;jump_to=\" \/><param name=\"movie\" value=\"https:\/\/www.flickr.com\/apps\/slideshow\/show.swf?v=1811922554\" \/><param name=\"allowFullScreen\" value=\"true\" \/><\/object><\/p>\n<p>FLER BILDER AV ILKKA P\u00c4RNI \u2013 KLICKA P\u00c5 BILDEN\u00a0 <em>ALT\/MOBIL \u2013 KLICKA <a title=\"Bildspel\" href=\"https:\/\/www.flickr.com\/\/photos\/kultursidan\/sets\/72157629444377217\/show\/\" target=\"_blank\">H\u00c4R <\/a><\/em><br \/>\n<object width=\"400\" height=\"300\"><param name=\"flashvars\" value=\"offsite=true&amp;lang=en-us&amp;page_show_url=%2Fphotos%2Fkultursidan%2Fsets%2F72157629444377217%2Fshow%2F&amp;page_show_back_url=%2Fphotos%2Fkultursidan%2Fsets%2F72157629444377217%2F&amp;set_id=72157629444377217&amp;jump_to=\" \/><param name=\"movie\" value=\"https:\/\/www.flickr.com\/apps\/slideshow\/show.swf?v=1811922554\" \/><param name=\"allowFullScreen\" value=\"true\" \/><\/object><\/p>\n<p>FLER BILDER AV KERSTIN HEDMAN \u2013 KLICKA P\u00c5 BILDEN\u00a0 <em>ALT\/MOBIL \u2013 KLICKA <a title=\"Bildspel\" href=\"https:\/\/www.flickr.com\/\/photos\/kultursidan\/sets\/72157629079629268\/show\/\" target=\"_blank\">H\u00c4R <\/a><\/em><br \/>\n<object width=\"400\" height=\"300\"><param name=\"flashvars\" value=\"offsite=true&amp;lang=en-us&amp;page_show_url=%2Fphotos%2Fkultursidan%2Fsets%2F72157629079629268%2Fshow%2F&amp;page_show_back_url=%2Fphotos%2Fkultursidan%2Fsets%2F72157629079629268%2F&amp;set_id=72157629079629268&amp;jump_to=\" \/><param name=\"movie\" value=\"https:\/\/www.flickr.com\/apps\/slideshow\/show.swf?v=1811922554\" \/><param name=\"allowFullScreen\" value=\"true\" \/><\/object><\/p>\n","protected":false},"excerpt":{"rendered":"<p>NORRK\u00d6PING P\u00e5 Norra Promenaden ligger NP33, ett vackert nyrenoverat gammalt s\u00e4desmagasin som f\u00f6rvandlats till konstkatedral. Tre konstn\u00e4rer, sinnliga var och en p\u00e5 sitt s\u00e4tt, inviger med en konst som andas stillhet, lugn och v\u00e4rdighet. Men ocks\u00e5 med labyrintisk lek, spanska dansrytmer och omutliga stopp.<br \/>\n <a class=\"continue-reading-link\" href=\"https:\/\/www.kultursidan.nu\/?p=4655\">L\u00e4s mer <span class=\"meta-nav\">&rarr; <\/span><\/a><\/p>\n","protected":false},"author":1001006,"featured_media":0,"comment_status":"closed","ping_status":"open","sticky":false,"template":"","format":"standard","meta":{"_jetpack_memberships_contains_paid_content":false,"footnotes":""},"categories":[7],"tags":[14],"class_list":["post-4655","post","type-post","status-publish","format-standard","hentry","category-norrkoping","tag-konst"],"jetpack_featured_media_url":"","jetpack_sharing_enabled":true,"_links":{"self":[{"href":"https:\/\/www.kultursidan.nu\/index.php?rest_route=\/wp\/v2\/posts\/4655","targetHints":{"allow":["GET"]}}],"collection":[{"href":"https:\/\/www.kultursidan.nu\/index.php?rest_route=\/wp\/v2\/posts"}],"about":[{"href":"https:\/\/www.kultursidan.nu\/index.php?rest_route=\/wp\/v2\/types\/post"}],"author":[{"embeddable":true,"href":"https:\/\/www.kultursidan.nu\/index.php?rest_route=\/wp\/v2\/users\/1001006"}],"replies":[{"embeddable":true,"href":"https:\/\/www.kultursidan.nu\/index.php?rest_route=%2Fwp%2Fv2%2Fcomments&post=4655"}],"version-history":[{"count":0,"href":"https:\/\/www.kultursidan.nu\/index.php?rest_route=\/wp\/v2\/posts\/4655\/revisions"}],"wp:attachment":[{"href":"https:\/\/www.kultursidan.nu\/index.php?rest_route=%2Fwp%2Fv2%2Fmedia&parent=4655"}],"wp:term":[{"taxonomy":"category","embeddable":true,"href":"https:\/\/www.kultursidan.nu\/index.php?rest_route=%2Fwp%2Fv2%2Fcategories&post=4655"},{"taxonomy":"post_tag","embeddable":true,"href":"https:\/\/www.kultursidan.nu\/index.php?rest_route=%2Fwp%2Fv2%2Ftags&post=4655"}],"curies":[{"name":"wp","href":"https:\/\/api.w.org\/{rel}","templated":true}]}}