{"id":4678,"date":"2012-02-26T12:42:20","date_gmt":"2012-02-26T11:42:20","guid":{"rendered":"https:\/\/intelligent-friend-7861.standoutwp.com\/?p=4678"},"modified":"2014-06-11T14:32:25","modified_gmt":"2014-06-11T13:32:25","slug":"hjartlig-abyrevy-bjod-pa-film-musikelever-och-james-bond","status":"publish","type":"post","link":"https:\/\/www.kultursidan.nu\/?p=4678","title":{"rendered":"Hj\u00e4rtlig \u00c5byrevy bj\u00f6d p\u00e5 film, musikelever och James Bond"},"content":{"rendered":"<p><iframe loading=\"lazy\" src=\"https:\/\/www.flickr.com\/photos\/kultursidan\/6784997354\/player\/\" width=\"500\" height=\"332\" frameborder=\"0\" allowfullscreen=\"allowfullscreen\"><\/iframe><\/p>\n<p><em>Bond. James Bond visar sig inte heller vara s\u00e5 fr\u00e4sch som en Bondbrud kan f\u00f6rv\u00e4nta sig.<\/em><\/p>\n<p><strong>\u00a0<\/strong><\/p>\n<h1><strong><span style=\"color: #ff0000;\">Revyn som tror p\u00e5 \u00c5by \u2013 nu, d\u00e5 och i framtiden<\/span><\/strong><\/h1>\n<p><strong>\u00a0<\/strong><\/p>\n<p><strong>Den som vill se en riktig lokalrevy med entusiastiska amat\u00f6rsk\u00e5despelare skall bege sig till \u00c5by Folkets hus utanf\u00f6r Norrk\u00f6ping.<\/strong> F\u00f6r sjunde \u00e5ret i rad s\u00e4tter H\u00e5kan Thornell upp en revy som tidigare framf\u00f6rts som ny\u00e5rsrevy men i \u00e5r startade den 24 februari. \u00c5by i mitt hj\u00e4rta.<\/p>\n<p><strong>P\u00e5 scenen samlar han 10 v\u00e4nner och amat\u00f6rer och bjuder upp till en trivsam kv\u00e4ll. <\/strong>Det som k\u00e4nnetecknar \u00c5byrevyn \u00e4r att H\u00e5kan i sina texter och revyuppl\u00e4gg blandar historia, nutid och framtid. I \u00e5r visar man en kort film om det som en g\u00e5ng var \u00c5by Folkets Park och f\u00f6r m\u00e5nga var den filmen en nostalgisk tripp till det som varit.<\/p>\n<p>Rikspolitiken och den lokala politiken f\u00e5r ocks\u00e5 sitt. H\u00e5kan Juholt f\u00e5r i revyn en annorlunda roll \u00e4n som fr\u00e5n b\u00f6rjan var t\u00e4nkt, men ordnar h\u00e4r en tr\u00e4ff med media f\u00f6r att tillk\u00e4nnage att han inte ger upp utan t\u00e4nker komma tillbaka som statsminister efter valet 2014. Norrk\u00f6pings styrande politiker Lasse Stjernkvist finns naturligtvis med p\u00e5 ett h\u00f6rn, i Politikerskolan. Eon, k\u00e4rnkraft och vindkraft finns ocks\u00e5 med men ocks\u00e5 en framtidstro f\u00f6r \u00c5by.<\/p>\n<p><strong>Fantomen, St\u00e5lmannen och James Bond kommer ocks\u00e5 p\u00e5 bes\u00f6k.<\/strong> En rolig episod \u00e4r n\u00e4r det \u00e4r dags f\u00f6r en date efter kontakt p\u00e5 n\u00e4tet. Det som mannen trodde var en \u201dBondbrud\u201d visade sig vara en bondbrud som luktade starkt efter att ha mockat i lag\u00e5rn!<\/p>\n<p>Ett r\u00e5n fanns med men n\u00e4r offre<\/p>\n","protected":false},"excerpt":{"rendered":"<p>\u00c5BY Vem har sagt att man inte kan spela revy tv\u00e5 m\u00e5nader efter ny\u00e5r? H\u00e5kan Thornell basar \u00f6ver sin sjunde ny\u00e5rsrevy och mixar sk\u00e4mt om \u00e5ldrade superhj\u00e4ltar med politik och vanligt folks vederm\u00f6dor. Men bjuder ocks\u00e5 p\u00e5 nostalgifilm och ungdomsorkester.<br \/>\n <a class=\"continue-reading-link\" href=\"https:\/\/www.kultursidan.nu\/?p=4678\">L\u00e4s mer <span class=\"meta-nav\">&rarr; <\/span><\/a><\/p>\n","protected":false},"author":1001006,"featured_media":0,"comment_status":"closed","ping_status":"closed","sticky":false,"template":"","format":"standard","meta":{"_jetpack_memberships_contains_paid_content":false,"footnotes":""},"categories":[7],"tags":[33],"class_list":["post-4678","post","type-post","status-publish","format-standard","hentry","category-norrkoping","tag-revy"],"jetpack_featured_media_url":"","jetpack_sharing_enabled":true,"_links":{"self":[{"href":"https:\/\/www.kultursidan.nu\/index.php?rest_route=\/wp\/v2\/posts\/4678","targetHints":{"allow":["GET"]}}],"collection":[{"href":"https:\/\/www.kultursidan.nu\/index.php?rest_route=\/wp\/v2\/posts"}],"about":[{"href":"https:\/\/www.kultursidan.nu\/index.php?rest_route=\/wp\/v2\/types\/post"}],"author":[{"embeddable":true,"href":"https:\/\/www.kultursidan.nu\/index.php?rest_route=\/wp\/v2\/users\/1001006"}],"replies":[{"embeddable":true,"href":"https:\/\/www.kultursidan.nu\/index.php?rest_route=%2Fwp%2Fv2%2Fcomments&post=4678"}],"version-history":[{"count":0,"href":"https:\/\/www.kultursidan.nu\/index.php?rest_route=\/wp\/v2\/posts\/4678\/revisions"}],"wp:attachment":[{"href":"https:\/\/www.kultursidan.nu\/index.php?rest_route=%2Fwp%2Fv2%2Fmedia&parent=4678"}],"wp:term":[{"taxonomy":"category","embeddable":true,"href":"https:\/\/www.kultursidan.nu\/index.php?rest_route=%2Fwp%2Fv2%2Fcategories&post=4678"},{"taxonomy":"post_tag","embeddable":true,"href":"https:\/\/www.kultursidan.nu\/index.php?rest_route=%2Fwp%2Fv2%2Ftags&post=4678"}],"curies":[{"name":"wp","href":"https:\/\/api.w.org\/{rel}","templated":true}]}}