{"id":4773,"date":"2012-03-02T12:36:21","date_gmt":"2012-03-02T11:36:21","guid":{"rendered":"https:\/\/intelligent-friend-7861.standoutwp.com\/?p=4773"},"modified":"2015-02-02T13:38:07","modified_gmt":"2015-02-02T12:38:07","slug":"svart-humor-med-vita-streck-i-att-stjala-en-cykel","status":"publish","type":"post","link":"https:\/\/www.kultursidan.nu\/?p=4773","title":{"rendered":"Svart humor med vita streck i Att stj\u00e4la en cykel"},"content":{"rendered":"<p><iframe loading=\"lazy\" src=\"https:\/\/www.flickr.com\/photos\/kultursidan\/6945986171\/in\/set-72157629494284399\/player\/\" width=\"500\" height=\"333\" frameborder=\"0\" allowfullscreen=\"allowfullscreen\"><\/iframe><br \/>\n<em>Havregrynsspecialist. Kajsa Wallin som Elise i egna komedin Att stj\u00e4la en cykel.<br \/>\n<\/em><\/p>\n<p>&nbsp;<\/p>\n<h1><span style=\"color: #ff0000;\">Kajsa Wallin bjuder p\u00e5 teater, musik och v\u00e4nner<\/span><\/h1>\n<p>&nbsp;<\/p>\n<p><strong>Allt \u00e4r svart: golvet, taket, v\u00e4ggarna, ocks\u00e5 det enkla m\u00f6blemanget i Lilla kammaren p\u00e5 Teater Br\u00e5ddgatan 34.<\/strong> Det enda vita \u00e4r smala linjer p\u00e5 garderoben, bordet och stolarna, som vore de benrangelsversioner av sig sj\u00e4lva eller tecknade. Och kritskriften p\u00e5 v\u00e4ggen: Vafalls?!! och listor p\u00e5 Elaka \u00e4ckliga saker.<\/p>\n<p>Han som skrivit ska just till att h\u00e4nga sig, Sam st\u00e5r p\u00e5 bordet med rep\u00f6glan om nacken n\u00e4r det knackar p\u00e5 d\u00f6rren. Och knackar igen. Utanf\u00f6r st\u00e5r ett blomsterbud som inte ger upp i f\u00f6rsta taget. Hon har b\u00e5de blommor och budskap med sig.<\/p>\n<p><strong>Elise lirkar sig in genom d\u00f6rren och in i den motvillige Sams liv.<\/strong> \u00c5tminstone vill hon det, hitta lite hopp och k\u00e4nslan av att f\u00e5 h\u00f6ra till f\u00f6r egen del. Medan Sam, ja egentligen heter han n\u00e5got annat som \u00e4r f\u00f6r runt och f\u00f6r gulligt f\u00f6r att passa en svart\u00f6gd dysterkvist, helst vill f\u00e5 \u00e4gna sig \u00e5t sig och sina svarta tankar i fred.<\/p>\n<p>Hennes envishet n\u00e5r honom s\u00e5 l\u00e5ngt att han b\u00f6rjar skriva en lista \u00f6ver saker som han bara avskyr lite grand. Och d\u00e5 hamnar Elise p\u00e5 f\u00f6rsta plats i denna sorgkantade fars p\u00e5 randen till avgrunden.<\/p>\n<p><strong><em>Att stj\u00e4la en cykel<\/em> \u00e4r en f\u00f6r\u00f6dande rolig komedi som \u00e5tminstone f\u00f6r stunden tar d\u00f6d p\u00e5 melankolin hos vilken deppig person som helst.<\/strong> Kajsa Wallin, som skrivit den farsartade enaktaren med \u00f6verraskande v\u00e4ndningar, har orden i sin makt, dr\u00e4pande oneliners.<\/p>\n<p>\u2013 Usch f\u00f6r vacker musik som sliter hj\u00e4rtat ur kroppen, s\u00e4ger Sam n\u00e4r Louice Ottosons mjuka tangenttoner sprids i rummet.<\/p>\n<p>Louice Ottoson sitter helt n\u00e4ra spelplatsen och f\u00f6rst\u00e4rker st\u00e4mningar p\u00e5 synthen, f\u00f6rleder Elise att minnas barnsliga s\u00e5nger och spelar den ot\u00e4cka vackra musiken som Sam kn\u00e4pper p\u00e5 i den gamla fula kassettbandspelaren.<\/p>\n<p><strong>Regiss\u00f6ren Carl Adam Tillberg kramar ut det mesta m\u00f6jliga ur texten, spetsar till \u00f6verdrifterna.<\/strong> Dessutom spelar han en liten, men f\u00f6r intrigen avg\u00f6rande roll som Sams \u00e4ldre bror, som g\u00f6r ett kort bes\u00f6k i rummet innan han f\u00f6rpassas ut samma v\u00e4g som han kom in.<\/p>\n<p>Kajsa Wallins Elise \u00e4r en enkel och r\u00e4ttfram flicka, ett maskrosbarn som inte bangar f\u00f6r en sj\u00e4lvmordsben\u00e4gen kille. Kajsa Wallin balanserar sitt eget pregnant h\u00e4lsosamma intryck, b\u00e5de hon och rollen \u00e4r gravida, med n\u00f6rdiga tilltag som att \u00e4ta havregryn hon l\u00e4gger upp p\u00e5 rad. Med hennes Elise f\u00f6rst\u00e4rks det komiska greppet.<\/p>\n<p>Huvudpersonen Sams sorgliga skepnad gestaltas av Martin Wallin Filipsson. Han f\u00f6rmedlar Sams pl\u00f6tsliga hum\u00f6rsv\u00e4ngningar \u00f6verraskande v\u00e4l f\u00f6r en kille som g\u00f6r sin sk\u00e5despelardebut.<\/p>\n<p><strong>Efter pausen forts\u00e4tter kv\u00e4llen, men nu i Bistron en korridor bort i huset.<\/strong> Ensemblen f\u00f6rvandlar sig till musiker, med n\u00e5gon person till och fr\u00e5n. Kajsa Wallin med v\u00e4nner ber\u00e4ttar och sjunger. Hon sitter uppspetad p\u00e5 h\u00f6g pall i vita kl\u00e4der och str\u00e5lar. Orden f\u00f6ljer med henne var hon g\u00e5r. V\u00e4rt att lyssna p\u00e5, inte minst n\u00e4r hon hyllar maken Martin Wallin Filipsson och H\u00e5kan Hellstr\u00f6m p\u00e5 en och samma g\u00e5ng.<\/p>\n<p>Det \u00e4r mycket trivsamt. Mycket personligt.<\/p>\n<p><em>Text och foto: Ann-Charlotte Sandelin<\/em><\/p>\n<p>&nbsp;<\/p>\n<ul>\n<li>\n<h3>TEATER BR\u00c5DDGATAN 34 Norrk\u00f6ping<\/h3>\n<\/li>\n<li><em>24, 29 februari, 2, 3 mars 2012 kl 19<br \/>\nLilla kammaren<br \/>\n<\/em><strong>Att stj\u00e4la en cykel<br \/>\n<\/strong>av Kajsa Wallin<br \/>\nRegi: Carl Adam Tillberg<br \/>\nMusiker: Louice Ottoson<br \/>\nI rollerna: Martin Wallin Filipsson, Kajsa Wallin och Carl Adam Tillberg<\/li>\n<li><strong>Efter pausen musik i Bistron<\/strong><br \/>\nmed Kajsa Wallin, Martin Wallin Filipsson och Lukas Bystr\u00f6m.<br \/>\nUppl\u00e4sare: Carl Adam Tillberg<\/li>\n<\/ul>\n<p>&nbsp;<\/p>\n<p>L\u00c4NKAR<br \/>\nAngelworks <a title=\"Angelworks\" href=\"http:\/\/www.angelworks.se\/\" target=\"_blank\">hemsida<\/a><br \/>\nAtt stj\u00e4la en cykel med Angelworks <a title=\"Att stj\u00e4la en cykel med Angelworks\" href=\"https:\/\/www.kultursidan.nu\/?p=4620\" target=\"_blank\">f\u00f6rhandsartikel<\/a> Kultursidan.nu 20\/2 2012<\/p>\n<p>&nbsp;<\/p>\n<p>BILDSPEL (FLASH) \u2013 KLICKA P\u00c5 BILDEN <em><br \/>\nALT\/MOBIL: SE BILDSPELET <a title=\"Bildspel\" href=\"https:\/\/www.flickr.com\/photos\/kultursidan\/sets\/72157629494284399\/show\/\" target=\"_blank\">H\u00c4R<\/a><\/em><br \/>\n<object width=\"400\" height=\"300\"><param name=\"flashvars\" value=\"offsite=true&amp;lang=en-us&amp;page_show_url=%2Fphotos%2Fkultursidan%2Fsets%2F72157629494284399%2Fshow%2F&amp;page_show_back_url=%2Fphotos%2Fkultursidan%2Fsets%2F72157629494284399%2F&amp;set_id=72157629494284399&amp;jump_to=\" \/><param name=\"movie\" value=\"https:\/\/www.flickr.com\/apps\/slideshow\/show.swf?v=1811922554\" \/><param name=\"allowFullScreen\" value=\"true\" \/><\/object><\/p>\n","protected":false},"excerpt":{"rendered":"<p>NORRK\u00d6PING Kajsa Wallin bjuder p\u00e5 teater, musik och v\u00e4nner. F\u00f6rst i en sorgkantad fars p\u00e5 randen till avgrunden, d\u00e4r Elise st\u00f6r Sam just n\u00e4r han t\u00e4nker h\u00e4nga sig. Efter paus blir det musik, lyssnarv\u00e4rt.<br \/>\n <a class=\"continue-reading-link\" href=\"https:\/\/www.kultursidan.nu\/?p=4773\">L\u00e4s mer <span class=\"meta-nav\">&rarr; <\/span><\/a><\/p>\n","protected":false},"author":1001006,"featured_media":0,"comment_status":"closed","ping_status":"open","sticky":false,"template":"","format":"standard","meta":{"_jetpack_memberships_contains_paid_content":false,"footnotes":""},"categories":[7],"tags":[13,12],"class_list":["post-4773","post","type-post","status-publish","format-standard","hentry","category-norrkoping","tag-musik","tag-teater"],"jetpack_featured_media_url":"","jetpack_sharing_enabled":true,"_links":{"self":[{"href":"https:\/\/www.kultursidan.nu\/index.php?rest_route=\/wp\/v2\/posts\/4773","targetHints":{"allow":["GET"]}}],"collection":[{"href":"https:\/\/www.kultursidan.nu\/index.php?rest_route=\/wp\/v2\/posts"}],"about":[{"href":"https:\/\/www.kultursidan.nu\/index.php?rest_route=\/wp\/v2\/types\/post"}],"author":[{"embeddable":true,"href":"https:\/\/www.kultursidan.nu\/index.php?rest_route=\/wp\/v2\/users\/1001006"}],"replies":[{"embeddable":true,"href":"https:\/\/www.kultursidan.nu\/index.php?rest_route=%2Fwp%2Fv2%2Fcomments&post=4773"}],"version-history":[{"count":0,"href":"https:\/\/www.kultursidan.nu\/index.php?rest_route=\/wp\/v2\/posts\/4773\/revisions"}],"wp:attachment":[{"href":"https:\/\/www.kultursidan.nu\/index.php?rest_route=%2Fwp%2Fv2%2Fmedia&parent=4773"}],"wp:term":[{"taxonomy":"category","embeddable":true,"href":"https:\/\/www.kultursidan.nu\/index.php?rest_route=%2Fwp%2Fv2%2Fcategories&post=4773"},{"taxonomy":"post_tag","embeddable":true,"href":"https:\/\/www.kultursidan.nu\/index.php?rest_route=%2Fwp%2Fv2%2Ftags&post=4773"}],"curies":[{"name":"wp","href":"https:\/\/api.w.org\/{rel}","templated":true}]}}