{"id":4789,"date":"2012-03-02T20:31:21","date_gmt":"2012-03-02T19:31:21","guid":{"rendered":"https:\/\/intelligent-friend-7861.standoutwp.com\/?p=4789"},"modified":"2022-02-06T13:08:34","modified_gmt":"2022-02-06T12:08:34","slug":"samis-svindlande-vackra-sorg-pa-galleri-dag-andersson","status":"publish","type":"post","link":"https:\/\/www.kultursidan.nu\/?p=4789","title":{"rendered":"Samis svindlande vackra sorg p\u00e5 Galleri Dag Andersson"},"content":{"rendered":"<p><a title=\"M\u00e5lning av Mohammed Sami\" href=\"https:\/\/www.flickr.com\/photos\/kultursidan\/6947028785\/in\/album-72157629132568176\/\"><img loading=\"lazy\" decoding=\"async\" src=\"https:\/\/live.staticflickr.com\/7202\/6947028785_df7e971a1d_b.jpg\" alt=\"M\u00e5lning av Mohammed Sami\" width=\"1024\" height=\"683\" \/><\/a><br \/>\n<em>Medk\u00e4nsla och sorg. M\u00e5lningen f\u00f6r \u00e5sk\u00e5darens tanke till Picassos Guernica men f\u00f6r Mohammed Sami \u00e4r djuren inte kroppar utan deras andar.<\/em><\/p>\n<p>&nbsp;<\/p>\n<h1><span style=\"color: #ff0000;\">Den vita linjen h\u00e5ller fast minnet mot m\u00f6rkret<\/span><\/h1>\n<p>&nbsp;<\/p>\n<p><strong>Mohammed Samis m\u00e5lningar p\u00e5 Galleri Dag Andersson \u00e4r svindlande vackra. <\/strong>Mot den m\u00f6rka bakgrunden, svart, brun, gr\u00e5, lyser en svepande vit konturlinje, f\u00f6ljd av l\u00e4tta str\u00e5k.<\/p>\n<p>\u2013 Och r\u00f6k, de s\u00e4ger att r\u00f6ken \u00e4r viktig f\u00f6r r\u00f6relsen.<\/p>\n<p>L\u00e5t g\u00e5 f\u00f6r det, r\u00f6ken mjukar upp, hj\u00e4lper det som \u00e4r p\u00e5 v\u00e4g bort att f\u00f6rflyktigas. F\u00f6r alla \u00e4r de p\u00e5 v\u00e4g \u2013 f\u00e5geln som brett ut sina vingar och redan \u00e4r halvv\u00e4gs ute ur bild. Om det nu \u00e4r en f\u00e5gel, f\u00f6r var \u00e4r d\u00e5 huvudet? Kanske \u00e4r det ett bl\u00f6dande hj\u00e4rta?<\/p>\n<p>Mest ser jag att linjen trollar fram fyrfota djur, arterna sv\u00e5rbest\u00e4mbara, kanske h\u00e4star, hjortar eller hundar. Inte spelar det n\u00e5gon roll i Mohammed Samis v\u00e4rld d\u00e4r han s\u00f6rjer en f\u00f6r alla, alla f\u00f6r en. Nackarna \u00e4r f\u00f6rvridna, i pl\u00e5gad protest eller b\u00f6jda inf\u00f6r det oundvikliga. Jag famlar i minnet \u2013 Goya? Nej, Picasso! Guernica. Guernicas kantiga h\u00e4st som delar \u00e5ngest och vanmakt med m\u00e4nniskor och djur i den baskiska staden som terrorbombades av Franco i april 1937.<\/p>\n<p>\u2013 Det \u00e4r inte djur. Det \u00e4r djurens andar, s\u00e4ger Mohammed Sami.<\/p>\n<p>Efter\u00e5t t\u00e4nker jag att den vita linjens uppgift \u00e4r att h\u00e5lla fast minnet mot konstn\u00e4rens m\u00f6rker. Jag f\u00f6rst\u00e5r ocks\u00e5 att det inte var djurens och m\u00e4nniskornas \u00e5ngest Picasso m\u00e5lade, utan att det var minnet av dem han m\u00e5lade.<\/p>\n<p>&nbsp;<\/p>\n<p><a title=\"M\u00e5lningar av Mohammed Sami\" href=\"https:\/\/www.flickr.com\/photos\/kultursidan\/6800920210\/in\/album-72157629132568176\/\"><img loading=\"lazy\" decoding=\"async\" src=\"https:\/\/live.staticflickr.com\/7190\/6800920210_1ea2881ef6_b.jpg\" alt=\"M\u00e5lningar av Mohammed Sami\" width=\"1024\" height=\"683\" \/><\/a><br \/>\n<em>Oftast lyser starka f\u00e4rger ur bilderna.<\/em><\/p>\n<p>&nbsp;<\/p>\n<p><strong>Bilderna \u00e4r stora, tanken g\u00e5r l\u00e4tt till grafittins sprej men Mohammed Sami m\u00e5lar med vanlig pensel.<\/strong> Air brush \u00e4r inte f\u00f6r honom. D\u00e4remot finns datorgrafik som ett inslag i m\u00e5lningarna, upprepade m\u00f6nster som f\u00f6r konstn\u00e4ren gestaltar hj\u00e4rtslag eller skrik.<\/p>\n<p>Ur det dunkla lyser starka f\u00e4rger, som r\u00f6tt, gult eller bl\u00e5tt.<\/p>\n<p>\u2013 De \u00e4r d\u00e4r f\u00f6r att de m\u00e5ste. Men det \u00e4r inte f\u00e4rger f\u00f6r mig, allt \u00e4r olika nyanser av svart.<\/p>\n<p>Mohammed Sami ler ofta, men inte p\u00e5 bild, och inom sig b\u00e4r han m\u00f6rkret f\u00f6r all framtid. S\u00e5 t\u00e4nker han i alla fall.<\/p>\n<p>&nbsp;<\/p>\n<p><a title=\"Spr\u00e4ckt spegel av Mohammed Sami\" href=\"https:\/\/www.flickr.com\/photos\/kultursidan\/6800919582\/in\/album-72157629132568176\/\"><img loading=\"lazy\" decoding=\"async\" src=\"https:\/\/live.staticflickr.com\/7194\/6800919582_0c8e7a2498_b.jpg\" alt=\"Spr\u00e4ckt spegel av Mohammed Sami\" width=\"1024\" height=\"689\" \/><\/a><br \/>\n<em>Krossad spegel. Mohammed Samis konstn\u00e4rskap s\u00f6ker sig redan nya v\u00e4gar.<\/em><\/p>\n<p>&nbsp;<\/p>\n<p><strong>Tre gl\u00e4nsande ljusa, inte m\u00e5lningar, men tavelstora objekt, ber\u00e4ttar att n\u00e5got har h\u00e4nt som f\u00e5tt Mohammed Sami att l\u00e4mna de svepande linjerna.<\/strong> Tv\u00e5 av dem gestaltar de \u00f6gonblick d\u00e5 en explosion krossar glaset och b\u00f6rjar expandera. Kraften gestaltas av isoleringsmaterial, \u00e4nnu en gestaltning av r\u00f6k. Bomber f\u00f6r frihet eller bomber f\u00f6r terror.<\/p>\n<p>Det tredje objektet h\u00e4nger vid f\u00f6nstret. En sten har just krossat den glittrande ytan. Taggtr\u00e5dslinjerna st\u00e4nger inte inne l\u00e4ngre, eller ute. Den arabiska v\u00e5ren?<\/p>\n<p>\u2013 Det handlar om alla \u00e5rstider, inte fyra utan tusentals. Och det handlar inte om arabv\u00e4rlden utan om alla bomber, som den i Oslo ocks\u00e5. Jag kan spegla mig i folien, det \u00e4r ocks\u00e5 viktigt.<\/p>\n<p>S\u00e5 \u00e4r det. F\u00f6rst och fr\u00e4mst \u00e4r vi f\u00e5ngna i v\u00e5ra egna f\u00f6rest\u00e4llningar.<\/p>\n<p><em>Text och foto: Ann-Charlotte Sandelin<\/em><\/p>\n<p>&nbsp;<\/p>\n<ul>\n<li>\n<h3>GALLERI DAG ANDERSSON Norrk\u00f6ping<\/h3>\n<\/li>\n<li><em>3 mars \u2013 8 april 2012<\/em><br \/>\n<strong>Mohammed Sami<\/strong><br \/>\n\u201dCase of Emergency\u201d<\/li>\n<\/ul>\n<p>&nbsp;<\/p>\n<p>L\u00c4NKAR<br \/>\nMohammed Sami <a title=\"Mohammed Sami\" href=\"http:\/\/www.mohammed-art.com\/\" target=\"_blank\" rel=\"noopener\">hemsida <\/a><br \/>\nGalleri Dag Andersson <a title=\"Galleri Dag Andersson\" href=\"http:\/\/www.galleridagandersson.se\/\" target=\"_blank\" rel=\"noopener\">hemsida<\/a><\/p>\n","protected":false},"excerpt":{"rendered":"<p>NORRK\u00d6PING Mohammed Sami har en svepande vit konturlinje som trollar fram sv\u00e5rbest\u00e4mbara djur. F\u00f6rvridna, pl\u00e5gade, b\u00f6jda bevarar konstn\u00e4ren minnet av det som redan \u00e4r borta. Men utst\u00e4llningen rymmer mer \u00e4n sk\u00f6nt gestaltad sorg. Vreden har ocks\u00e5 ett ansikte.<br \/>\n <a class=\"continue-reading-link\" href=\"https:\/\/www.kultursidan.nu\/?p=4789\">L\u00e4s mer <span class=\"meta-nav\">&rarr; <\/span><\/a><\/p>\n","protected":false},"author":1001006,"featured_media":0,"comment_status":"closed","ping_status":"closed","sticky":false,"template":"","format":"standard","meta":{"_jetpack_memberships_contains_paid_content":false,"footnotes":""},"categories":[7],"tags":[14],"class_list":["post-4789","post","type-post","status-publish","format-standard","hentry","category-norrkoping","tag-konst"],"jetpack_featured_media_url":"","jetpack_sharing_enabled":true,"_links":{"self":[{"href":"https:\/\/www.kultursidan.nu\/index.php?rest_route=\/wp\/v2\/posts\/4789","targetHints":{"allow":["GET"]}}],"collection":[{"href":"https:\/\/www.kultursidan.nu\/index.php?rest_route=\/wp\/v2\/posts"}],"about":[{"href":"https:\/\/www.kultursidan.nu\/index.php?rest_route=\/wp\/v2\/types\/post"}],"author":[{"embeddable":true,"href":"https:\/\/www.kultursidan.nu\/index.php?rest_route=\/wp\/v2\/users\/1001006"}],"replies":[{"embeddable":true,"href":"https:\/\/www.kultursidan.nu\/index.php?rest_route=%2Fwp%2Fv2%2Fcomments&post=4789"}],"version-history":[{"count":4,"href":"https:\/\/www.kultursidan.nu\/index.php?rest_route=\/wp\/v2\/posts\/4789\/revisions"}],"predecessor-version":[{"id":43052,"href":"https:\/\/www.kultursidan.nu\/index.php?rest_route=\/wp\/v2\/posts\/4789\/revisions\/43052"}],"wp:attachment":[{"href":"https:\/\/www.kultursidan.nu\/index.php?rest_route=%2Fwp%2Fv2%2Fmedia&parent=4789"}],"wp:term":[{"taxonomy":"category","embeddable":true,"href":"https:\/\/www.kultursidan.nu\/index.php?rest_route=%2Fwp%2Fv2%2Fcategories&post=4789"},{"taxonomy":"post_tag","embeddable":true,"href":"https:\/\/www.kultursidan.nu\/index.php?rest_route=%2Fwp%2Fv2%2Ftags&post=4789"}],"curies":[{"name":"wp","href":"https:\/\/api.w.org\/{rel}","templated":true}]}}