{"id":4807,"date":"2012-03-03T19:15:11","date_gmt":"2012-03-03T18:15:11","guid":{"rendered":"https:\/\/intelligent-friend-7861.standoutwp.com\/?p=4807"},"modified":"2012-03-08T16:20:53","modified_gmt":"2012-03-08T15:20:53","slug":"stark-start-pa-konst-eller-klocka-3-0","status":"publish","type":"post","link":"https:\/\/www.kultursidan.nu\/?p=4807","title":{"rendered":"Stark start p\u00e5 Konst eller Klocka 3.0 p\u00e5 Galleri Kronan"},"content":{"rendered":"<p>[flickr]http:\/\/www.flickr.com\/photos\/kultursidan\/6949516419\/[\/flickr]<\/p>\n<p><em>Liten frestande dj\u00e4vul. Ann B\u00e9ves stickade skulptur m\u00f6ter bes\u00f6karen direkt p\u00e5 Galleri Kronan.<\/em><\/p>\n<p>&nbsp;<\/p>\n<h1><span style=\"color: #ff0000;\">G\u00e4rna medalj men f\u00f6rst ett rej\u00e4lt konstverk<\/span><\/h1>\n<p>&nbsp;<\/p>\n<p><strong>F\u00f6r tredje \u00e5ret i rad har S:t Olofmedalj\u00f6rerna m\u00f6jlighet att v\u00e4lja ett konstverk som jubileumsg\u00e5va, i st\u00e4llet f\u00f6r kanske en guldklocka.<\/strong> En medalj\u00f6r \u00e4r en som l\u00e5ngvarigt varit anst\u00e4lld i kommunens tj\u00e4nst, eller varit politiskt f\u00f6rtroendevald. I \u00e5r \u00e4r de 226 personer.<\/p>\n<p>Galleri Kronan genomf\u00f6r i samarbete med Norrk\u00f6pings kommun en utst\u00e4llning med lokala konstn\u00e4rer och konsthantverkare. Sammanlagt 93 verk visas, mest m\u00e5lningar men ocks\u00e5 objekt, keramik och konstfoto.<\/p>\n<p><strong>Utst\u00e4llningen \u00f6ppnar starkt i Stora rummet. <\/strong>Det \u00e4r f\u00e4rgstarkt, djurstatyetter, glastappar och keramikserviser. Inte minst blir jag f\u00f6rtjust i Ann-Lis Enlunds glada f\u00e5glar, ack s\u00e5 raffinerat gjorda i blandmaterial, varav en hel del tungt glas. \u00c4nd\u00e5 \u00e4r de mest gr\u00e5nyanserade.<\/p>\n<p>\u00c5ke Bjurhamn lyfter fram \u00e4ldre expressiva verk, medan \u00c5sa Kummu skickar rutiga h\u00e4lsningar fr\u00e5n New York. Fina \u00e4r ocks\u00e5 Amjad Altayyars tv\u00e5 <em>K\u00e4rleksf\u00f6rh\u00e5llande<\/em>. Anna B\u00e9ve presenterar utst\u00e4llningens roligaste titel <em>Liten frestande dj\u00e4vul<\/em> medan Stefan Teleman n\u00f6jer sig med <em>Buskage<\/em>. Med flera.<\/p>\n<p>I Hallen hittar Erik Cederquist och Lena Wahlstedt gemensamma f\u00e4rger medan Marion Kahnert skriver i historien. I Lilla Galleriet samsas verk av lite mindre storlek, m\u00e5lningar, akvareller, skisser och datorgrafik. Roligast \u00e4r Ann Uddins st\u00e5ltr\u00e5dsh\u00e4star och Annika B Kupianens obetitlade kattslagsm\u00e5l.<\/p>\n<p>Inre rummets huvudakt \u00e4r smycken av Maria B\u00f6rjesson. Jag l\u00e4gger ocks\u00e5 m\u00e4rke till <em>\u00c5ska<\/em> av Helena Forsberg, som pekar bak\u00e5t mot 1800-talets landskapsm\u00e5leri, och Falah Alanis <em>Flicka med hund<\/em>.<\/p>\n<p><strong>En trappa upp finns de verk som inte f\u00e5tt plats tidigare.<\/strong> S\u00e5 har man hittat en favorit som n\u00e5gon annan redan tagit finns ytterligare en m\u00f6jlighet till ett verk av samma konstn\u00e4r. Alla konstn\u00e4rer har n\u00e4mligen f\u00e5tt l\u00e4mna in tre verk, varav minst tv\u00e5 exponeras i de ordinarie utst\u00e4llningslokalerna.<\/p>\n<p><strong>Konst eller Klocka 3.0 \u00e4r ett gyllene tillf\u00e4lle att f\u00e5 ett samlat grepp p\u00e5 de lokala konstn\u00e4rerna, inom femtusenkronorsgr\u00e4nsen.<\/strong> <em>Fridlyst<\/em> av Anneli Lindberg, <em>Vila i r\u00f6relse<\/em> av Jonny Grundstr\u00f6m Olsson eller <em>Husen i hamnen<\/em> av Berit Hammarb\u00e4ck kan inte bli fel.<\/p>\n<p>Eller\u2026 eller\u2026<br \/>\nAllt beror p\u00e5 den som ser och blir ber\u00f6rd.<\/p>\n<p><em>Text och foto: Ann-Charlotte Sandelin<\/em><\/p>\n<p>&nbsp;<\/p>\n<ul>\n<li>\n<h3>GALLERI KRONAN Norrk\u00f6ping<\/h3>\n<\/li>\n<li><em>25 februari \u2013 11 mars 2012<\/em><br \/>\n<strong>Konst eller Klocka 3.0<\/strong><\/li>\n<\/ul>\n<p>&nbsp;<\/p>\n<p>L\u00c4NKAR<br \/>\nGalleri Kronan <a title=\"Galleri Kronan\" href=\"http:\/\/www.gallerikronan.se\/\" target=\"_blank\">hemsida<\/a><\/p>\n<p>&nbsp;<\/p>\n<p>FLER BILDER FR\u00c5N STORA RUMMET \u2013 KLICKA<\/p>\n<p>[flickr-gallery mode=&#8221;photoset&#8221; photoset=&#8221;72157629503369435&#8243;]<\/p>\n<p>FLER BILDER FR\u00c5N HALLEN OCH LILLA GALLERIET \u2013 KLICKA<\/p>\n<p>[flickr-gallery mode=&#8221;photoset&#8221; photoset=&#8221;72157629138849046&#8243;]<\/p>\n<p>FLER BILDER FR\u00c5N INRE RUMMET \u2013 KLICKA<\/p>\n<p>[flickr-gallery mode=&#8221;photoset&#8221; photoset=&#8221;72157629138876492&#8243;]<\/p>\n<p>FLER BILDER FR\u00c5N ANDRA V\u00c5NINGEN \u2013 KLICKA<\/p>\n<p>[flickr-gallery mode=&#8221;photoset&#8221; photoset=&#8221;72157629503489097&#8243;]<\/p>\n<p>&nbsp;<\/p>\n","protected":false},"excerpt":{"rendered":"<p>NORRK\u00d6PING G\u00e4rna medalj men f\u00f6rst ett rej\u00e4lt konstverk. \u00c5rets S:t Olofmedalj\u00f6rer, kommunens m\u00e5ng\u00e5riga tj\u00e4nare, har ett starkt startf\u00e4lt av lokal konst och hantverk att v\u00e4lja p\u00e5. Galleri Kronan visar 93 verk i femtusenkronorsklassen.<br \/>\n <a class=\"continue-reading-link\" href=\"https:\/\/www.kultursidan.nu\/?p=4807\">L\u00e4s mer <span class=\"meta-nav\">&rarr; <\/span><\/a><\/p>\n","protected":false},"author":1001006,"featured_media":0,"comment_status":"open","ping_status":"open","sticky":false,"template":"","format":"standard","meta":{"_jetpack_memberships_contains_paid_content":false,"footnotes":""},"categories":[7],"tags":[14],"class_list":["post-4807","post","type-post","status-publish","format-standard","hentry","category-norrkoping","tag-konst"],"jetpack_featured_media_url":"","jetpack_sharing_enabled":true,"_links":{"self":[{"href":"https:\/\/www.kultursidan.nu\/index.php?rest_route=\/wp\/v2\/posts\/4807","targetHints":{"allow":["GET"]}}],"collection":[{"href":"https:\/\/www.kultursidan.nu\/index.php?rest_route=\/wp\/v2\/posts"}],"about":[{"href":"https:\/\/www.kultursidan.nu\/index.php?rest_route=\/wp\/v2\/types\/post"}],"author":[{"embeddable":true,"href":"https:\/\/www.kultursidan.nu\/index.php?rest_route=\/wp\/v2\/users\/1001006"}],"replies":[{"embeddable":true,"href":"https:\/\/www.kultursidan.nu\/index.php?rest_route=%2Fwp%2Fv2%2Fcomments&post=4807"}],"version-history":[{"count":0,"href":"https:\/\/www.kultursidan.nu\/index.php?rest_route=\/wp\/v2\/posts\/4807\/revisions"}],"wp:attachment":[{"href":"https:\/\/www.kultursidan.nu\/index.php?rest_route=%2Fwp%2Fv2%2Fmedia&parent=4807"}],"wp:term":[{"taxonomy":"category","embeddable":true,"href":"https:\/\/www.kultursidan.nu\/index.php?rest_route=%2Fwp%2Fv2%2Fcategories&post=4807"},{"taxonomy":"post_tag","embeddable":true,"href":"https:\/\/www.kultursidan.nu\/index.php?rest_route=%2Fwp%2Fv2%2Ftags&post=4807"}],"curies":[{"name":"wp","href":"https:\/\/api.w.org\/{rel}","templated":true}]}}