{"id":4817,"date":"2012-03-03T22:46:06","date_gmt":"2012-03-03T21:46:06","guid":{"rendered":"https:\/\/intelligent-friend-7861.standoutwp.com\/?p=4817"},"modified":"2014-06-08T10:39:25","modified_gmt":"2014-06-08T09:39:25","slug":"fagerholm-gor-motstand-mot-undergangen","status":"publish","type":"post","link":"https:\/\/www.kultursidan.nu\/?p=4817","title":{"rendered":"Fagerholm g\u00f6r motst\u00e5nd mot underg\u00e5ngen"},"content":{"rendered":"<p><iframe loading=\"lazy\" src=\"https:\/\/www.flickr.com\/photos\/kultursidan\/6803927400\/player\/\" width=\"500\" height=\"333\" frameborder=\"0\" allowfullscreen webkitallowfullscreen mozallowfullscreen oallowfullscreen msallowfullscreen><\/iframe><\/p>\n<p><em>Tecknaren och grafikern Mattias Fagerholm skapar en fantastisk och suggestiv bildv\u00e4rld.<\/em><\/p>\n<p>&nbsp;<\/p>\n<h1><span style=\"color: #ff0000;\">Skepp och st\u00e4der i f\u00f6rf\u00f6rande f\u00f6rfall<\/span><\/h1>\n<p>&nbsp;<\/p>\n<p><strong>Krita, blyerts, kol. Med mjuka pennor skapar han v\u00e4rldar som g\u00e5r under.<\/strong> Skepp g\u00e5r i kvav. Stora byggnader i st\u00e4der som en g\u00e5ng varit makal\u00f6sa rasar samman, ryker iv\u00e4g som stickor. Kanske ruiner av palats som aldrig byggdes klart.<\/p>\n<p><em>Den bel\u00e4grade staden<\/em> kallar konstn\u00e4ren Mattias Fagerholm sin utst\u00e4llning p\u00e5 Konstforum. Exakt vad som bel\u00e4grar staden vet vi inte, kanske det \u00e4r tiden sj\u00e4lv. De stora, oftast extra breda i f\u00f6rh\u00e5llande till h\u00f6jden, teckningarna i entr\u00e9hallen skildrar en fantasiv\u00e4rld som Jules Verne skulle k\u00e4nt sig hemma i, om nu inte utopin f\u00f6rvandlats till dystopi.<\/p>\n<p>\u2013 Det \u00e4r mycket som \u00e4r bel\u00e4grat om man s\u00e4ger s\u00e5, kommenterar Mattias Fagerholm sina teckningar.<\/p>\n<p>Merparten av teckningarna \u00e4r gjorda under \u00e5ren 2005\u20132008. De v\u00e4xte fram ur mindre teckningar \u2013 dr\u00f6mmar eller fantasier \u2013 och fann sin form. Strax d\u00e4refter bes\u00f6kte han Paris och g\u00e4stade en f\u00f6rort med en arkitektur som starkt p\u00e5minde om den han fantiserat om.<\/p>\n<p><strong>\u00d6vriga rum i Konstforum har konstn\u00e4ren fyllt med grafik.<\/strong> P\u00e5 ytan \u00e4r det samma fotorealistiska motiv med o\u00e4ndliga nyanser mellan svart och vitt i alla mjukt rundade detaljer som teckningarna. Men grafiken \u00e4r en annan teknik \u00e4ven om konstn\u00e4ren menar att teknik och material inte f\u00e5r st\u00e5 i v\u00e4gen f\u00f6r konsten.<\/p>\n<p>\u2013 Det \u00e4r mjukgrundsetsning, som bygger p\u00e5 linjeteckning. Man m\u00e5ste bygga upp bilden metodiskt, f\u00f6rklarar Mattias Fagerholm.<\/p>\n<p>Teckning eller grafik, i b\u00e5da fallen handlar det ofta om ett koncentrerat arbete med meditativa kvaliteter.<\/p>\n<p><strong>Vatten \u00e4r n\u00e4stan st\u00e4ndigt n\u00e4rvarande i alla bilder.<\/strong> Skepp med trasiga, n\u00e4rmast f\u00f6rmultnade segel, g\u00e5r i kvav p\u00e5 uppr\u00f6rt hav. K\u00f6pm\u00e4nnens hus st\u00e5r p\u00e5 p\u00e5lar l\u00e4ngst ut vid stadens flodmynning. M\u00e4nniskor, det finns ofta m\u00e4nniskor i hans bilder, \u00e4r sm\u00e5 figurer som bara kan \u00e5se det oerh\u00f6rda som h\u00e4nder. Poeten sover och dr\u00f6mmer allt som sker.<\/p>\n<p>Konstn\u00e4ren har arbetat f\u00f6r att komma ifr\u00e5n centralperspektivet. Mattias Fagerholm \u00e4r inledningsvis tveksam till att tala om sina bilder, men ber\u00e4ttar allt eftersom mer om n\u00e5gra av sina motiv. Om det stora stenhuset p\u00e5 klippan och st\u00e4ven p\u00e5 en magiskt smyckad b\u00e5t som \u00e4r det enda som syns \u00f6ver havets yta.<\/p>\n<p>\u2013 Huset \u00e4r den europeiska civilisationen medan den s\u00e5 kallade primitiva indianska valf\u00e5ngaren \u00e4r p\u00e5 v\u00e4g d\u00e4rifr\u00e5n.<\/p>\n<p>Tveksamheten g\u00e4ller mycket. Att teckna underg\u00e5ngsst\u00e4mningar p\u00e5 ett s\u00e5 f\u00f6rf\u00f6rande vackert s\u00e4tt som han g\u00f6r. Det minuti\u00f6st strama exakta st\u00e5r emot det dramatiska skeendet.<\/p>\n<p>\u2013 Ja, men det \u00e4r ju ocks\u00e5 patetiskt, \u00f6dsligt och bla bla, fr\u00e4ser han str\u00e4ngt till sig sj\u00e4lv.<\/p>\n<p>Motst\u00e5nd? kastar jag fram och d\u00e4r enas vi: det handlar om en sorts motst\u00e5nd, om det \u00e4r mot det \u00f6desbest\u00e4mda eller mot m\u00e4nskliga krafter som f\u00f6rst\u00f6r.<\/p>\n<p><strong>Mattias Fagerholm inbj\u00f6ds att f\u00f6lja med en Polarforskningsexpedition till Antarktis 2002.<\/strong> Resultaten av den resan och andra fj\u00e4rran resm\u00e5l ses fr\u00e4mst p\u00e5 v\u00e4ggarna i Tr\u00e4dg\u00e5rdsrummet. Ensamma berg och stenar som reser sig ur havet eller p\u00e5 land. Marken kryllar av sm\u00e5 pingviner. Havet skummar vid Svartfj\u00e4llets fot.<\/p>\n<p>\u2013 Det var fantastiskt att vara med. De h\u00f6ll p\u00e5 med sina provtagningar och jag satt p\u00e5 en sten. Jag har en l\u00e4ngtan efter det som \u00e4r stilla och d\u00e4r \u00e4r man i splendid isolation.<\/p>\n<p><em>Tondo<\/em>, ren\u00e4ssansens popul\u00e4ra cirkelform, har f\u00e5tt ge namn \u00e5t studien av amaryllisklockor, det gr\u00e5 \u00e4r n\u00e4st intill s\u00e5 svart som det kan vara.<\/p>\n<p>\u2013 Den verkliga v\u00e4rlden \u00e4r i svartvitt och gr\u00e5toner. Det \u00e4r v\u00e5ra \u00f6gon som tolkar om ljuset till f\u00e4rg.<\/p>\n<p>Efter att ha sugits in i Mattias Fagerholms svartvita v\u00e4rld, fylld av mjuka linjer och gr\u00e5toner \u00e4r det dags att g\u00e5 vidare.<\/p>\n<p>&nbsp;<\/p>\n<p><strong>I Studion visar \u00c5sa \u00c5kerlund foto, merparten verk vid namn <em>Temporary structures<\/em>.<\/strong> Den unga fotografen har fotograferat byggnadsst\u00e4llningar som omger hus i vardande. N\u00e4rbilderna ger grafiska m\u00f6nsterkvaliteter som upprepas fr\u00e5n en bild till en annan. Men d\u00e5 varje byggnadsst\u00e4llning har sin egen f\u00e4rgaccent lyser det i r\u00f6tt, bl\u00e5tt, gult.<\/p>\n<p>Jag drabbas av en f\u00e4rgchock som inte \u00e4r r\u00e4ttvisande mot den unga fotokonstn\u00e4ren som f\u00f6r n\u00e4rvarande g\u00e5r ett utbytes\u00e5r fr\u00e5n Konstfack till Parsons i New York.<\/p>\n<p>Innan jag g\u00e5r hinner jag notera en v\u00e4lg\u00f6rande mild <em>K\u00e4nsla av sn\u00f6<\/em>. Och en lek i <em>Rheda Forst<\/em> med allvarstoner bakom stammarna.<\/p>\n<p><em>Text och foto: Ann-Charlotte Sandelin<\/em><\/p>\n<p>&nbsp;<\/p>\n<ul>\n<li>\n<h3>KONSTFORUM Norrk\u00f6ping<\/h3>\n<\/li>\n<li><em>25 februari \u2013 11 mars 2012<\/em><br \/>\n<strong>Mattias Fagerholm<\/strong><br \/>\nDen bel\u00e4grade staden<\/li>\n<\/ul>\n<ul>\n<li>\n<h3>STUDION Konstforum, Norrk\u00f6ping<\/h3>\n<\/li>\n<li><em>26 mars \u2013 11 mars 2012<\/em><br \/>\n<strong>\u00c5sa \u00c5kerlund<\/strong><br \/>\nFotografi<\/li>\n<\/ul>\n<p>&nbsp;<\/p>\n<p>L\u00c4NKAR<br \/>\nKonstforum <a title=\"Konstforum\" href=\"http:\/\/www.konstforumnorrkoping.se\" target=\"_blank\">hemsida <\/a><br \/>\nMattias Fagerholm <a title=\"Mattias Fagerholm\" href=\"http:\/\/www.mattiasfagerholm.com\/\" target=\"_blank\">hemsida <\/a><br \/>\n\u00c5sa \u00c5kerlund <a title=\"\u00c5sa \u00c5kerlund\" href=\"http:\/\/www.asaakerlund.se\/\" target=\"_blank\">hemsida <\/a><\/p>\n<p>&nbsp;<\/p>\n<p>FLER BILDER FR\u00c5N MATTIAS FAGERHOLMS UTST\u00c4LLNING \u2013 KLICKA<\/p>\n<p>[flickr-gallery mode=&#8221;photoset&#8221; photoset=&#8221;72157629504633579&#8243;]<\/p>\n<p>FLER BILDER FR\u00c5N \u00c5SA \u00c5KERLUNDS UTST\u00c4LLNING \u2013 KLICKA<\/p>\n<p>[flickr-gallery mode=&#8221;photoset&#8221; photoset=&#8221;72157629504708315&#8243;]<\/p>\n<p>&nbsp;<\/p>\n","protected":false},"excerpt":{"rendered":"<p>NORRK\u00d6PING Med mjuka linjer och djup sv\u00e4rta skapar tecknaren och grafikern Mattias Fagerholm skepp och st\u00e4der i f\u00f6rf\u00f6rande f\u00f6rfall. S\u00e4llan har Konstforum varit s\u00e5 n\u00e4ra underg\u00e5ngen. Fotografen \u00c5sa \u00c5kerlund rapporterar fr\u00e5n byggande i vardande i Studion. <a class=\"continue-reading-link\" href=\"https:\/\/www.kultursidan.nu\/?p=4817\">L\u00e4s mer <span class=\"meta-nav\">&rarr; <\/span><\/a><\/p>\n","protected":false},"author":1001006,"featured_media":0,"comment_status":"closed","ping_status":"open","sticky":false,"template":"","format":"standard","meta":{"_jetpack_memberships_contains_paid_content":false,"footnotes":""},"categories":[7],"tags":[17,14],"class_list":["post-4817","post","type-post","status-publish","format-standard","hentry","category-norrkoping","tag-foto","tag-konst"],"jetpack_featured_media_url":"","jetpack_sharing_enabled":true,"_links":{"self":[{"href":"https:\/\/www.kultursidan.nu\/index.php?rest_route=\/wp\/v2\/posts\/4817","targetHints":{"allow":["GET"]}}],"collection":[{"href":"https:\/\/www.kultursidan.nu\/index.php?rest_route=\/wp\/v2\/posts"}],"about":[{"href":"https:\/\/www.kultursidan.nu\/index.php?rest_route=\/wp\/v2\/types\/post"}],"author":[{"embeddable":true,"href":"https:\/\/www.kultursidan.nu\/index.php?rest_route=\/wp\/v2\/users\/1001006"}],"replies":[{"embeddable":true,"href":"https:\/\/www.kultursidan.nu\/index.php?rest_route=%2Fwp%2Fv2%2Fcomments&post=4817"}],"version-history":[{"count":0,"href":"https:\/\/www.kultursidan.nu\/index.php?rest_route=\/wp\/v2\/posts\/4817\/revisions"}],"wp:attachment":[{"href":"https:\/\/www.kultursidan.nu\/index.php?rest_route=%2Fwp%2Fv2%2Fmedia&parent=4817"}],"wp:term":[{"taxonomy":"category","embeddable":true,"href":"https:\/\/www.kultursidan.nu\/index.php?rest_route=%2Fwp%2Fv2%2Fcategories&post=4817"},{"taxonomy":"post_tag","embeddable":true,"href":"https:\/\/www.kultursidan.nu\/index.php?rest_route=%2Fwp%2Fv2%2Ftags&post=4817"}],"curies":[{"name":"wp","href":"https:\/\/api.w.org\/{rel}","templated":true}]}}