{"id":4932,"date":"2012-03-08T15:46:49","date_gmt":"2012-03-08T14:46:49","guid":{"rendered":"https:\/\/intelligent-friend-7861.standoutwp.com\/?p=4932"},"modified":"2014-09-21T09:39:37","modified_gmt":"2014-09-21T08:39:37","slug":"tobias-sjobergs-nej-visas-pa-verkstad","status":"publish","type":"post","link":"https:\/\/www.kultursidan.nu\/?p=4932","title":{"rendered":"Tobias Sj\u00f6bergs konstfilm Nej! visas p\u00e5 Verkstad"},"content":{"rendered":"<p><iframe loading=\"lazy\" src=\"https:\/\/www.flickr.com\/photos\/kultursidan\/6818100472\/in\/set-72157629539662681\/player\/\" width=\"500\" height=\"333\" frameborder=\"0\" allowfullscreen=\"allowfullscreen\"><\/iframe><br \/>\n<em>Tobias Sj\u00f6berg funderar \u00f6ver mycket, som hur tillh\u00f6righet i ett social sammanhang samtidigt kan bli ett avst\u00e5ndstagande. Hans videoverk Nej! visas p\u00e5 Verkstad i Norrk\u00f6ping.<\/em><\/p>\n<p>&nbsp;<\/p>\n<h1><span style=\"color: #ff0000;\">Nyckelordet \u00e4r \u201derfara\u201d<\/span><\/h1>\n<p>&nbsp;<\/p>\n<p><strong>Det k\u00e4nns mycket gott att tr\u00e4ffa konstn\u00e4ren Tobias Sj\u00f6berg.<\/strong> Han har en mjuk framtoning, \u00e4r en p\u00e5 samma g\u00e5ng \u00f6ppen och seri\u00f6s person med f\u00f6rm\u00e5ga att formulera egna tankar. Och f\u00f6rm\u00e5ga att s\u00e4ga stopp n\u00e4r det g\u00e5r f\u00f6r n\u00e4ra.<\/p>\n<p>P\u00e5 Verkstad, det ruffiga k\u00e4llargalleriet p\u00e5 Kvarngatan med undertiteln rum f\u00f6r konst, visar han videoverket <em>Nej!<\/em> Bildspelaren st\u00e5r p\u00e5 golvet och kastar ut filmen tv\u00e4rs \u00f6ver rummet mot en l\u00e5g och bred v\u00e4gg.<\/p>\n<p style=\"padding-left: 30px;\"><em>Det \u00e4r utomhus. I m\u00f6rkret r\u00f6r sig vinterkl\u00e4dda m\u00e4nniskor kors och tv\u00e4rs, enskilt och i sm\u00e5 grupperingar. Ibland m\u00f6ts de. Det g\u00e5r inte att se n\u00e5gra ansiktsuttryck. Kameran r\u00f6r sig och bilden \u00e4r otydlig, f\u00e4rgerna fladdrar. En man b\u00e4r uttrycket Nej! p\u00e5 ryggen av jackan. Han blir en blickpunkt att f\u00f6lja men kommer och f\u00f6rsvinner som de andra. Kameran stillnar. N\u00e5gon b\u00e4r n\u00e5gon. Skeendet saknar b\u00f6rjan och slut, ett sju minuter l\u00e5ngt inf\u00e5ngande av ett st\u00f6rre sammanhang. <\/em><\/p>\n<p><strong>Det \u00e4r inte enkelt att greppa: <\/strong>Mina associationer startar i den arabiska v\u00e5ren, snuddar vid demonstrationer mot Putin, skuttar till G\u00f6teborgskravallerna i juni 2001. Inte framme vid fronten utan n\u00e5gonstans bakom linjerna d\u00e4r m\u00e4nniskor v\u00e4xlar mellan att vara sig sj\u00e4lva, bli nyfikna, och fatta beslutet att bli delaktiga i det som h\u00e4nder d\u00e4r borta.<\/p>\n<p>Filmen \u00e4r s\u00e5 diffus i tids- och platsangivelse att den trots sin dokument\u00e4ra estetik kan leda varje enskild betraktare i en riktning som mer svarar mot den personens egna erfarenheter \u00e4n mot n\u00e5got gemensamt specifikt,<\/p>\n<p><strong>Tobias Sj\u00f6berg lyssnar v\u00e4nligt och intresserat men lyfter fram andra infallsvinklar.<\/strong> Att personerna som st\u00e4llde upp bland annat f\u00e5tt i uppdrag att r\u00f6ra vid varandra.<\/p>\n<p>\u2013 Ber\u00f6ring, intimitet, fr\u00e5gan om vad som \u00e4r det m\u00e4nskliga.<\/p>\n<p>Det st\u00e4ller mina tankar p\u00e5 v\u00e4rldspolitiken p\u00e5 \u00e4nda, \u00e4ven om konstn\u00e4ren v\u00e4nligt nog \u00e4r \u00f6ppen f\u00f6r deras giltighet. Men vad st\u00e5r d\u00e5 m\u00f6rkret f\u00f6r? P\u00e5 den fr\u00e5gan har Tobias Sj\u00f6berg inte n\u00e5got f\u00e4rdigt svar. Vi har kommit fram till just ett s\u00e5dant stopp d\u00e4r det konstn\u00e4rliga uttrycket inte l\u00e5ter sig omvandlas eller reduceras till ord.<\/p>\n<p><strong>Filmen ger intryck av slump. S\u00e5 \u00e4r inte fallet. <\/strong>Dess uttryck \u00e4r noga genomt\u00e4nkt och h\u00e4mtar b\u00e5de estetik och social betydelse fr\u00e5n v\u00e5r tids mobil- och internetkultur d\u00e4r m\u00e5nga fotograferar, filmar och delar med sig. Han talar f\u00f6rtjust om low tech, enkel teknik som alla har tillg\u00e5ng till.<\/p>\n<p>\u2013 Vi umg\u00e5s med den h\u00e4r estetiken, som vi delar med oss av. Jag tycker om det folkliga.<\/p>\n<p>D\u00e4rf\u00f6r har konstn\u00e4ren Tobias Sj\u00f6berg g\u00e5ng efter annan sammankallat sina \u201dstatister\u201d, v\u00e4nner eller bekantas bekanta som st\u00e4llt upp. Till tagningar inomhus och utomhus, i dagljus och i m\u00f6rker. Han har lyft handen med mobiltelefonen. Tagning.<\/p>\n<p>\u2013 Jag arbetade med verket <em>Nej!<\/em> kanske 5-6 g\u00e5nger.<\/p>\n<p>Till slut kom han fram till just den h\u00e4r sju minuter l\u00e5nga tagningen som f\u00f6r honom \u00e4r den r\u00e4tta. D\u00e4remot vill han inte f\u00f6rklara, kanske inte ens f\u00f6r sig sj\u00e4lv, om id\u00e9n till iscens\u00e4ttningen. \u00c5ter ett stopp att respektera.<\/p>\n<p>\u2013 Jag har m\u00e5nga ing\u00e5ngar till varf\u00f6r jag v\u00e4ljer mina scener.<\/p>\n<p><strong>Varf\u00f6r ordet \u201dNej\u201d, ett ord f\u00f6r protest? <\/strong>Vad har det med m\u00e4nniskors n\u00e4rhet eller inte n\u00e4rhet att g\u00f6ra? Svaret \u00e4r att det \u00e4r en negation.<\/p>\n<p>\u2013 \u201dNej\u201d s\u00e4ger att n\u00e5got \u00e4r genom att protestera mot det.<\/p>\n<p>V\u00e5rt timsl\u00e5nga samtal n\u00e5r h\u00e4r ett inte helt l\u00e4ttf\u00f6rklarligt omr\u00e5de, men Tobias Sj\u00f6berg g\u00f6r ett f\u00f6rs\u00f6k:<\/p>\n<p>\u2013 T\u00e4nk en grupp m\u00e4nniskor i en cirkel, de har en gemenskap, de \u00e4r goda och vill gott. Ser man p\u00e5 ett annat s\u00e4tt v\u00e4nder de ryggen mot alla andra.<\/p>\n<p>Aha! <em>Det som \u00e4r<\/em> och det som <em>inte<\/em> \u00e4r <em>det som \u00e4r<\/em>. Av n\u00e5gon anledning, be mig inte f\u00f6rklara, t\u00e4nker jag p\u00e5 att invertera en markering i Photoshop.<\/p>\n<p><strong>N\u00e4sta fr\u00e5ga: varf\u00f6r ett uttryck p\u00e5 svenska<\/strong> n\u00e4r Tobias Sj\u00f6berg efter grundl\u00e4ggande svenska konstskolor utbildat sig till konstn\u00e4r i f\u00f6rst Finland, Academy of Fine Arts i Helsingfors, sedan i England, Fine Arts vid Goldsmiths University i London, och nu bosatt sig i Berlin. Det \u00e4r f\u00f6r \u00f6vrigt i Berlin filmen spelats in, med statister som kommit fr\u00e5n m\u00e5nga olika l\u00e4nder till den sm\u00e4ltdegel som tar emot it-yuppies, konstn\u00e4rer och g\u00e4starbetare. Varf\u00f6r inte \u201dNo!\u201d, \u201dNein!\u201d eller \u201dNon!\u201d som kan f\u00f6rst\u00e5s av alla?<\/p>\n<p>\u2013 Det handlar om hur vi anv\u00e4nder spr\u00e5ket, vad \u201dNej!\u201d betyder f\u00f6r mig. Jag kan inte s\u00e4ga det p\u00e5 engelska.<\/p>\n<p><strong>D\u00e4rmed n\u00e4rmar vi oss det autentiska, och ordet \u201derfara\u201d som \u00e4r viktigt f\u00f6r Tobias.<\/strong> I svenskan \u00e4r det mindre vanligt, vi s\u00e4ger hellre k\u00e4nna, uppleva, vara med om. Kanske ordet \u00e4r mer sj\u00e4lvklart f\u00f6r den som i Berlin m\u00f6ter det tyska spr\u00e5ket dagligdags.<\/p>\n<p>Han v\u00e4ljer ocks\u00e5 \u201derfara\u201d framf\u00f6r \u201derfarenhet\u201d. Nyansen mellan verbet \u201derfara\u201d \u00e4r att vara med i \u00f6gonblicket medan substantivet \u201derfarenhet\u201d kapslar in det i n\u00e5got som redan h\u00e4nt. Skillnaden \u00e4r milsvid.<\/p>\n<p>Genom att placera sig mitt i gruppen, vara en av de agerande, med mobilkameran i den lyfta handen, erfar han det som sker eller inte sker. I b\u00e4sta fall f\u00f6rmedlas det hela v\u00e4gen till mottagaren, som ocks\u00e5 erfar.<\/p>\n<p><strong>P\u00e5 l\u00f6rdag m\u00f6ter Tobias Sj\u00f6bergs videokonstverk <em>Nej! <\/em>publiken p\u00e5 Verkstad.<\/strong> Under vernissagen genomf\u00f6rs en performance. Konstn\u00e4ren ser fram emot m\u00f6tet.<\/p>\n<p>\u2013 Jag tycker det \u00e4r j\u00e4tteviktigt att jobba med m\u00f6ten, med presentationen. Jag vill ha en r\u00f6st i v\u00e4rlden: Det h\u00e4r \u00e4r jag. Jag ser v\u00e4rlden p\u00e5 det h\u00e4r s\u00e4ttet, kanske kan vi k\u00e4nna igen oss i samma v\u00e4rldsbild.<\/p>\n<p>\u2013 Jag vill skapa en dialog.<\/p>\n<p><em>Text och foto: Ann-Charlotte Sandelin<\/em><br \/>\n<em>Filmstill: Tobias Sj\u00f6berg<\/em><\/p>\n<p>&nbsp;<\/p>\n<ul>\n<li>\n<h3>VERKSTAD Norrk\u00f6ping<\/h3>\n<\/li>\n<li><em>10\u201325 mars 2012<br \/>\nVernissage 10 mars kl 15<\/em><br \/>\n<strong>Nej! \u2013 Tobias Sj\u00f6berg<\/strong><\/li>\n<\/ul>\n<p>&nbsp;<\/p>\n<p>L\u00c4NKAR<br \/>\nTobias Sj\u00f6berg <a title=\"Tobias Sj\u00f6berg\" href=\"http:\/\/tobiassjoberg.nu\/ \" target=\"_blank\">hemsida <\/a><br \/>\nVerkstad <a title=\"Verkstad\" href=\"http:\/\/www.verkstadkonst.se\/\" target=\"_blank\">hemsida<\/a><\/p>\n<p>BILDSPEL (FLASH) \u2013 KLICKA P\u00c5 BILDEN <em>ALT\/MOBIL: SE BILDSPELET <a title=\"Bildspel\" href=\"https:\/\/www.flickr.com\/photos\/kultursidan\/sets\/72157629539662681\/show\/\" target=\"_blank\">H\u00c4R<\/a><\/em><br \/>\n<object width=\"400\" height=\"300\"><param name=\"flashvars\" value=\"offsite=true&amp;lang=en-us&amp;page_show_url=%2Fphotos%2Fkultursidan%2Fsets%2F72157629539662681%2Fshow%2F&amp;page_show_back_url=%2Fphotos%2Fkultursidan%2Fsets%2F72157629539662681%2F&amp;set_id=72157629539662681&amp;jump_to=\" \/><param name=\"movie\" value=\"https:\/\/www.flickr.com\/apps\/slideshow\/show.swf?v=1811922554\" \/><param name=\"allowFullScreen\" value=\"true\" \/><\/object><\/p>\n","protected":false},"excerpt":{"rendered":"<p>NORRK\u00d6PING Tillh\u00f6righet kan samtidigt markera ett avst\u00e5ndstagande. Dubbelheten ryms i Berlinbaserade konstn\u00e4ren Tobias Sj\u00f6bergs videokonstverk Nej!.  Det som tycks vara en enkel mobilfilm, en s\u00e5n man delar ut, \u00e4r resultatet av konstn\u00e4rliga \u00f6verv\u00e4ganden.<br \/>\n <a class=\"continue-reading-link\" href=\"https:\/\/www.kultursidan.nu\/?p=4932\">L\u00e4s mer <span class=\"meta-nav\">&rarr; <\/span><\/a><\/p>\n","protected":false},"author":1001006,"featured_media":0,"comment_status":"closed","ping_status":"closed","sticky":false,"template":"","format":"standard","meta":{"_jetpack_memberships_contains_paid_content":false,"footnotes":""},"categories":[7],"tags":[14],"class_list":["post-4932","post","type-post","status-publish","format-standard","hentry","category-norrkoping","tag-konst"],"jetpack_featured_media_url":"","jetpack_sharing_enabled":true,"_links":{"self":[{"href":"https:\/\/www.kultursidan.nu\/index.php?rest_route=\/wp\/v2\/posts\/4932","targetHints":{"allow":["GET"]}}],"collection":[{"href":"https:\/\/www.kultursidan.nu\/index.php?rest_route=\/wp\/v2\/posts"}],"about":[{"href":"https:\/\/www.kultursidan.nu\/index.php?rest_route=\/wp\/v2\/types\/post"}],"author":[{"embeddable":true,"href":"https:\/\/www.kultursidan.nu\/index.php?rest_route=\/wp\/v2\/users\/1001006"}],"replies":[{"embeddable":true,"href":"https:\/\/www.kultursidan.nu\/index.php?rest_route=%2Fwp%2Fv2%2Fcomments&post=4932"}],"version-history":[{"count":0,"href":"https:\/\/www.kultursidan.nu\/index.php?rest_route=\/wp\/v2\/posts\/4932\/revisions"}],"wp:attachment":[{"href":"https:\/\/www.kultursidan.nu\/index.php?rest_route=%2Fwp%2Fv2%2Fmedia&parent=4932"}],"wp:term":[{"taxonomy":"category","embeddable":true,"href":"https:\/\/www.kultursidan.nu\/index.php?rest_route=%2Fwp%2Fv2%2Fcategories&post=4932"},{"taxonomy":"post_tag","embeddable":true,"href":"https:\/\/www.kultursidan.nu\/index.php?rest_route=%2Fwp%2Fv2%2Ftags&post=4932"}],"curies":[{"name":"wp","href":"https:\/\/api.w.org\/{rel}","templated":true}]}}