{"id":498,"date":"2010-10-21T12:16:12","date_gmt":"2010-10-21T10:16:12","guid":{"rendered":"https:\/\/intelligent-friend-7861.standoutwp.com\/?p=498"},"modified":"2020-10-12T11:12:10","modified_gmt":"2020-10-12T10:12:10","slug":"thomas-zornat-staller-ut-pa-galleri-sander","status":"publish","type":"post","link":"https:\/\/www.kultursidan.nu\/?p=498","title":{"rendered":"Thomas Zornat st\u00e4ller ut p\u00e5 Galleri Sander"},"content":{"rendered":"<p><iframe loading=\"lazy\" src=\"https:\/\/www.youtube.com\/embed\/HUGhRvtOUfI\" width=\"560\" height=\"315\" frameborder=\"0\" allowfullscreen=\"allowfullscreen\"><\/iframe><br \/>\n<em>Thomas Zornat \u2013 Enf\u00e4rgad pensel laddad med medk\u00e4nsla. Film 2:18 min.<\/em><\/p>\n<p>&nbsp;<\/p>\n<h1><span style=\"color: #ff0000;\">Enf\u00e4rgad medk\u00e4nsla<\/span><\/h1>\n<p>&nbsp;<\/p>\n<p><strong>N\u00e4r <a title=\"Thomas Zornat\" href=\"http:\/\/www.zornat.se\/\" target=\"_blank\" rel=\"noopener noreferrer\">Thomas Zornat<\/a> g\u00e5r in f\u00f6r n\u00e5got g\u00f6r han det med r\u00e5ge.<\/strong> N\u00e4r han v\u00e4xte upp i S\u00f6derk\u00f6ping var det cykling som g\u00e4llde. Till slut hade han cyklat f\u00e4rdigt, sporten var inte nog f\u00f6r att svara p\u00e5 det han s\u00f6kte.<\/p>\n<p>Det \u00e4r m\u00e5nga \u00e5r sedan han valde pensel. Bokstavligt talat. Det \u00e4r en liten pensel med m\u00f6rkt skaft och ljus, medell\u00e5ng borst. Den anv\u00e4nds till allt, \u00e4ven stora m\u00e5lningar best\u00e5r av sm\u00e5 penseldrag, eller snarare penseltryck. F\u00f6r g\u00e5r man n\u00e4ra den visserligen st\u00e4mningsyllda, lite \u00f6dsliga bilden \u00e4r ytan uppr\u00f6rd, varje kvadratcentimeter plitad p\u00e5 med frenetiska tryck som m\u00f6nstrar oljef\u00e4rgen.<\/p>\n<p>\u2013 Jag \u00e4r far till tre barn och n\u00e4r jag l\u00e4ser om andra barn som kanske f\u00f6rolyckas eller r\u00e5kar ut f\u00f6r hemskheter s\u00e5 \u00e4r det som att mina egna barn, p\u00e5 ett s\u00e4tt, g\u00f6r det ocks\u00e5. Det blir v\u00e4ldigt l\u00e4tt f\u00f6r mig att s\u00e4tta mig in i den sm\u00e4rtan. Mitt s\u00e4tt att klara av den \u00e4r att n\u00e4rma mig den \u00e4nnu mer.<\/p>\n<p>V\u00e4gen till m\u00e5lningarna g\u00e5r via fotografiet. Ofta arrangerar han bilder, barnen \u00e4r erfarna modeller, p\u00e5 temat. M\u00e5lningarna blir inte en exakt fotokopia, d\u00e4r finns endast det som ska vara d\u00e4r. Allt on\u00f6digt \u00e4r bortrensat. Och m\u00e5lningen har oftast endast en kul\u00f6r, nyanserad men enf\u00e4rgad. Det skapar st\u00e4mning och distans \u2013 samtidigt.<\/p>\n<p>En m\u00e5lning \u00e4r s\u00e4llan ensam. Thomas Zornat bygger en serie bilder kring temat, kanske en dramatisk kronologi, kanske bara st\u00e4mningar. Thomas uppskattar n\u00e4r jag s\u00e4ger n\u00e5got om Hitchcock.<\/p>\n<p><strong>P\u00e5 golvet <a title=\"Galleri Sander\" href=\"http:\/\/www.gallerisander.se\/nkpg\/index.html\" target=\"_blank\" rel=\"noopener noreferrer\">i Galleri Sander<\/a> st\u00e5r ett strykbord med m\u00e5larduk och ett strykj\u00e4rn, <\/strong>som om en m\u00e5larduk ska strykas f\u00f6r att s\u00e4ttas i ram och h\u00e4ngas upp. Jag blev naturligtvis lurad. Verket v\u00e5llade stor uppst\u00e5ndelse i G\u00f6teborg n\u00e4r man s\u00e5g svastikan, ett bakv\u00e4nt hakkors, p\u00e5 strykj\u00e4rnets sula men n\u00e4r media f\u00f6rstod att det inte var en nazistisk konstn\u00e4r som st\u00e4llde ut svalnade intresset.<\/p>\n<p>Installationen anspelar p\u00e5 mycket, en \u00e4ldre konstn\u00e4r som faktiskt str\u00f6k sina dukar, p\u00e5 kyrkan i Tyskland som ofta gick vilse under nazitiden, p\u00e5 naziideologin som kan forts\u00e4tta att g\u00f6ra avtryck. Det \u00e4r inte av en h\u00e4ndelse som strykj\u00e4rnet st\u00e5r upp, som ett kyrktorn.<\/p>\n<p>\u2013 Jag hoppas ingen tror att jag propagerar f\u00f6r nazismen, s\u00e4ger Thomas Zornat.<\/p>\n<p>Helt n\u00e4ra strykbordet med det uppr\u00e4ttst\u00e5ende strykj\u00e4rnet h\u00e4nger en gr\u00f6n serie, tv\u00e5 sm\u00e5 barn bakom ett gallerst\u00e4ngsel, ett ensamt tr\u00e4d.\u00a0 Nej, jag tror ingen misstolkar hans medk\u00e4nsla och oro.<\/p>\n<p><em>Text och film: Ann-Charlotte Sandelin<\/em><\/p>\n<ul>\n<li>GALLERI SANDER<\/li>\n<li><strong>Thomas Zornat<\/strong><br \/>\n<em>M\u00e5lningar<\/em><br \/>\n16 \u2013 30 oktober 2010<\/li>\n<\/ul>\n","protected":false},"excerpt":{"rendered":"<p>NORRK\u00d6PING Thomas Zornats m\u00e5lningar p\u00e5 Galleri Sander f\u00f6rmedlar en \u00f6dsligt st\u00e4mning. G\u00e5r man n\u00e4ra m\u00f6ter en uppr\u00f6rd yta. Konstn\u00e4ren anv\u00e4nder ofta sina egna barn som modell. <a class=\"continue-reading-link\" href=\"https:\/\/www.kultursidan.nu\/?p=498\">L\u00e4s mer <span class=\"meta-nav\">&rarr; <\/span><\/a><\/p>\n","protected":false},"author":1001006,"featured_media":0,"comment_status":"open","ping_status":"open","sticky":false,"template":"","format":"standard","meta":{"_jetpack_memberships_contains_paid_content":false,"footnotes":""},"categories":[7],"tags":[14],"class_list":["post-498","post","type-post","status-publish","format-standard","hentry","category-norrkoping","tag-konst"],"jetpack_featured_media_url":"","jetpack_sharing_enabled":true,"_links":{"self":[{"href":"https:\/\/www.kultursidan.nu\/index.php?rest_route=\/wp\/v2\/posts\/498","targetHints":{"allow":["GET"]}}],"collection":[{"href":"https:\/\/www.kultursidan.nu\/index.php?rest_route=\/wp\/v2\/posts"}],"about":[{"href":"https:\/\/www.kultursidan.nu\/index.php?rest_route=\/wp\/v2\/types\/post"}],"author":[{"embeddable":true,"href":"https:\/\/www.kultursidan.nu\/index.php?rest_route=\/wp\/v2\/users\/1001006"}],"replies":[{"embeddable":true,"href":"https:\/\/www.kultursidan.nu\/index.php?rest_route=%2Fwp%2Fv2%2Fcomments&post=498"}],"version-history":[{"count":2,"href":"https:\/\/www.kultursidan.nu\/index.php?rest_route=\/wp\/v2\/posts\/498\/revisions"}],"predecessor-version":[{"id":42433,"href":"https:\/\/www.kultursidan.nu\/index.php?rest_route=\/wp\/v2\/posts\/498\/revisions\/42433"}],"wp:attachment":[{"href":"https:\/\/www.kultursidan.nu\/index.php?rest_route=%2Fwp%2Fv2%2Fmedia&parent=498"}],"wp:term":[{"taxonomy":"category","embeddable":true,"href":"https:\/\/www.kultursidan.nu\/index.php?rest_route=%2Fwp%2Fv2%2Fcategories&post=498"},{"taxonomy":"post_tag","embeddable":true,"href":"https:\/\/www.kultursidan.nu\/index.php?rest_route=%2Fwp%2Fv2%2Ftags&post=498"}],"curies":[{"name":"wp","href":"https:\/\/api.w.org\/{rel}","templated":true}]}}