{"id":513,"date":"2010-11-02T15:28:50","date_gmt":"2010-11-02T13:28:50","guid":{"rendered":"https:\/\/intelligent-friend-7861.standoutwp.com\/?p=513"},"modified":"2020-10-12T11:16:47","modified_gmt":"2020-10-12T10:16:47","slug":"livet-i-bangladesh-skildras-pa-arbetets-museum","status":"publish","type":"post","link":"https:\/\/www.kultursidan.nu\/?p=513","title":{"rendered":"Livet i Bangladesh skildras p\u00e5 Arbetets museum"},"content":{"rendered":"<p><iframe loading=\"lazy\" src=\"https:\/\/www.youtube.com\/embed\/pftZyeRVJiQ\" width=\"560\" height=\"315\" frameborder=\"0\" allowfullscreen=\"allowfullscreen\"><\/iframe><br \/>\n<em>Liv i Bangladesh. Modedesignern Amy Helene Johansson blev prisbel\u00f6nad fotograf. Film 2:51 min.<\/em><\/p>\n<p>&nbsp;<\/p>\n<h1><span style=\"color: #ff0000;\">Modedesignern blev dokument\u00e4rfotograf<\/span><\/h1>\n<p>&nbsp;<\/p>\n<p><strong>Farlig hemf\u00e4rd.<\/strong> Kvinnan h\u00e5ller sig fast mellan tv\u00e5 vagnar p\u00e5 ett t\u00e5g som rusar fram p\u00e5 sp\u00e5ret. Hon \u00e4r p\u00e5 v\u00e4g hem fr\u00e5n det l\u00e5gavl\u00f6nades arbetet i huvudstaden Dhaka f\u00f6r att fira fastem\u00e5naden Ramadans slut.<\/p>\n<p>Ofta m\u00f6ter oss <a title=\"Bangladesh\" href=\"http:\/\/www.virtualbangladesh.com\/\" target=\"_blank\" rel=\"noopener noreferrer\">Bangladesh<\/a> som landet vars befolkning k\u00e4mpar mot absolut fattigdom och \u00f6versv\u00e4mningskatastrofer. <a title=\"Amy Helene Johansson, fotograf\" href=\"http:\/\/www.amyjohansson.com\/\" target=\"_blank\" rel=\"noopener noreferrer\">Amy Helene Johansson<\/a> har levt i Bangladesh i fyra \u00e5r, uts\u00e4nd som modedesigner p\u00e5 plats av <a title=\"H&amp;M\" href=\"http:\/\/www.hm.com\/se\/#\/start\/\" target=\"_blank\" rel=\"noopener noreferrer\">modekoncernen H&amp;M<\/a>. Ett sp\u00e4nnande\u00a0 och intressant jobb f\u00f6r en kreativ person. Hon fascinerades av landet och dess inv\u00e5nare, v\u00e4nliga, stolta och nyfikna.<\/p>\n<p>De tv\u00e5 senaste \u00e5ren har hon med kameran i handen rest runt i Bangladesh. Utvalda delar har blivit den fotoutst\u00e4llning som nu visas p\u00e5 <a title=\"Arbetets museum\" href=\"http:\/\/www.arbetetsmuseum.se\/\" target=\"_blank\" rel=\"noopener noreferrer\">Arbetets museum<\/a> i Norrk\u00f6ping.<\/p>\n<p><strong>Bilderna \u00e4r vackra, med ljusspel mot m\u00f6rker,<\/strong> och starka f\u00e4rger som vi k\u00e4nner igen fr\u00e5n n\u00e4raliggande Indien. Utst\u00e4llningen \u00e4r uppdelad i tv\u00e5, en avdelning med portr\u00e4tt, f\u00f6r det mesta i helfigur, och en med bilder fr\u00e5n det flytande sjukhuset Jibon Tari d\u00e4r hon s\u00e4rskilt skildrar arbetet p\u00e5 \u00f6gonavdelningen.<\/p>\n<p>D\u00e4r hittar jag utst\u00e4llningens kanske vackraste bild, mannen som f\u00f6rr\u00e4ttar sin b\u00f6n p\u00e5 d\u00e4ck, skymningen faller i flodlandskapets stillhet.<\/p>\n<p>Bildtexterna f\u00f6rdjupar, fotografen har bes\u00f6kt flyktingl\u00e4ger och \u00f6versv\u00e4mningsomr\u00e5den, arbetsplatser och j\u00e4rnv\u00e4gsstationer. \u00c4nd\u00e5 \u00e4r det inte utsattheten som dominerar utan det v\u00e4nliga och respektfulla m\u00f6tet, som ocks\u00e5 publiken p\u00e5 Arbetets museum f\u00e5r ta del av.<\/p>\n<p><strong>Amy Helene Johansson \u00e4r f\u00f6r n\u00e4rvarande tj\u00e4nstledig<\/strong> f\u00f6r att studera foto i London. Bilden <em>Farlig hemf\u00e4rd<\/em> tog hem f\u00f6rstapriset i <a title=\"Asian Geographic Magazines\" href=\"http:\/\/www.asiangeo.com\/\" target=\"_blank\" rel=\"noopener noreferrer\">Asian Geographic Magazines<\/a> t\u00e4vling <em>Faces of Asia <\/em>och har nominerats i fler t\u00e4vlingar. Fotot har \u00e4ven valts ut till \u00e5rets <em>Taylor Wessing Portrait Price Exhibition<\/em> p\u00e5 brittiska <a title=\"National Portrait Gallery\" href=\"http:\/\/www.npg.org.uk\/home.php\" target=\"_blank\" rel=\"noopener noreferrer\">National Portrait Gallery<\/a> i London.<\/p>\n<p><em>Text och film: Ann-Charlotte Sandelin<\/em><\/p>\n<ul>\n<li>\n<h3>Arbetets museum<\/h3>\n<\/li>\n<li>LIV I BANGLADESH \u2013 M\u00f6ten, m\u00e4nniskor och milj\u00f6er<\/li>\n<li>Fotografier av Amy Helene Johansson<\/li>\n<li><em>2 november 2010 \u2013 13 mars 2011<\/em><\/li>\n<\/ul>\n","protected":false},"excerpt":{"rendered":"<p>NORRK\u00d6PING Amy Helene Johansson arbetade som modedesigner f\u00f6r H&#038;M. I Bangladesh d\u00e4r hon under fyra \u00e5rs tid kom m\u00e4nniskorna n\u00e4ra i det fattiga och vackra landet. Nu visas hennes foton p\u00e5 Arbetets museum. <a class=\"continue-reading-link\" href=\"https:\/\/www.kultursidan.nu\/?p=513\">L\u00e4s mer <span class=\"meta-nav\">&rarr; <\/span><\/a><\/p>\n","protected":false},"author":1001006,"featured_media":0,"comment_status":"closed","ping_status":"open","sticky":false,"template":"","format":"standard","meta":{"_jetpack_memberships_contains_paid_content":false,"footnotes":""},"categories":[7],"tags":[17,14],"class_list":["post-513","post","type-post","status-publish","format-standard","hentry","category-norrkoping","tag-foto","tag-konst"],"jetpack_featured_media_url":"","jetpack_sharing_enabled":true,"_links":{"self":[{"href":"https:\/\/www.kultursidan.nu\/index.php?rest_route=\/wp\/v2\/posts\/513","targetHints":{"allow":["GET"]}}],"collection":[{"href":"https:\/\/www.kultursidan.nu\/index.php?rest_route=\/wp\/v2\/posts"}],"about":[{"href":"https:\/\/www.kultursidan.nu\/index.php?rest_route=\/wp\/v2\/types\/post"}],"author":[{"embeddable":true,"href":"https:\/\/www.kultursidan.nu\/index.php?rest_route=\/wp\/v2\/users\/1001006"}],"replies":[{"embeddable":true,"href":"https:\/\/www.kultursidan.nu\/index.php?rest_route=%2Fwp%2Fv2%2Fcomments&post=513"}],"version-history":[{"count":3,"href":"https:\/\/www.kultursidan.nu\/index.php?rest_route=\/wp\/v2\/posts\/513\/revisions"}],"predecessor-version":[{"id":42436,"href":"https:\/\/www.kultursidan.nu\/index.php?rest_route=\/wp\/v2\/posts\/513\/revisions\/42436"}],"wp:attachment":[{"href":"https:\/\/www.kultursidan.nu\/index.php?rest_route=%2Fwp%2Fv2%2Fmedia&parent=513"}],"wp:term":[{"taxonomy":"category","embeddable":true,"href":"https:\/\/www.kultursidan.nu\/index.php?rest_route=%2Fwp%2Fv2%2Fcategories&post=513"},{"taxonomy":"post_tag","embeddable":true,"href":"https:\/\/www.kultursidan.nu\/index.php?rest_route=%2Fwp%2Fv2%2Ftags&post=513"}],"curies":[{"name":"wp","href":"https:\/\/api.w.org\/{rel}","templated":true}]}}