{"id":5138,"date":"2012-03-20T14:02:09","date_gmt":"2012-03-20T13:02:09","guid":{"rendered":"https:\/\/intelligent-friend-7861.standoutwp.com\/?p=5138"},"modified":"2014-09-11T16:09:50","modified_gmt":"2014-09-11T15:09:50","slug":"anneli-lindberg-materialist-med-monster-i-kronan-recension","status":"publish","type":"post","link":"https:\/\/www.kultursidan.nu\/?p=5138","title":{"rendered":"Anneli Lindberg \u2013 materialist med m\u00f6nster i Kronan (recension)"},"content":{"rendered":"<p><iframe loading=\"lazy\" src=\"https:\/\/www.flickr.com\/photos\/kultursidan\/6853648984\/in\/photostream\/player\/\" width=\"500\" height=\"333\" frameborder=\"0\" allowfullscreen=\"allowfullscreen\"><\/iframe><\/p>\n<p><em>Anneli Lindberg st\u00e4ller ut i Lilla galleriet p\u00e5 Galleri Kronan.<\/em><\/p>\n<p>&nbsp;<\/p>\n<h1><span style=\"color: #ff0000;\">Virklighetens konstn\u00e4r skapar sagorum<\/span><\/h1>\n<p>&nbsp;<\/p>\n<p><strong>Norrk\u00f6pingskonstn\u00e4ren Anneli Lindberg smyckar v\u00e4ggarna i Kronans Lilla galleri. <\/strong>Jag blir glad av att stiga in i rummet. De uttrycksfulla virkade blobbarna, som blivit Annelis signatur, p\u00e5 ena sidan, m\u00f6ter ovala sm\u00e5 grafiska brickor med vill ha-k\u00e4nsla mittemot.<\/p>\n<p><strong>Inf\u00e5ngad.<\/strong> F\u00f6r l\u00e4ngre in i rummet m\u00f6ter jag ocks\u00e5 mer komplexa verk i blandteknik, d\u00e4r textil m\u00f6ter m\u00e5leri i lager p\u00e5 lager. Garn, l\u00f6sa tr\u00e5dar och stygn s\u00e5v\u00e4l som virkade objekt, p\u00e5 f\u00e4rg, p\u00e5 f\u00e4rgfl\u00e4ckad lakansv\u00e4v eller tr\u00e4. Ocks\u00e5 garnerna f\u00e5r f\u00e4rg p\u00e5 sig, blir p\u00e5 s\u00e5 s\u00e4tt material i materialet och l\u00e4mnar garnets attribut som kvinnlig utsmyckning utanf\u00f6r bilden.<\/p>\n<p>H\u00e4r skapas nya v\u00e4rldar att utforska. Skapade av lika delar lust och n\u00f6dv\u00e4ndighet, och befolkade av maskor och andra sm\u00e5 kryp.<\/p>\n<p><strong>Material och m\u00f6nster f\u00f6renas i Anneli Lindbergs konstn\u00e4rskap med utg\u00e5ngspunkt fr\u00e5n virkandet som alltid f\u00f6ljt henne, <\/strong>s\u00e5 l\u00e5ngt att hon skapat ett eget spr\u00e5k: virkverk, virklighet. Garnet \u00e4r materialet som i sj\u00e4lva virktekniken skapar linjem\u00f6nster byggda p\u00e5 virk\u00f6glans symmetri. Material och m\u00f6nster m\u00f6ts i de virkade vadderade blobbarna som blir dagsrapporter, var och en med sin egen personlighet.<\/p>\n<p>Anneli Lindbergs blobbar har utvecklats sedan jag s\u00e5g dem senast, nu med flera f\u00e4rger och r\u00e4nder, med spiraler och till och med en flamencovolang \u2013 <em>Made in Mallis. Tr\u00e4ffat Miro? <\/em>Namnenf\u00f6rst\u00e4rker karakt\u00e4rerna \u2013 <em>En larvig sort, Nicke Nyfiken, Av den tr\u00e4iga sorten. <\/em>Av de fotografiska rapporter konstn\u00e4ren ibland l\u00e4mnar har jag l\u00e4rt mig att hennes skapelser \u00e4r just nyfikna varelser, dock t\u00e5l de inte vatten, inte heller att s\u00e4ttas i bur.<\/p>\n<p><strong>Bildbrickorna g\u00e5r under den gemensamma titeln <em>Sagotr\u00e5dar<\/em> och ger intryck av l\u00e4cker design.<\/strong> Men konstn\u00e4ren luras: varje bricka \u00e4r ett eget unikt konstverk. Det grafiska bladet, bilden av tr\u00e5dar\/virkl\u00e4ngder\/virkverk som tryckts p\u00e5 runt rispapper har bakats in i brickans laminering. <em>Sagotr\u00e5dar <\/em>\u00e4r konst som s\u00e4tter festkant mitt p\u00e5 vardagen.<\/p>\n<p><em>Text och foto: Ann-Charlotte Sandelin<\/em><\/p>\n<p>&nbsp;<\/p>\n<ul>\n<li>\n<h3>LILLA STUDION, GALLERI KRONAN Norrk\u00f6ping<\/h3>\n<\/li>\n<li><em>17 mar \u2013 1 april 2012<\/em><br \/>\n<strong>Sagotr\u00e5dar II<\/strong><br \/>\nAnneli Lindberg<\/li>\n<\/ul>\n<p>&nbsp;<\/p>\n<p>L\u00c4NKAR<br \/>\nAnneli Lindberg <a title=\"Anneli Lindberg\" href=\"www.svenskakonstnarer.se\/galleri\/annelilindberg\" target=\"_blank\">hemsida <\/a><br \/>\nGalleri Kronan <a title=\"Galleri Kronan\" href=\"http:\/\/www.gallerikronan.se\/\" target=\"_blank\">hemsida<\/a><\/p>\n<p>BILDSPEL (FLASH) \u2013 KLICKA P\u00c5 BILDEN <em>ALT\/MOBIL: SE BILDSPELET <a title=\"Bildspel\" href=\"https:\/\/www.flickr.com\/photos\/kultursidan\/sets\/72157629626649771\/show\/\" target=\"_blank\">H\u00c4R<\/a><\/em><\/p>\n<p><object width=\"400\" height=\"300\"><param name=\"flashvars\" value=\"offsite=true&#038;lang=en-us&#038;page_show_url=%2Fphotos%2Fkultursidan%2Fsets%2F72157629626649771%2Fshow%2F&#038;page_show_back_url=%2Fphotos%2Fkultursidan%2Fsets%2F72157629626649771%2F&#038;set_id=72157629626649771&#038;jump_to=\"><\/param><param name=\"movie\" value=\"https:\/\/www.flickr.com\/apps\/slideshow\/show.swf?v=1811922554\"><\/param><param name=\"allowFullScreen\" value=\"true\"><\/param><\/object><\/p>\n","protected":false},"excerpt":{"rendered":"<p>NORRK\u00d6PING En virklighetens konstn\u00e4r skapar sagorum i Lilla galleriet p\u00e5 Galleri Kronan. Virkr\u00e4nderna g\u00e5r aldrig ur konstn\u00e4ren som tar med garntr\u00e5darna i blobbar, tavlor och bildbrickor. En utst\u00e4llning att bli glad av, som ocks\u00e5 \u00f6ppnar nya v\u00e4rldar med virktr\u00e5d, stygn och f\u00e4rg.<br \/>\n <a class=\"continue-reading-link\" href=\"https:\/\/www.kultursidan.nu\/?p=5138\">L\u00e4s mer <span class=\"meta-nav\">&rarr; <\/span><\/a><\/p>\n","protected":false},"author":1001006,"featured_media":0,"comment_status":"closed","ping_status":"closed","sticky":false,"template":"","format":"standard","meta":{"_jetpack_memberships_contains_paid_content":false,"footnotes":""},"categories":[7],"tags":[14],"class_list":["post-5138","post","type-post","status-publish","format-standard","hentry","category-norrkoping","tag-konst"],"jetpack_featured_media_url":"","jetpack_sharing_enabled":true,"_links":{"self":[{"href":"https:\/\/www.kultursidan.nu\/index.php?rest_route=\/wp\/v2\/posts\/5138","targetHints":{"allow":["GET"]}}],"collection":[{"href":"https:\/\/www.kultursidan.nu\/index.php?rest_route=\/wp\/v2\/posts"}],"about":[{"href":"https:\/\/www.kultursidan.nu\/index.php?rest_route=\/wp\/v2\/types\/post"}],"author":[{"embeddable":true,"href":"https:\/\/www.kultursidan.nu\/index.php?rest_route=\/wp\/v2\/users\/1001006"}],"replies":[{"embeddable":true,"href":"https:\/\/www.kultursidan.nu\/index.php?rest_route=%2Fwp%2Fv2%2Fcomments&post=5138"}],"version-history":[{"count":0,"href":"https:\/\/www.kultursidan.nu\/index.php?rest_route=\/wp\/v2\/posts\/5138\/revisions"}],"wp:attachment":[{"href":"https:\/\/www.kultursidan.nu\/index.php?rest_route=%2Fwp%2Fv2%2Fmedia&parent=5138"}],"wp:term":[{"taxonomy":"category","embeddable":true,"href":"https:\/\/www.kultursidan.nu\/index.php?rest_route=%2Fwp%2Fv2%2Fcategories&post=5138"},{"taxonomy":"post_tag","embeddable":true,"href":"https:\/\/www.kultursidan.nu\/index.php?rest_route=%2Fwp%2Fv2%2Ftags&post=5138"}],"curies":[{"name":"wp","href":"https:\/\/api.w.org\/{rel}","templated":true}]}}