{"id":5146,"date":"2012-03-21T11:21:34","date_gmt":"2012-03-21T10:21:34","guid":{"rendered":"https:\/\/intelligent-friend-7861.standoutwp.com\/?p=5146"},"modified":"2014-06-03T09:25:48","modified_gmt":"2014-06-03T08:25:48","slug":"under-samhalls-ytan-med-ragnar-schmid-pa-galleri-kronan-reportage","status":"publish","type":"post","link":"https:\/\/www.kultursidan.nu\/?p=5146","title":{"rendered":"Under (samh\u00e4lls-)ytan med Ragnar Schmid p\u00e5 Galleri Kronan (reportage)"},"content":{"rendered":"<p><iframe loading=\"lazy\" src=\"https:\/\/www.flickr.com\/photos\/kultursidan\/6853787750\/player\/\" width=\"500\" height=\"327\" frameborder=\"0\" allowfullscreen webkitallowfullscreen mozallowfullscreen oallowfullscreen msallowfullscreen><\/iframe><\/p>\n<p><em>Asyls\u00f6kande heter Ragnar Schmids m\u00e5lning som inspirerats av ett gammalt familjeportr\u00e4tt. <\/em><\/p>\n<p>&nbsp;<\/p>\n<h1><span style=\"color: #ff0000;\">Abstraherad form, rosa f\u00e4rg och f\u00f6rsvunna figurer<\/span><\/h1>\n<p>&nbsp;<\/p>\n<p><strong>Enkla former, grovt tillyxade platta figurer mot en helt\u00e4ckande rosa bakgrund. Okeeej\u2026. <\/strong>F\u00f6rsta intrycket \u00e4r alltid en snabb och ytlig historia s\u00e5 jag ber G\u00f6teborgskonstn\u00e4ren Ragnar Schmid ta mig i handen och g\u00e5 en guidad tur p\u00e5 Galleri Kronan. Det kommer att visa sig att det \u00e4r klokt drag, f\u00f6r det hj\u00e4lper mig att n\u00e5 under ytan till en utst\u00e4llning och ett konstn\u00e4rskap som med f\u00f6rundran och saktmod, och inte utan finurlig humor, begrundar tillvaron.<\/p>\n<p><strong><em>Kropp och sj\u00e4l<\/em><\/strong><strong> kallar han utst\u00e4llningen. <\/strong>Mest uppenbart i det temat \u00e4r f\u00f6rst\u00e5s m\u00e5lningarna fr\u00e5n gym med personer som tr\u00e4nar i olika redskap, bristen p\u00e5 \u00f6gonkontakt \u00e4r uppenbar, liksom utplacerandet av motiven mot bakgrunden. En ensam gymnast, ihopf\u00e4lld som en kniv mot en stor pilatesboll, fascinerar.<\/p>\n<p>Men en konstn\u00e4r som m\u00e5lar m\u00e4nniskofigurer, oavsett om de gymmar, dansar, dricker eller bara \u00e4r, om \u00e4n i djurskepnad, \u00e4gnar sig v\u00e4l just \u00e5t detta \u2013 kropp och sj\u00e4l.<\/p>\n<p>\u2013 Jag jobbar g\u00e4rna med teman. Det blir figurer och ber\u00e4ttelser, som inte \u00e4r sj\u00e4lvklara, inte ens f\u00f6r mig sj\u00e4lv, kommenterar Ragnar Schmid.<br \/>\n\u2013 Gymmet \u00e4r f\u00f6r mig ett tillst\u00e5nd i samh\u00e4llet att man hela tiden str\u00e4var efter att bli b\u00e4ttre. Det \u00e4r dubbelt\u2026<\/p>\n<p><strong>Utst\u00e4llningen best\u00e5r till 25 tjugosj\u00e4ttedelar av m\u00e5lningar i olja<\/strong> medan den sista delen \u00e4r ett litet ordvitsigt <em>F\u00e4rgbygge<\/em>, rum p\u00e5 rum i m\u00e5lad wellpapp, en konkret kommentar till ett m\u00e5leri best\u00e5ende av just kompositioner av f\u00e4rgelement.<\/p>\n<p>\u2013 I grunden \u00e4r det ett abstrakt m\u00e5leri som handlar om form och f\u00e4rg.<\/p>\n<p>M\u00e5lningarna saknar \u00e5rtal, signaturen \u00e4r tv\u00e5 sm\u00e5 diskreta bokst\u00e4ver RS. Varf\u00f6r f\u00f6rst\u00f6ra en bra komposition med en stor signaturblaffa, s\u00e5 tror jag att han menar, och det h\u00e4r med tillkomst\u00e5r saknar betydelse, hans m\u00e5leri \u00e4r hans punkt slut. Vilket inte hindrar m\u00e5leriet fr\u00e5n att utvecklas \u00f6ver tiden.<\/p>\n<p>\u2013 Jag blir mer och mer trogen mot det jag vill g\u00f6ra, s\u00e4ger Ragnar Schmid.<\/p>\n<p><strong>M\u00e4nniskogestalterna \u00e4r naivt tecknade, hela kroppar i stela poser, i halvfigur eller som portr\u00e4tt.<\/strong> En uts\u00e5gad relief, <em>Fadern<\/em>, med brun herrhatt i modell fr\u00e5n 1950-talet leder mina tankar till tidiga serieteckningar. Men Ragnar Schmid pekar i st\u00e4llet p\u00e5 nutida inspiration som Galagos serietecknare och barnb\u00f6cker. Han nickar bekr\u00e4ftande n\u00e4r jag lyfter fram min sm\u00e5barnsfavorit Anna-Clara Tidholm.<\/p>\n<p><em>Fadern<\/em>, en v\u00e4nlig figur med vitbehandskad hand mot svart rock, \u00e4r m\u00e5lad med t\u00e4mligen sl\u00e4ta f\u00e4rger, det tv\u00e5dimensionella rosa ansiktet rundas l\u00e4tt av ljust h\u00e5r, samma kul\u00f6r skuggar n\u00e4san. \u00d6gon, mun och \u00f6ra tecknas tydligt i starka f\u00e4ger. Inte l\u00e5ngt d\u00e4rifr\u00e5n h\u00e4nger <em>Sonen<\/em>, ocks\u00e5 det en uts\u00e5gad relief. H\u00e4r m\u00f6ter vi en kritiskt granskande blick, som dock viker l\u00e4tt \u00e5t sidan, som i en del (unga) sj\u00e4lvportr\u00e4tt. Ansiktet har inte l\u00e4ngre en sl\u00e4t hy utan \u00e4r uppbyggd av flera kul\u00f6rer som tecknar pannans valv, kinder i ljus och i skugga. Intrycket blir tredimensionellt mot tr\u00f6jans och h\u00e5rets tv\u00e5.<\/p>\n<p><strong>Till detta kommer de f\u00f6rsvunna figurerna, som ofta anas under ytan.<\/strong> De har funnits d\u00e4r och deras f\u00f6rsvinnande kan naturligtvis tolkas som en ren kompositionsfr\u00e5ga men ocks\u00e5 som ett skeende i tillvaron, par splittras och n\u00e5gon blir ensam kvar. Det blir en lek att g\u00e5 p\u00e5 jakt efter det som f\u00f6rsvunnit.<\/p>\n<p>\u2013 Jag tecknar upp grundkompositionen, redan d\u00e4r kan det f\u00f6rst\u00e5s h\u00e4nda att jag \u00e4ndrar. Sedan blir det f\u00e4rg efter f\u00e4rg, ber\u00e4ttar Ragnar Schmid.<\/p>\n<p>Mycket kan h\u00e4nda med m\u00e5lningen \u00e4ven i det skedet. Han visar p\u00e5 <em>Egendomlig h\u00e4ndelse i valr\u00f6relsens sista vecka (2010)<\/em> som var inspirerad av konstn\u00e4ren f\u00f6rundran \u00f6ver de m\u00e4rkliga scenografier som politikerna, \u201dverkliga m\u00e4nniskor\u201d, placeras i. En stor fyrkantig manlig m\u00f6rk gestalt till v\u00e4nster och en kvinnlig gestalt med r\u00f6da accenter till h\u00f6ger. Hennes underkropp har b\u00f6jts s\u00e5 hon flyger.<\/p>\n<p>\u2013 Jag f\u00e5r ut mycket ur problemen med kompositionerna, f\u00f6rklarar konstn\u00e4ren.<\/p>\n<p><strong>Och s\u00e5 detta med den rosa f\u00e4rgen som hamnat i samh\u00e4llsdebattens fokus under det senaste \u00e5ret. <\/strong><\/p>\n<p>\u2013 M\u00e4rkligt, kommenterar Ragnar Schmid. Det h\u00e4r har jag h\u00e5llit p\u00e5 med i m\u00e5nga \u00e5r. Det \u00e4r en l\u00e4cker f\u00e4rg, jag uppfattar inte rosa som n\u00e5got \u201ds\u00f6tt\u201d. M\u00e5leriet \u00e4r den kvalitet som styr bilden. Det \u00e4r viktigt att hitta r\u00e4tt nyans.<\/p>\n<p>En sak som h\u00e4nt med hans rosa kul\u00f6rer under de senaste \u00e5ren \u00e4r att han hittat en ny varm aprikosf\u00e4rg. Den omger det fina familjeportr\u00e4ttet i hallen som binder samman galleriets olika rum med varandra. L\u00e4ngst till h\u00f6ger sitter ett litet barn, kanske en tv\u00e5\u00e5ring, i moderns kn\u00e4.<\/p>\n<p>\u2013 Det \u00e4r min farfar.<\/p>\n<p>Ragnar Schmid, vars familjenamn har ett schweiziskt ursprung, kallar m\u00e5lningen <em>Asyl\u00e4rende<\/em>.<\/p>\n<p><em>Text och foto: Ann-Charlotte Sandelin<\/em><\/p>\n<p>&nbsp;<\/p>\n<ul>\n<li>\n<h3>GALLERI KRONAN Norrk\u00f6ping<\/h3>\n<\/li>\n<li><em>17 mars \u2013 1 april 2012<\/em><br \/>\n<strong>Kropp och sj\u00e4l<\/strong><br \/>\nRagnar Schmid<\/li>\n<\/ul>\n<p>&nbsp;<\/p>\n<p>L\u00c4NKAR<br \/>\nRagnar Schmid <a title=\"Ragnar Schmid\" href=\"http:\/\/ragnarschmid.se\/A.html \" target=\"_blank\">hemsida <\/a><br \/>\nGalleri Kronan <a title=\"Galleri Kronan\" href=\"http:\/\/www.gallerikronan.se\/\" target=\"_blank\">hemsida<\/a><\/p>\n<p>&nbsp;<\/p>\n<p>FLER BILDER FR\u00c5N UTST\u00c4LLNINGEN \u2013 KLICKA<\/p>\n<p>[flickr-gallery mode=&#8221;photoset&#8221; photoset=&#8221;72157629626992763&#8243;]<\/p>\n","protected":false},"excerpt":{"rendered":"<p>NORRK\u00d6PING Abstraherad form, rosa f\u00e4rg och f\u00f6rsvunna figurer. Mer ryms p\u00e5 och under ytan, \u00e4n man f\u00f6rst anar, i ett m\u00e5leri som med f\u00f6rundran och saktmod begrundar tillvaron. Ragnar Schmid m\u00e5lar figurer och ber\u00e4ttelser som aldrig blir helt sj\u00e4lvklara, inte ens f\u00f6r honom sj\u00e4lv.<br \/>\n <a class=\"continue-reading-link\" href=\"https:\/\/www.kultursidan.nu\/?p=5146\">L\u00e4s mer <span class=\"meta-nav\">&rarr; <\/span><\/a><\/p>\n","protected":false},"author":1001006,"featured_media":0,"comment_status":"closed","ping_status":"open","sticky":false,"template":"","format":"standard","meta":{"_jetpack_memberships_contains_paid_content":false,"footnotes":""},"categories":[7],"tags":[14],"class_list":["post-5146","post","type-post","status-publish","format-standard","hentry","category-norrkoping","tag-konst"],"jetpack_featured_media_url":"","jetpack_sharing_enabled":true,"_links":{"self":[{"href":"https:\/\/www.kultursidan.nu\/index.php?rest_route=\/wp\/v2\/posts\/5146","targetHints":{"allow":["GET"]}}],"collection":[{"href":"https:\/\/www.kultursidan.nu\/index.php?rest_route=\/wp\/v2\/posts"}],"about":[{"href":"https:\/\/www.kultursidan.nu\/index.php?rest_route=\/wp\/v2\/types\/post"}],"author":[{"embeddable":true,"href":"https:\/\/www.kultursidan.nu\/index.php?rest_route=\/wp\/v2\/users\/1001006"}],"replies":[{"embeddable":true,"href":"https:\/\/www.kultursidan.nu\/index.php?rest_route=%2Fwp%2Fv2%2Fcomments&post=5146"}],"version-history":[{"count":0,"href":"https:\/\/www.kultursidan.nu\/index.php?rest_route=\/wp\/v2\/posts\/5146\/revisions"}],"wp:attachment":[{"href":"https:\/\/www.kultursidan.nu\/index.php?rest_route=%2Fwp%2Fv2%2Fmedia&parent=5146"}],"wp:term":[{"taxonomy":"category","embeddable":true,"href":"https:\/\/www.kultursidan.nu\/index.php?rest_route=%2Fwp%2Fv2%2Fcategories&post=5146"},{"taxonomy":"post_tag","embeddable":true,"href":"https:\/\/www.kultursidan.nu\/index.php?rest_route=%2Fwp%2Fv2%2Ftags&post=5146"}],"curies":[{"name":"wp","href":"https:\/\/api.w.org\/{rel}","templated":true}]}}