{"id":5154,"date":"2012-03-21T13:00:49","date_gmt":"2012-03-21T12:00:49","guid":{"rendered":"https:\/\/intelligent-friend-7861.standoutwp.com\/?p=5154"},"modified":"2012-03-26T16:30:55","modified_gmt":"2012-03-26T15:30:55","slug":"norrkoping-pride-forbereder-sig-pa-gransen-reportage","status":"publish","type":"post","link":"https:\/\/www.kultursidan.nu\/?p=5154","title":{"rendered":"Norrk\u00f6ping Pride f\u00f6rbereder sig P\u00e5 gr\u00e4nsen (reportage)"},"content":{"rendered":"<p>[flickr]http:\/\/www.flickr.com\/photos\/kultursidan\/6856538276\/[\/flickr]<\/p>\n<p><em>Regnb\u00e5gens f\u00e4rger. Projektledarna Ellen Larsson och Emelie M\u00e5nsson fotas av Norrk\u00f6pings Tidningars fotograf.<br \/>\n<\/em><\/p>\n<p><em>\u00a0<\/em><\/p>\n<h1><span style=\"color: #ff0000;\">Stolta regnb\u00e5gsf\u00e4rger f\u00f6r 4:e g\u00e5ngen<\/span><\/h1>\n<p>&nbsp;<\/p>\n<p><strong><em>P\u00e5 gr\u00e4nsen<\/em><\/strong><strong> \u00e4r temat f\u00f6r den 4:e <em>Norrk\u00f6ping Pride<\/em> som arrangeras den 4-5 maj.<\/strong> Projektledarna Ellen Larsson och Emelie M\u00e5nsson presenterade vid en presskonferens p\u00e5 Arbetets museum p\u00e5 tisdagen delar av programmet och ber\u00e4ttade varf\u00f6r det \u00e4r en viktig manifestation. Man ville dock inte \u00e4nnu avsl\u00f6ja alla detaljer utan valde att vara en aning hemlighetsfulla.<\/p>\n<p>Bland de medverkande som \u00e4r klara finns Mehrdad Darvischpour som kommer att f\u00f6rel\u00e4sa om hur man integrerar svenskar i den globala m\u00e5ngfalden. G\u00fclbeden Kulbay &amp; Tomas Forsberg genomf\u00f6r en performance d\u00e4r ljud och bild samspelar. Filmen <em>Ingen man i sikte<\/em> kommer att visas och filmens regiss\u00f6r Mette Aakerholm Gardell kommer att vara p\u00e5 plats f\u00f6r att prata om filmen.<\/p>\n<p>Mer lokala \u00e4r eleverna vid Gamleby fotoskola har under en termin jobbat med temat <em>P\u00e5 gr\u00e4nsen<\/em> vilket blivit en utst\u00e4llning som premi\u00e4rvisas vid Norrk\u00f6ping Pride. Festivalprogrammet kommer allteftersom att fyllas av seminarier, teater, f\u00f6rel\u00e4sningar, konst, musik och mer d\u00e4rtill.<\/p>\n<p><strong>En fr\u00e5ga som blivit br\u00e4nnande aktuell \u00e4r till exempel surrogatmammor, barnl\u00e4ngtan har alltid funnit, nu finns \u00e4ven tekniken.<\/strong> Kajsa Ekis Ekman och Ulrika Westerlund kommer att diskutera \u00e4mnet. Kajsa Ekis Ekman kom 2010 ut med boken<em> Varat och varan: prostitution, surrogatm\u00f6draskap och den delade m\u00e4nniskan<\/em> medan Ulrika Westerlund \u00e4r RFSL:s ordf\u00f6rande och tidigare varit chefredakt\u00f6r f\u00f6r tidskriften Bang.<\/p>\n<p><strong><em>Pride<\/em>-festivaler finns i Sverige p\u00e5 ett tiotal platser och flera tillkommer.<\/strong> \u00d6rebro har som exempel bett Ellen och Emelie att hj\u00e4lpa till att arrangera <em>\u00d6rebro Pride,<\/em> den allra f\u00f6rsta, som kommer att \u00e4ga rum i m\u00e5nadsskiftet augusti-september i \u00e5r.<\/p>\n<p>Under de \u00e5r som g\u00e5tt har intresset f\u00f6r Norrk\u00f6ping Pride \u00f6kat och man hoppas i \u00e5r f\u00e5 ta emot kanske 5000 bes\u00f6kare. Intresset f\u00f6r Norrk\u00f6pings arrangemang \u00f6kar b\u00e5de lokalt i regionen men ocks\u00e5 runt om i landet. Arbetets Museum, Cnema och Dynamo (Kulturkammaren) kommer att vara de centrala samlingspunkterna f\u00f6r publiken.<\/p>\n<p><strong>Norrk\u00f6ping beskrivs idag som en relativt \u00f6ppen stad och det finns ett intresse fr\u00e5n innev\u00e5narna att f\u00e5 veta mera.<\/strong> Men fr\u00e5gorna om alla m\u00e4nniskors lika v\u00e4rde och r\u00e4ttigheter beh\u00f6ver lyftas \u2013 d\u00e4rf\u00f6r \u00e4r festivalen viktig. Det g\u00e4ller ocks\u00e5 att visa solidaritet med alla de m\u00e4nniskor runt om i v\u00e4rlden som inte f\u00e5r fira <em>Pride<\/em>.<\/p>\n<p><em>Text och foto: Sven \u00c5ke Molund<\/em><\/p>\n<p>&nbsp;<\/p>\n<p>FLER BILDER FR\u00c5N UTST\u00c4LLNINGEN \u2013 KLICKA<\/p>\n<p>[flickr-gallery mode=&#8221;photoset&#8221; photoset=&#8221;72157629633803077&#8243;]<\/p>\n","protected":false},"excerpt":{"rendered":"<p>NORRK\u00d6PING Snart vajar regnb\u00e5gsflaggan stolt \u00f6ver Norrk\u00f6ping. P\u00e5 tisdagens presenterades delar av det som i maj blir en intensiv festivalhelg fylld av teater, f\u00f6rel\u00e4sningar, filmer och fest. Temat f\u00f6r \u00e5ret \u00e4r P\u00e5 gr\u00e4nsen, symboliserad av en hoppfull kanin.<br \/>\n <a class=\"continue-reading-link\" href=\"https:\/\/www.kultursidan.nu\/?p=5154\">L\u00e4s mer <span class=\"meta-nav\">&rarr; <\/span><\/a><\/p>\n","protected":false},"author":1001006,"featured_media":0,"comment_status":"open","ping_status":"open","sticky":false,"template":"","format":"standard","meta":{"_jetpack_memberships_contains_paid_content":false,"footnotes":""},"categories":[7],"tags":[29],"class_list":["post-5154","post","type-post","status-publish","format-standard","hentry","category-norrkoping","tag-festival"],"jetpack_featured_media_url":"","jetpack_sharing_enabled":true,"_links":{"self":[{"href":"https:\/\/www.kultursidan.nu\/index.php?rest_route=\/wp\/v2\/posts\/5154","targetHints":{"allow":["GET"]}}],"collection":[{"href":"https:\/\/www.kultursidan.nu\/index.php?rest_route=\/wp\/v2\/posts"}],"about":[{"href":"https:\/\/www.kultursidan.nu\/index.php?rest_route=\/wp\/v2\/types\/post"}],"author":[{"embeddable":true,"href":"https:\/\/www.kultursidan.nu\/index.php?rest_route=\/wp\/v2\/users\/1001006"}],"replies":[{"embeddable":true,"href":"https:\/\/www.kultursidan.nu\/index.php?rest_route=%2Fwp%2Fv2%2Fcomments&post=5154"}],"version-history":[{"count":0,"href":"https:\/\/www.kultursidan.nu\/index.php?rest_route=\/wp\/v2\/posts\/5154\/revisions"}],"wp:attachment":[{"href":"https:\/\/www.kultursidan.nu\/index.php?rest_route=%2Fwp%2Fv2%2Fmedia&parent=5154"}],"wp:term":[{"taxonomy":"category","embeddable":true,"href":"https:\/\/www.kultursidan.nu\/index.php?rest_route=%2Fwp%2Fv2%2Fcategories&post=5154"},{"taxonomy":"post_tag","embeddable":true,"href":"https:\/\/www.kultursidan.nu\/index.php?rest_route=%2Fwp%2Fv2%2Ftags&post=5154"}],"curies":[{"name":"wp","href":"https:\/\/api.w.org\/{rel}","templated":true}]}}