{"id":5249,"date":"2012-03-26T16:18:59","date_gmt":"2012-03-26T15:18:59","guid":{"rendered":"https:\/\/intelligent-friend-7861.standoutwp.com\/?p=5249"},"modified":"2014-06-12T08:37:32","modified_gmt":"2014-06-12T07:37:32","slug":"kulturskolan-ger-musikalen-narnia-i-horsalen-reportage","status":"publish","type":"post","link":"https:\/\/www.kultursidan.nu\/?p=5249","title":{"rendered":"Kulturskolan ger musikalen Narnia i H\u00f6rsalen (reportage)"},"content":{"rendered":"<p><iframe loading=\"lazy\" src=\"https:\/\/www.flickr.com\/photos\/kultursidan\/7017647787\/player\/\" width=\"500\" height=\"333\" frameborder=\"0\" allowfullscreen webkitallowfullscreen mozallowfullscreen oallowfullscreen msallowfullscreen><\/iframe><\/p>\n<p><em>Planl\u00e4ggning. Peter m\u00f6ter lejonet Aslan f\u00f6r f\u00f6rsta g\u00e5ngen och m\u00e5ste rusta sig f\u00f6r strid.<\/em><\/p>\n<p>&nbsp;<\/p>\n<h1><span style=\"color: #ff0000;\">40 ungdomar skapar en magisk fantasiv\u00e4rld<\/span><\/h1>\n<p>&nbsp;<\/p>\n<p><strong>Ett majest\u00e4tiskt lejon med gyllene man, Aslan \u00e4r tillbaka.<\/strong> \u00c4ntligen \u00e4r H\u00e4xans dagar r\u00e4knade, hon som varit isdrottning \u00f6ver Narnia alldeles f\u00f6r l\u00e4nge. C.S. Lewis k\u00e4nda saga, den f\u00f6rsta om landet Narnia, finns som musikal. Nu s\u00e4tts den upp av Kulturskolan i H\u00f6rsalen i Norrk\u00f6ping.<\/p>\n<p>Det \u00e4r br\u00e5da dagar och l\u00e5nga repetitioner n\u00e4r sk\u00e5despelare, s\u00e5ngare och orkester ska v\u00e4vas samman till en helhet. Sk\u00e5despelarna, som f\u00f6rst\u00e5s ocks\u00e5 sjunger, valdes ut med hj\u00e4lp av en audition i h\u00f6stas.<\/p>\n<p>\u2013 De fick g\u00f6ra s\u00e5ngprov, scenprov och prova att vara djur. Det g\u00e5r inte att erbjuda alla en talroll men alla som vill f\u00e5r vara med i k\u00f6ren som djur, ber\u00e4ttar Ulla-Britt Eriksson p\u00e5 Kulturskolan.<\/p>\n<p>Hon h\u00e5ller i tr\u00e5darna bakom scenen i den slitna H\u00f6rsalen d\u00e4r inga andra \u00e4n Kulturskolan f\u00e5r h\u00e5lla till. F\u00f6r vart ska vi ta v\u00e4gen, vi har inget annat, menar hon.<\/p>\n<p><strong>P\u00e5 scenen st\u00e5r Annika Svensson som regisserar Narnia, H\u00e4xan och Lejonet.<\/strong> Hon hittade musikalen n\u00e4r hon gr\u00e4vde i ATR:s, Amat\u00f6rteaterarnas riksf\u00f6rbunds arkiv.<\/p>\n<p>\u2013 Jag vill lyfta fram sagan och magin genom att lyfta fram m\u00e4nniskor som blir skor, tavlor och talande djur, ber\u00e4ttar Annika Svensson.<\/p>\n<p>Hon ser Narnia som en parallellv\u00e4rld till den verkliga v\u00e4rlden.<\/p>\n<p>\u2013 Ett barns fantasi blir verklig f\u00f6r barnet, som i leken snabbt kan g\u00e5 fr\u00e5n en v\u00e4rld till en annan, f\u00f6rklarar hon.<\/p>\n<p><strong>Sagan \u00e4r en kamp mellan ont och gott i landet Narnia dit syskonen Pevensies f\u00f6rs genom en hemlig d\u00f6rr.<\/strong> Musikalveteranerna Olivia Sj\u00f6berg och Jonas Johansson spelar de \u00e4ldsta syskonen Susan och Peter. Jonas Johansson p\u00e5pekar att Narnia \u00e4r den tredje musikalen som utspelas p\u00e5 1930-talet med andra v\u00e4rldskriget som bakgrund, f\u00f6rst Annie, sedan Sound of Music och nu Narnia. Men b\u00e5da gillar \u00e5rets musikal och Jonas \u00e4r inte den ende som f\u00e5tt l\u00e4ra sig stage fighting, att sl\u00e5ss och handskas med vapen s\u00e5 att det ser verkligt ut.<\/p>\n<p>\u2013 Fantasy \u00e4r sv\u00e5rt att g\u00f6ra som musikal, s\u00e4ger Olivia Sj\u00f6berg. I filmen \u00e4r det djur och saker som dyker upp ur intet.<\/p>\n<p>Martin Bresch som spelar den yngre brodern Edward \u00e4r ny i g\u00e4nget. Hans roll \u00e4r inte helt enkel, \u00e4r han skurk eller offer?<\/p>\n<p>\u2013 Jag f\u00f6rr\u00e5der ju alla syskonen. F\u00f6rst \u00e4r han skurk, sedan h\u00e4xans lilla pojke och sedan blir han en hj\u00e4lte, beskriver Martin Bresch.<\/p>\n<p><strong>Martin Veltman sitter i orkestern d\u00e4r han spelar elbas.<\/strong> Om sk\u00e5despelarna b\u00f6rjade l\u00e4ra k\u00e4nna varandra redan i h\u00f6stas med drama\u00f6vningar innan det var dags f\u00f6r riktiga repetitioner, s\u00e5 har det dr\u00f6jt till efter jul f\u00f6r orkestern. K\u00f6ren, de m\u00e5nga djuren i de fantastiska maskerna, har tillkommit efter sportlovet.<\/p>\n<p>\u2013 Vi har inte haft s\u00e5 bra kontakt fr\u00e5n b\u00f6rjan, s\u00e4ger Melker Veltman. Nu har det blivit b\u00e4ttre n\u00e4r vi repeterat ihop varje torsdag och nu under helgerna.<\/p>\n<p>Orkestern sitter p\u00e5 scenen, under en av tv\u00e5 uppbyggda st\u00e5lkonstruktioner som sk\u00e5despelarna anv\u00e4nder under den l\u00e5nga vandringen genom Narnia.<\/p>\n<p>\u2013 Det skakar lite ibland, medger Martin Veltman.<\/p>\n<p><em>Text och foto: Ann-Charlotte Sandelin<\/em><\/p>\n<p>&nbsp;<\/p>\n<ul>\n<li>\n<h3>H\u00d6RSALEN Norrk\u00f6ping<\/h3>\n<\/li>\n<li><em>Premi\u00e4r onsdag 28 mars 2012 kl 19<br \/>\nOffentlig f\u00f6rest\u00e4llning \u00e4ven 31 mars kl 17<br \/>\nSkolf\u00f6rest\u00e4llningar 29-30 mars kl 9 &amp; 12.30<br \/>\n<\/em><strong>Narnia, Narnia, H\u00e4xan och Lejonet<\/strong> (musikal)<br \/>\nefter C.S. Lewis<br \/>\nManus: Adrian Mitchell<br \/>\nMusik: Shaun Davey<br \/>\n\u00d6vers\u00e4ttning: Mathias Bladh och Johan Gille<\/li>\n<li>Regi: Annika Svensson<br \/>\nMusikalisk ledning: Mats Karlsson<br \/>\nKoreografi: Josefin Sch\u00f6nbeck<br \/>\nMask: Oscar Johansson<br \/>\nBild\/film: M\u00e5ns Ahlin<br \/>\nGrafittim\u00e5lning i scenografin: Conny Johansson<br \/>\n\u00d6vrigt scenografibygge: Benny G\u00e5rdefalk, Rolf Kinneteg och Johnny Carlsson<br \/>\nKostym:\u00a0 Susanne Persson, Annika Svensson, Victoria Ahlin, Pia Mohlin och Ulla-Britt Eriksson<br \/>\nProducent: Ulla-Britt Eriksson<br \/>\nI rollerna: Elin Gripenblad, Olivia Sj\u00f6berg, Jona Johansson, Martin Bresch,<br \/>\nMagnus Eriksson, Amanda Josefsson, Stina Sandberg, Laura Erenius,<br \/>\nSara Hjalmarsson, Daniel Braesch-Andersen m fl<br \/>\nProduktion: Kulturskolan<\/li>\n<\/ul>\n<p>&nbsp;<\/p>\n<p>L\u00c4NKAR<br \/>\nKulturskolan <a title=\"Kulturskolan\" href=\"http:\/\/www.norrkoping.se\/kultur-fritid\/kulturskolan\/\" target=\"_blank\">hemsida<\/a><\/p>\n<p>&nbsp;<\/p>\n<p>FLER BILDER FR\u00c5N REPETITIONEN \u2013 KLICKA<\/p>\n<p>[flickr-gallery mode=&#8221;photoset&#8221; photoset=&#8221;72157629307580262&#8243;]<\/p>\n<p>FLER BILDER BAKOM KULISSERNA \u2013 KLICKA<\/p>\n<p>[flickr-gallery mode=&#8221;photoset&#8221; photoset=&#8221;72157629672350405&#8243;]<\/p>\n<p>&nbsp;<\/p>\n","protected":false},"excerpt":{"rendered":"<p>NORRK\u00d6PING Lejonet med den gyllene manen \u00e4r tillbaka. N\u00e4r syskonen Pevensies m\u00f6ter Aslan f\u00f6rvandlas lek till allvar i kampen mellan ont och gott. 40 ungdomar deltar i Kulturskolans upps\u00e4ttning.<br \/>\n <a class=\"continue-reading-link\" href=\"https:\/\/www.kultursidan.nu\/?p=5249\">L\u00e4s mer <span class=\"meta-nav\">&rarr; <\/span><\/a><\/p>\n","protected":false},"author":1001006,"featured_media":0,"comment_status":"closed","ping_status":"open","sticky":false,"template":"","format":"standard","meta":{"_jetpack_memberships_contains_paid_content":false,"footnotes":""},"categories":[7],"tags":[37,31],"class_list":["post-5249","post","type-post","status-publish","format-standard","hentry","category-norrkoping","tag-barnkultur","tag-musikal"],"jetpack_featured_media_url":"","jetpack_sharing_enabled":true,"_links":{"self":[{"href":"https:\/\/www.kultursidan.nu\/index.php?rest_route=\/wp\/v2\/posts\/5249","targetHints":{"allow":["GET"]}}],"collection":[{"href":"https:\/\/www.kultursidan.nu\/index.php?rest_route=\/wp\/v2\/posts"}],"about":[{"href":"https:\/\/www.kultursidan.nu\/index.php?rest_route=\/wp\/v2\/types\/post"}],"author":[{"embeddable":true,"href":"https:\/\/www.kultursidan.nu\/index.php?rest_route=\/wp\/v2\/users\/1001006"}],"replies":[{"embeddable":true,"href":"https:\/\/www.kultursidan.nu\/index.php?rest_route=%2Fwp%2Fv2%2Fcomments&post=5249"}],"version-history":[{"count":0,"href":"https:\/\/www.kultursidan.nu\/index.php?rest_route=\/wp\/v2\/posts\/5249\/revisions"}],"wp:attachment":[{"href":"https:\/\/www.kultursidan.nu\/index.php?rest_route=%2Fwp%2Fv2%2Fmedia&parent=5249"}],"wp:term":[{"taxonomy":"category","embeddable":true,"href":"https:\/\/www.kultursidan.nu\/index.php?rest_route=%2Fwp%2Fv2%2Fcategories&post=5249"},{"taxonomy":"post_tag","embeddable":true,"href":"https:\/\/www.kultursidan.nu\/index.php?rest_route=%2Fwp%2Fv2%2Ftags&post=5249"}],"curies":[{"name":"wp","href":"https:\/\/api.w.org\/{rel}","templated":true}]}}