{"id":5290,"date":"2012-03-29T09:06:39","date_gmt":"2012-03-29T08:06:39","guid":{"rendered":"https:\/\/intelligent-friend-7861.standoutwp.com\/?p=5290"},"modified":"2014-09-10T19:00:10","modified_gmt":"2014-09-10T18:00:10","slug":"frukosten-ar-fardig-pa-hageby-centrum","status":"publish","type":"post","link":"https:\/\/www.kultursidan.nu\/?p=5290","title":{"rendered":"Frukosten \u00e4r f\u00e4rdig p\u00e5 Hageby centrum (reportage)"},"content":{"rendered":"<p><iframe loading=\"lazy\" src=\"https:\/\/www.flickr.com\/photos\/kultursidan\/7026086493\/in\/set-72157629692948171\/player\/\" width=\"500\" height=\"332\" frameborder=\"0\" allowfullscreen=\"allowfullscreen\"><\/iframe><\/p>\n<p><em>Frukosten \u00e4r f\u00e4rdig, n\u00e4stan. S\u00e5 h\u00e4r s\u00e5g tavlan ut onsdag 28 mars. Det \u00e4r <\/em><em>en avbildning av Frukost i det gr\u00f6na<br \/>\nav Carl Larsson. D<\/em><em>e tomma h\u00e5len v\u00e4ntar p\u00e5 f\u00e4rdiga bilder som torkar.<\/em><\/p>\n<p>&nbsp;<\/p>\n<h1><span style=\"color: #ff0000;\">Stor bild av stort konstverk \u2013 snart dags f\u00f6r invigning<\/span><\/h1>\n<p>&nbsp;<\/p>\n<p><strong>Frukosten \u00e4r f\u00e4rdig. <\/strong>L\u00f6rdagen den 25 februari startade projektet \u201dHela bilden\u201d i Hageby centrum n\u00e4r Norrk\u00f6pings konstmuseum flyttade in med en atelj\u00e9 i bottenplanet. Under ett antal l\u00f6rdagar och onsdagar skulle bes\u00f6karna i Hageby, var det t\u00e4nkt, m\u00e5la 189 plattor s\u00e5 att det bildades ett konstverk som allteftersom pusslades ihop i ett f\u00f6nster p\u00e5 \u00f6vre plan.<\/p>\n<p>Den 28 mars var sista dagen som det m\u00e5lades i atelj\u00e9n och nu \u00e5terst\u00e5r det att montera de sista delarna i den stora tavlan. Alla delar \u00e4r f\u00e4rdiga men de sista m\u00e5ste torka innan de kan s\u00e4ttas p\u00e5 plats. Projektet beskrivs som en succ\u00e9 l\u00e5ngt \u00f6ver f\u00f6rv\u00e4ntan! Det \u00e4r m\u00e5nga bes\u00f6kare som suttit och gett uttryck f\u00f6r sina konstn\u00e4rliga anlag. Allt mellan 3 \u00e5r \u2013 90 \u00e5r i \u00e5lder och med de mest varierande f\u00f6rkunskaperna.<\/p>\n<p><strong>Och vad blev det?<\/strong> Den som kan den svenska konsthistorien kunde snart ana Carl Larssons skira linjer och r\u00f6da stolar, men det var inte n\u00e5gon bild fr\u00e5n makarna Larssons vackra Sundborn, Lilla Hyttn\u00e4s, utan <em>Frukost i det gr\u00f6na<\/em>, ett morgontidigt \u00e4ventyr i bj\u00f6rkhagen p\u00e5 Bullerholmen, en liten \u00f6 som l\u00e5g en kort roddtur fr\u00e5n familjens hem som troligen \u00e4r den g\u00e5rd som kan ses tv\u00e4rs \u00f6ver vattnet. En idyll, mer eller mindre \u00f6verensst\u00e4mmande med verkligheten.<\/p>\n<p>Carl Larsson arbetade med verket sommaren 2010. Googlar man lite l\u00e4tt kan man hitta f\u00f6rstudier till delar av tavlan, dottern Lisbeth som st\u00e5r och dr\u00f6mmer vid bj\u00f6rkstammen, sonen Esbj\u00f6rn som sitter p\u00e5 marken med ryggen mot betraktaren. P\u00e5 det f\u00e4rdiga verket sitter han invid en fiolspelare i samedr\u00e4kt, Lapp-John, och en dalkulla i folkdr\u00e4kt som spelar gitarr. N\u00e5got man ocks\u00e5 kan l\u00e4gga m\u00e4rke till \u00e4r den sociala skiktningen, p\u00e5 b\u00e5de kl\u00e4dsel och sysslor anar man snabbt vilka som h\u00f6r till familj och v\u00e4nner och vilka som \u00e4r tj\u00e4nstefolk.<\/p>\n<p>S\u00e5 sm\u00e5ningom blev den monumentala tavlan f\u00e4rdig, och s\u00e5ldes enligt uppgift \u00e5r 1913 f\u00f6r 210.000 kronor. Efter att ha visats upp p\u00e5 m\u00e5nga st\u00e4llen b\u00e5de i Europa och i USA h\u00e4nger den sedan m\u00e5nga \u00e5r p\u00e5 Norrk\u00f6pings konstmuseum som k\u00f6pte in <em>Frukost i det gr\u00f6na<\/em> \u00e5r 1946. Det \u00e4r ett stort verk, fyra meter l\u00e5ngt och tv\u00e5 meter h\u00f6gt.<\/p>\n<p><strong>B\u00e5de projektledaren Ellika Kyndel och konstn\u00e4ren Sahar Burhan uttryckte tomhet<\/strong> n\u00e4r man p\u00e5 onsdagskv\u00e4llen plockade bort allt material fr\u00e5n atelj\u00e9n. Redan under torsdagen kommer ytan man disponerat att byggas om f\u00f6r nya verksamheter.<\/p>\n<p><strong>Det f\u00e4rdiga konstverket kommer att invigas i april m\u00e5nad och vad vi f\u00e5tt veta s\u00e5 blir det vid en ceremoni tisdagen den 17 april.<\/strong> D\u00e5 \u00e4r det fortfarande tv\u00e5 veckor kvar innan originalet skeppas hem fr\u00e5n Helsingfors d\u00e4r det l\u00e5nats ut till Konstmuseet Ateneum under v\u00e5ren. Hageby centrum dukar upp sin egen <em>Frukost i det gr\u00f6na<\/em> under l\u00e5ng tid fram\u00f6ver.<\/p>\n<p><em>Text: Sven \u00c5ke Molund och Ann-Charlotte Sandelin<br \/>\nFoto: Sven \u00c5ke Molund och Norrk\u00f6pings Konstmuseum<\/em><\/p>\n<p>&nbsp;<\/p>\n<p>L\u00c4NKAR<br \/>\nNorrk\u00f6pings konstmuseum <a title=\"Konstmuseet\" href=\"http:\/\/www.norrkoping.se\/kultur-fritid\/museer\/konstmuseum\/\" target=\"_blank\">hemsida<\/a><br \/>\nHageby centrum <a title=\"Hageby centrum\" href=\"http:\/\/www.hagebycentrum.se\/Kjopesentre-SE\/Hageby_centrum\/\" target=\"_blank\">hemsida <\/a><br \/>\nOm Lapp-John <a title=\"Lidens tidning\" href=\"http:\/\/www.lidenstidning.se\/17_nov_01\/historien_dec_01.pdf\" target=\"_blank\">artikel<\/a> Lidens tidning 2001<br \/>\nM\u00e5nga vill m\u00e5la i Hageby centrum <a title=\"M\u00e5nga vill m\u00e5la i Hageby centrum\" href=\"https:\/\/www.kultursidan.nu\/?p=4748\" target=\"_blank\">reportage<\/a> Kultursidan.nu 29\/2 2012<br \/>\nKonstmuseet l\u00e5nar ut\u00a0Carl Larssons frukost till Helsingfors <a title=\"Konstmuseet l\u00e5nar ut Carl Larssons frukost till Helsingfors\" href=\"https:\/\/www.kultursidan.nu\/?p=3803\" target=\"_blank\">notis<\/a> Kultursidan.nu 12\/1 2012<\/p>\n<p>&nbsp;<\/p>\n<p>BILDSPEL (FLASH) \u2013 KLICKA P\u00c5 BILDEN <em>ALT\/MOBIL: SE BILDSPELET <a title=\"Bildspel\" href=\"https:\/\/www.flickr.com\/photos\/kultursidan\/sets\/72157629692948171\/show\/\" target=\"_blank\">H\u00c4R<\/a><\/em><\/p>\n<p><object width=\"400\" height=\"300\"><param name=\"flashvars\" value=\"offsite=true&#038;lang=en-us&#038;page_show_url=%2Fphotos%2Fkultursidan%2Fsets%2F72157629692948171%2Fshow%2F&#038;page_show_back_url=%2Fphotos%2Fkultursidan%2Fsets%2F72157629692948171%2F&#038;set_id=72157629692948171&#038;jump_to=\"><\/param><param name=\"movie\" value=\"https:\/\/www.flickr.com\/apps\/slideshow\/show.swf?v=1811922554\"><\/param><param name=\"allowFullScreen\" value=\"true\"><\/param><\/object><\/p>\n","protected":false},"excerpt":{"rendered":"<p>NORRK\u00d6PING Nu \u00e4r det f\u00e4rdigm\u00e5lat. M\u00e5nga har deltagit i det lyckosamma konstprojektet d\u00e4r pusselbit lagts till pusselbit under veckorna som g\u00e5tt. Resultatet \u00e4r en avbildning av Norrk\u00f6pings konstmuseums st\u00f6rsta verk. I g\u00e5r t\u00f6mdes den tillf\u00e4lliga atelj\u00e9n.<br \/>\n <a class=\"continue-reading-link\" href=\"https:\/\/www.kultursidan.nu\/?p=5290\">L\u00e4s mer <span class=\"meta-nav\">&rarr; <\/span><\/a><\/p>\n","protected":false},"author":1001006,"featured_media":0,"comment_status":"open","ping_status":"open","sticky":false,"template":"","format":"standard","meta":{"_jetpack_memberships_contains_paid_content":false,"footnotes":""},"categories":[7],"tags":[14],"class_list":["post-5290","post","type-post","status-publish","format-standard","hentry","category-norrkoping","tag-konst"],"jetpack_featured_media_url":"","jetpack_sharing_enabled":true,"_links":{"self":[{"href":"https:\/\/www.kultursidan.nu\/index.php?rest_route=\/wp\/v2\/posts\/5290","targetHints":{"allow":["GET"]}}],"collection":[{"href":"https:\/\/www.kultursidan.nu\/index.php?rest_route=\/wp\/v2\/posts"}],"about":[{"href":"https:\/\/www.kultursidan.nu\/index.php?rest_route=\/wp\/v2\/types\/post"}],"author":[{"embeddable":true,"href":"https:\/\/www.kultursidan.nu\/index.php?rest_route=\/wp\/v2\/users\/1001006"}],"replies":[{"embeddable":true,"href":"https:\/\/www.kultursidan.nu\/index.php?rest_route=%2Fwp%2Fv2%2Fcomments&post=5290"}],"version-history":[{"count":0,"href":"https:\/\/www.kultursidan.nu\/index.php?rest_route=\/wp\/v2\/posts\/5290\/revisions"}],"wp:attachment":[{"href":"https:\/\/www.kultursidan.nu\/index.php?rest_route=%2Fwp%2Fv2%2Fmedia&parent=5290"}],"wp:term":[{"taxonomy":"category","embeddable":true,"href":"https:\/\/www.kultursidan.nu\/index.php?rest_route=%2Fwp%2Fv2%2Fcategories&post=5290"},{"taxonomy":"post_tag","embeddable":true,"href":"https:\/\/www.kultursidan.nu\/index.php?rest_route=%2Fwp%2Fv2%2Ftags&post=5290"}],"curies":[{"name":"wp","href":"https:\/\/api.w.org\/{rel}","templated":true}]}}