{"id":5313,"date":"2012-03-29T13:41:09","date_gmt":"2012-03-29T12:41:09","guid":{"rendered":"https:\/\/intelligent-friend-7861.standoutwp.com\/?p=5313"},"modified":"2014-07-10T19:28:28","modified_gmt":"2014-07-10T18:28:28","slug":"urpremiar-for-cilla-och-isagget-med-nya-sagoteatern-reportage","status":"publish","type":"post","link":"https:\/\/www.kultursidan.nu\/?p=5313","title":{"rendered":"Urpremi\u00e4r f\u00f6r Cilla och is\u00e4gget med nya Sagoteatern (reportage)"},"content":{"rendered":"<p><iframe loading=\"lazy\" src=\"https:\/\/www.flickr.com\/photos\/kultursidan\/7026551415\/player\/\" width=\"500\" height=\"333\" frameborder=\"0\" allowfullscreen=\"allowfullscreen\"><\/iframe><\/p>\n<p><em>S\u00e5 h\u00e4r ska det bli. Sk\u00e5despelaren Isak Blomster visar upp Ulrika Tallvings scenografiskiss.<\/em><em><br \/>\n<\/em><br \/>\n<iframe loading=\"lazy\" src=\"http:\/\/www.youtube.com\/embed\/GHNzm90ghe0\" width=\"640\" height=\"360\" frameborder=\"0\"><\/iframe><\/p>\n<p><em> Mellan besv\u00e4rlig verklighet och knepig fantasi. Intervju med Sofie Larsson och Carl Adam Tillberg.<\/em><em><br \/>\n<\/em><\/p>\n<p>&nbsp;<\/p>\n<h1><span style=\"color: #ff0000;\">En saga mellan verklighet och fantasi, inte helt osann<br \/>\n<\/span><\/h1>\n<p>&nbsp;<\/p>\n<p><strong>Cilla har en besv\u00e4rlig egenskap \u2013 hon kan inte ljuga \u2013 inte ens f\u00f6r att vara en kompis.<\/strong> Omkring denna problematik r\u00f6r sig nystartade barnteatergruppen Sagoteaterns f\u00f6rsta upps\u00e4ttning <em>Cilla och is\u00e4gget<\/em> som har premi\u00e4r p\u00e5 s\u00f6ndag.<\/p>\n<p>Tv\u00e5 av de tre sk\u00e5despelarna Sofia St\u00e5lhammar och Carl Adam Tillberg st\u00e5r bakom pj\u00e4sid\u00e9n. Ursprungligen hade de hade flera id\u00e9er om olika teman att v\u00e4lja mellan.<\/p>\n<p>\u2013 Det blev tack vare v\u00e4gledning fr\u00e5n dramaturgen Anders Nyman, som vi till slut landade p\u00e5 den h\u00e4r historien,<em> Cilla och is\u00e4gget<\/em>, ber\u00e4ttar Carl Adam Tillberg som ocks\u00e5 \u00e4r den som skrivit manus, som \u00e4r den f\u00f6rsta barnpj\u00e4sen han skrivit.<\/p>\n<p><strong>F\u00f6rest\u00e4llningen utspelas b\u00e5de i vardagsv\u00e4rlden och i en fantasiv\u00e4rld<\/strong> d\u00e4r en h\u00e4rskare, spelad av s\u00e4llskapets tredje sk\u00e5despelare Isak Blomster, vill stj\u00e4la vintern med hj\u00e4lp av ett is\u00e4gg, det \u00e4gg som Cilla hittar.<\/p>\n<p>\u2013 Det h\u00e4r \u00e4r min svaga punkt, barnteater tycker jag \u00e4r riktigt riktigt roligt, avsl\u00f6jar regiss\u00f6ren Sofie Larsson. Att ber\u00e4tta en saga och att g\u00f6ra det f\u00f6r en mycket ung publik. S\u00e5 jag blev erbjuden att vara med och tackade ganska snabbt ja, helt enkelt.<\/p>\n<p>\u2013 Det som \u00e4r intressant f\u00f6r mig \u00e4r det h\u00e4r med sanningen och l\u00f6gnen som icke-absolut, forts\u00e4tter Sofie Larsson. Det \u00e4r s\u00e5 att det inte alltid \u00e4r helt r\u00e4tt att ljuga, men inte helt r\u00e4tt att bara tala sanning heller.<\/p>\n<p><strong>Pj\u00e4sen tar ett ganska vanligt problem f\u00f6r barn p\u00e5 allvar,<\/strong> ett problem som st\u00e4ller till med konflikter b\u00e5de i f\u00f6rh\u00e5llande till vuxna och till andra barn. Detta med att sanning kontra l\u00f6gn.<\/p>\n<p>\u2013 Det \u00e4r lite grand ocks\u00e5 en tankest\u00e4llare till de vuxna som ocks\u00e5 kommer att se f\u00f6rest\u00e4llningen, s\u00e4ger Carl Adam Tillberg. Hur f\u00f6rmedlar vi det h\u00e4r med att man inte ska ljuga, n\u00e4r vi sj\u00e4lva g\u00f6r det, \u00e4ven fast det kanske \u00e4r sm\u00e5 vita l\u00f6gner.<\/p>\n<p><em>Text, film och foto: Ann-Charlotte Sandelin<\/em><\/p>\n<p>&nbsp;<\/p>\n<ul>\n<li>\n<h3>TEATER BR\u00c5DDGATAN 34 Norrk\u00f6ping<\/h3>\n<\/li>\n<li><em>S\u00f6ndag 1 och 8 april 2012 kl 15<\/em><br \/>\n<strong>Cilla och is\u00e4gget<\/strong><br \/>\nManus: Carl Adam Tillberg<br \/>\nDramaturgikonsult: Anders Nyman<br \/>\nRegi: Sofie Larsson<br \/>\nScenografi &amp; kostym: Ulrika Tallving<br \/>\nS\u00e5ng &amp; musik: Isak Blomster<br \/>\nSagoteatern, en samproduktion av Angelworks och Rocket Dog Production<\/p>\n<ul>\n<li>MEDVERKANDE<br \/>\nSofia St\u00e5lhammar<br \/>\nIsak Blomster<br \/>\nCarl Adam Tillberg<\/li>\n<\/ul>\n<\/li>\n<\/ul>\n<p>&nbsp;<\/p>\n<p>L\u00c4NKAR<br \/>\nTeater Br\u00e5ddgatan 34 <a title=\"Teater Br\u00e5ddgatan 34\" href=\"http:\/\/www.kulturkammaren.se\/\" target=\"_blank\">hemsida<\/a><\/p>\n<p>&nbsp;<\/p>\n<p>FLER BILDER FR\u00c5N PRESSVISNINGEN \u2013 KLICKA<br \/>\n<object width=\"400\" height=\"300\"><param name=\"flashvars\" value=\"offsite=true&#038;lang=en-us&#038;page_show_url=%2Fphotos%2Fkultursidan%2Fsets%2F72157629329461418%2Fshow%2F&#038;page_show_back_url=%2Fphotos%2Fkultursidan%2Fsets%2F72157629329461418%2F&#038;set_id=72157629329461418&#038;jump_to=\"><\/param><param name=\"movie\" value=\"https:\/\/www.flickr.com\/apps\/slideshow\/show.swf?v=143270\"><\/param><param name=\"allowFullScreen\" value=\"true\"><\/param><\/object><\/p>\n","protected":false},"excerpt":{"rendered":"<p>NORRK\u00d6PING Det \u00e4r inte alltid helt r\u00e4tt att ljuga, men det \u00e4r inte helt r\u00e4tt att bara tala sanning. Med en fantasifull och nyskriven pj\u00e4s presenterar sig en helt ny barnteatergrupp fr\u00e5n Norrk\u00f6ping. Premi\u00e4r p\u00e5 Teater Br\u00e5ddgatan 34 p\u00e5 s\u00f6ndag.<br \/>\n <a class=\"continue-reading-link\" href=\"https:\/\/www.kultursidan.nu\/?p=5313\">L\u00e4s mer <span class=\"meta-nav\">&rarr; <\/span><\/a><\/p>\n","protected":false},"author":1001006,"featured_media":0,"comment_status":"open","ping_status":"open","sticky":false,"template":"","format":"standard","meta":{"_jetpack_memberships_contains_paid_content":false,"footnotes":""},"categories":[7],"tags":[37,12],"class_list":["post-5313","post","type-post","status-publish","format-standard","hentry","category-norrkoping","tag-barnkultur","tag-teater"],"jetpack_featured_media_url":"","jetpack_sharing_enabled":true,"_links":{"self":[{"href":"https:\/\/www.kultursidan.nu\/index.php?rest_route=\/wp\/v2\/posts\/5313","targetHints":{"allow":["GET"]}}],"collection":[{"href":"https:\/\/www.kultursidan.nu\/index.php?rest_route=\/wp\/v2\/posts"}],"about":[{"href":"https:\/\/www.kultursidan.nu\/index.php?rest_route=\/wp\/v2\/types\/post"}],"author":[{"embeddable":true,"href":"https:\/\/www.kultursidan.nu\/index.php?rest_route=\/wp\/v2\/users\/1001006"}],"replies":[{"embeddable":true,"href":"https:\/\/www.kultursidan.nu\/index.php?rest_route=%2Fwp%2Fv2%2Fcomments&post=5313"}],"version-history":[{"count":0,"href":"https:\/\/www.kultursidan.nu\/index.php?rest_route=\/wp\/v2\/posts\/5313\/revisions"}],"wp:attachment":[{"href":"https:\/\/www.kultursidan.nu\/index.php?rest_route=%2Fwp%2Fv2%2Fmedia&parent=5313"}],"wp:term":[{"taxonomy":"category","embeddable":true,"href":"https:\/\/www.kultursidan.nu\/index.php?rest_route=%2Fwp%2Fv2%2Fcategories&post=5313"},{"taxonomy":"post_tag","embeddable":true,"href":"https:\/\/www.kultursidan.nu\/index.php?rest_route=%2Fwp%2Fv2%2Ftags&post=5313"}],"curies":[{"name":"wp","href":"https:\/\/api.w.org\/{rel}","templated":true}]}}