{"id":5394,"date":"2012-04-02T10:49:49","date_gmt":"2012-04-02T09:49:49","guid":{"rendered":"https:\/\/intelligent-friend-7861.standoutwp.com\/?p=5394"},"modified":"2013-03-19T17:32:53","modified_gmt":"2013-03-19T16:32:53","slug":"sista-supen-har-fatt-pippi-pa-fagelfesten","status":"publish","type":"post","link":"https:\/\/www.kultursidan.nu\/?p=5394","title":{"rendered":"Sista Supen har f\u00e5tt pippi p\u00e5 F\u00e5gelfesten (reportage)"},"content":{"rendered":"<p>[flickr]http:\/\/www.flickr.com\/photos\/kultursidan\/7038178387\/[\/flickr]<\/p>\n<p><em>F\u00f6nsterf\u00e5glar. Det lilla huset i v\u00e4stg\u00f6tebackens topp har f\u00e5tt pippi och fyllts av f\u00e5glar av alla slag.<\/em><\/p>\n<p>&nbsp;<\/p>\n<h1><span style=\"color: #ff0000;\">75 personer h\u00e4ckade i det lilla boet p\u00e5 V\u00e4stg\u00f6tegatan<\/span><\/h1>\n<p>&nbsp;<\/p>\n<p><strong>I fredags \u00f6ppnade nybildade konst- och hantverksf\u00f6reningen FO:RMa sina lokaler i Sista supen i v\u00e4stg\u00f6tebacken med vernissage av utst\u00e4llningen <em>F\u00e5gelfesten 2012<\/em>.<\/strong> F\u00f6reningen visade redan upp sig under Kulturnatten 2011, men har nu etablerat sig i Norrk\u00f6pings \u00e4ldsta hus vid Skvallertorget i Norrk\u00f6ping. I gruppen FO:RMa ing\u00e5r konstn\u00e4rerna Ulrika Invers, Agneta Lindwall, Suzanna N\u00e4sberg-Filipsson och Lasse Johansson.<\/p>\n<p>Det kulturhistoriska huset, som f\u00e5tt sitt namn efter sista supen p\u00e5 v\u00e4g till galgbacken, \u00e4r perfekt f\u00f6r mindre konst-och hantverksutst\u00e4llningar. Man stiger in i ett rum fyllt med upplevelser och riskerar hela tiden att med of\u00f6rsiktiga r\u00f6relser \u201driva\u201d n\u00e5gon installation.<\/p>\n<p><strong>Till den f\u00f6rsta utst\u00e4llningen har man bjudit in vitt och brett f\u00f6r att f\u00e5 \u201dgalna, personliga, vackra, fula, sm\u00e5, stora\u2026\u201d bidrag p\u00e5 temat f\u00e5glar.<\/strong> Vi noterar i f\u00f6rteckningen namn som Elin Gr\u00f6nberg fr\u00e5n \u00c4lvdalen, Mikael Bergstr\u00f6m, G\u00f6ran Ekman, Bia\u00a0Eriksson och Nanna Ros\u00e9n och Petra H\u00e4gerstrand fr\u00e5n Norrk\u00f6ping. Fr\u00e5n Link\u00f6ping har Tove Mattsson inspirerats och fr\u00e5n S\u00f6derk\u00f6ping Gunnar Lindwall. Gl\u00e4djande \u00e4r att Tr\u00e4ningsskolan i Skarphagen ocks\u00e5 l\u00e4mnat in ett bidrag med p\u00e5skf\u00e5glar.<\/p>\n<p>En timme f\u00f6re vernissagen, som bes\u00f6ktes av cirka 75 personer, var vi p\u00e5 plats. D\u00e5 kom ytterligare en utst\u00e4llare och l\u00e4mnade sitt alster \u2013 Harriette Thorstensson fr\u00e5n Kolm\u00e5rden som Lasse Johansson tacksamt tar emot i den s\u00e5 kallade 5-11:e timmen.<\/p>\n<p><strong>Utst\u00e4llningen \u00e4r v\u00e4rd att bes\u00f6ka.<\/strong> Man beh\u00f6ver inte vara speciellt f\u00e5gelintresserad eller ens konstintresserad f\u00f6r att finna en stunds avkoppling i det lilla galleriet. De alster som visas \u00e4r alla v\u00e4rda att besk\u00e5da och man har ocks\u00e5 chans att r\u00f6sta p\u00e5 sin favorit.<\/p>\n<p>Lasse Johansson ber\u00e4ttar att det kommer en ny utst\u00e4llning senare i \u00e5r men att temat \u00e4n s\u00e5 l\u00e4nge \u00e4r hemligt. Det \u00e4r onekligen intressant att konstn\u00e4rer och hantverkare, professionella eller fritidsaktiva som samlas i gr\u00e4ns\u00f6verskridande FO:RMa p\u00e5 detta s\u00e4tt f\u00e5r m\u00f6jlighet att f\u00f6r en bredare publik visa upp sina alster. Kultursidan.nu \u00f6nskar lycka till!<\/p>\n<p><em>Text och foto: Sven \u00c5ke Molund<\/em><\/p>\n<p>&nbsp;<\/p>\n<ul>\n<li>\n<h3>SISTA SUPEN Norrk\u00f6ping<\/h3>\n<\/li>\n<li><em>30 mars \u2013 14 april 2012<br \/>\n<\/em><strong>F\u00e5gelfesten 2012<br \/>\n<\/strong>F\u00f6reningen FO:RMA<\/li>\n<\/ul>\n<p>&nbsp;<\/p>\n<p>L\u00c4NKAR<br \/>\nGalleri Sista Supen <a title=\"Sista supen\" href=\"http:\/\/sistasupen.blogspot.se\/\" target=\"_blank\">hemsida <\/a><\/p>\n<p>&nbsp;<\/p>\n<p>FLER BILDER FR\u00c5N UTST\u00c4LLNINGEN \u2013 KLICKA<\/p>\n<p>[flickr-gallery mode=&#8221;photoset&#8221; photoset=&#8221;72157629357758744&#8243;]<\/p>\n<p>&nbsp;<\/p>\n","protected":false},"excerpt":{"rendered":"<p>NORRK\u00d6PING Nybildade konst- och hantverksf\u00f6reningen FO:RMA \u00f6ppnar Galleri Sista supen med premi\u00e4rutst\u00e4llning med pippigt v\u00e5rtema. G\u00e4stutst\u00e4llare och f\u00f6reningsmedlemmar h\u00e4ckar i det lilla boet invid Skvallertorget.<br \/>\n <a class=\"continue-reading-link\" href=\"https:\/\/www.kultursidan.nu\/?p=5394\">L\u00e4s mer <span class=\"meta-nav\">&rarr; <\/span><\/a><\/p>\n","protected":false},"author":1001006,"featured_media":0,"comment_status":"closed","ping_status":"open","sticky":false,"template":"","format":"standard","meta":{"_jetpack_memberships_contains_paid_content":false,"footnotes":""},"categories":[7],"tags":[17,61,14,47],"class_list":["post-5394","post","type-post","status-publish","format-standard","hentry","category-norrkoping","tag-foto","tag-hantverk","tag-konst","tag-utstallning"],"jetpack_featured_media_url":"","jetpack_sharing_enabled":true,"_links":{"self":[{"href":"https:\/\/www.kultursidan.nu\/index.php?rest_route=\/wp\/v2\/posts\/5394","targetHints":{"allow":["GET"]}}],"collection":[{"href":"https:\/\/www.kultursidan.nu\/index.php?rest_route=\/wp\/v2\/posts"}],"about":[{"href":"https:\/\/www.kultursidan.nu\/index.php?rest_route=\/wp\/v2\/types\/post"}],"author":[{"embeddable":true,"href":"https:\/\/www.kultursidan.nu\/index.php?rest_route=\/wp\/v2\/users\/1001006"}],"replies":[{"embeddable":true,"href":"https:\/\/www.kultursidan.nu\/index.php?rest_route=%2Fwp%2Fv2%2Fcomments&post=5394"}],"version-history":[{"count":0,"href":"https:\/\/www.kultursidan.nu\/index.php?rest_route=\/wp\/v2\/posts\/5394\/revisions"}],"wp:attachment":[{"href":"https:\/\/www.kultursidan.nu\/index.php?rest_route=%2Fwp%2Fv2%2Fmedia&parent=5394"}],"wp:term":[{"taxonomy":"category","embeddable":true,"href":"https:\/\/www.kultursidan.nu\/index.php?rest_route=%2Fwp%2Fv2%2Fcategories&post=5394"},{"taxonomy":"post_tag","embeddable":true,"href":"https:\/\/www.kultursidan.nu\/index.php?rest_route=%2Fwp%2Fv2%2Ftags&post=5394"}],"curies":[{"name":"wp","href":"https:\/\/api.w.org\/{rel}","templated":true}]}}