{"id":5485,"date":"2012-04-05T10:15:14","date_gmt":"2012-04-05T09:15:14","guid":{"rendered":"https:\/\/intelligent-friend-7861.standoutwp.com\/?p=5485"},"modified":"2014-05-31T20:55:21","modified_gmt":"2014-05-31T19:55:21","slug":"ilkka-timonen-diskuterar-bilden-i-fb-land-pa-ksm-labbet-recension","status":"publish","type":"post","link":"https:\/\/www.kultursidan.nu\/?p=5485","title":{"rendered":"Ilkka Timonen diskuterar bilden i FB-land p\u00e5 KSM-labbet (recension)"},"content":{"rendered":"<p><iframe loading=\"lazy\" src=\"https:\/\/www.flickr.com\/photos\/kultursidan\/7047304745\/player\/\" width=\"500\" height=\"332\" frameborder=\"0\" allowfullscreen=\"allowfullscreen\"><\/iframe><\/p>\n<p><em>Sj\u00e4lvportr\u00e4tt \u00e0 la kurrag\u00f6mmalek p\u00e5 Facebook. Ilkka Timonen vid sin egen axel. Med sj\u00e4lvportr\u00e4tten<br \/>\ni KSM-labbet lyfter han fram loggfotots kombination av att b\u00e5de vara arrangerat och dokument\u00e4rt.<br \/>\n<\/em><\/p>\n<p>&nbsp;<\/p>\n<h1><span style=\"color: #ff0000;\">N\u00e4r det privata blir offentligt. N\u00e4r blir det privata offentligt?<\/span><\/h1>\n<p>&nbsp;<\/p>\n<p><strong>Varf\u00f6r just Facebook, FB, har blivit den breda v\u00e5g av digital gemenskap g\u00e5r inte enkelt att f\u00f6rklara.<\/strong> Kanske n\u00e5gra svar ligger i dess relativa enkelhet, dess design som utstr\u00e5lar \u00f6ppenhet, det \u00e4r \u201dljust och fr\u00e4scht\u201d f\u00f6r att passa alla, och det \u00e4r gratis. \u2013 Om man bortser fr\u00e5n sin roll som smart f\u00f6rpackad reklamboskap och det avtal som g\u00f6r att varje statusuppdatering, varje l\u00e4nk och varje uppladdad bild tillfaller Facebook som en r\u00e4ttighet att f\u00f6rvalta i evig tid.<\/p>\n<p>Facebook blir vad man g\u00f6r det till. P\u00e5 min startsida m\u00f6ter jag glada morgonkvittrare, avundas prestigefyllda The Guardian-l\u00e4sare, gillar stolta fastrar, f\u00f6ljer uppr\u00f6rande sidol\u00e4nkar fr\u00e5n str\u00e5lningsrapporter till avsl\u00f6janden om k\u00e5ta operadirigenter, kommenterar ett och annat bara jag kommer p\u00e5 en fyndig formulering och vaggas till ro av \u201dNajt f\u00e5lks\u201d.<\/p>\n<p><strong>Jag ser kreativa bilder.<\/strong> N\u00e5gra FB-v\u00e4nner visar den mat som snart ska vara upp\u00e4ten, andra den gata de g\u00e5r p\u00e5, en konstutst\u00e4llning de bes\u00f6kt. N\u00e5gon annan har mer avancerat konstn\u00e4rliga ambitioner, iscens\u00e4tter sig sj\u00e4lv i foto och bild, f\u00f6r att roa sig sj\u00e4lv och sina FB-v\u00e4nner. Just sj\u00e4lvportr\u00e4ttet \u00e4r en inte ovanlig genre, gammal som konsten sj\u00e4lv, just nu en framv\u00e4llande str\u00f6m p\u00e5hejad av den digitala tekniken, inte minst bland profilportr\u00e4tten \u2013 den personliga presentationsbilden som ofta blir en kurrag\u00f6mmalek. En blick, en hals, en nacke \u2013 man ser personen men \u00e4nd\u00e5 inte. Ett s\u00f6kande eller en positionering?<\/p>\n<p>Facebook har blivit en utst\u00e4llningsarena i sig, man beh\u00f6ver inte t\u00e4nka p\u00e5 lokal, jaga galleri, inte ens en egen hemsida.<\/p>\n<p><strong>I det omr\u00e5det r\u00f6r sig konstn\u00e4ren Ilkka Timonen med sitt fotoprojekt som nu visas p\u00e5 KSM-labbet p\u00e5 Norrk\u00f6pings stadsmuseum.<\/strong> Han har gjort parafraser, allts\u00e5 bilder som ser ut som \u201dtypiska\u201d FB-bilder inom genren sj\u00e4lvportr\u00e4tt. Det \u00e4r Ilkka i toalettspegeln, Ilkka i v\u00e4ntrummet, Ilkkas axel. Bilderna g\u00e5r fr\u00e5n foto i ram till delar av foton i ram, resten av ytan \u00e4r d\u00e5 vit \u2013 ett tomrum uppst\u00e5r d\u00e4r fr\u00e5gor om det privata och det offentliga, det dokument\u00e4ra och det arrangerade f\u00e5r spelrum.<\/p>\n<p>Det \u00e4r som p\u00e5 Facebook och \u00e4nd\u00e5 inte. Det \u00e4r en \u201dgammalmedia\u201d-utst\u00e4llning med fysiska bilder som samtalar till varandra i rummet. Man kommer inte dit med ett klick. Men kanske i s\u00e4llskap med en v\u00e4n, eventuellt en fr\u00e5n FB.<\/p>\n<p><strong>D\u00e4r kan man ocks\u00e5 l\u00e4sa den utm\u00e4rkta sammanfattande text konstn\u00e4ren skrivit om fotografiets och fotokonsumtionens utveckling.<\/strong> Han lyfter fram loggfotots egenskap av att vara en hybrid som korsar det dokument\u00e4ra fotot med den iscensatta bilden. Fr\u00e5gan st\u00e4lls om vem \u201djag\u201d \u00e4r och vem jag vill vara och i vilket socialt sammanhang.<\/p>\n<p>Den som \u00e4r van FB-anv\u00e4ndare ser snart att det \u00e4r just loggfotot som Ilkka Timonen tagit som utg\u00e5ngspunkt f\u00f6r sina bilder. Det tar lite l\u00e4ngre tid att l\u00e4sa hans text och det kan beh\u00f6vas tv\u00e5 genoml\u00e4sningar. Men kunskapen \u00e4r som bekant sin egen bel\u00f6ning, betrakta bilderna en g\u00e5ng till och se dem i kunskapens ljus.<\/p>\n<p><em>Fotografi \u00e4r framf\u00f6r allt ett s\u00e4tt att se. Fotografi \u00e4r inte seendet som s\u00e5dant<\/em>.<br \/>\nCiterar Ilkka Timonen Susan Sontag. Sug p\u00e5 den.<\/p>\n<p><em>Text: Ann-Charlotte Sandelin<br \/>\nFoto: Sven \u00c5ke Molund<\/em><\/p>\n<p>&nbsp;<\/p>\n<ul>\n<li>\n<h3>STADSMUSEET Norrk\u00f6ping<\/h3>\n<\/li>\n<li><em>22 mars \u2013 15 april 2012<\/em><br \/>\n<strong>Ilkka Timonen<\/strong><br \/>\nSj\u00e4lvportr\u00e4tt<br \/>\nKSM-labbet: ett samarbete med Link\u00f6pings universitet<\/li>\n<\/ul>\n<p>&nbsp;<\/p>\n<p>L\u00c4NKAR<br \/>\nIlkka Timonen <a title=\"Ilkka Timonen\" href=\"http:\/\/www.timonen.se\/\" target=\"_blank\">hemsida <\/a><br \/>\nNorrk\u00f6pings stadsmuseum <a title=\"Stadsmuseet\" href=\"http:\/\/www.norrkoping.se\/kultur-fritid\/museer\/stadsmuseum\/\" target=\"_blank\">hemsida<\/a><\/p>\n<p>&nbsp;<\/p>\n<p>FLER BILDER FR\u00c5N UTST\u00c4LLNINGEN \u2013 KLICKA<\/p>\n<p>[flickr-gallery mode=&#8221;photoset&#8221; photoset=&#8221;72157629744568445&#8243;]<\/p>\n","protected":false},"excerpt":{"rendered":"<p>NORRK\u00d6PING Vad \u00e4r de mer eller mindre konstn\u00e4rliga sj\u00e4lvportr\u00e4tten p\u00e5 Facebook? En kurrag\u00f6mmalek eller en positionering. P\u00e5 KSM-labbet visas bilder som st\u00e4ller fr\u00e5gor om iscensatta dokument\u00e4ra bilder i FB-land. <a class=\"continue-reading-link\" href=\"https:\/\/www.kultursidan.nu\/?p=5485\">L\u00e4s mer <span class=\"meta-nav\">&rarr; <\/span><\/a><\/p>\n","protected":false},"author":1001006,"featured_media":0,"comment_status":"closed","ping_status":"open","sticky":false,"template":"","format":"standard","meta":{"_jetpack_memberships_contains_paid_content":false,"footnotes":""},"categories":[7],"tags":[17,14],"class_list":["post-5485","post","type-post","status-publish","format-standard","hentry","category-norrkoping","tag-foto","tag-konst"],"jetpack_featured_media_url":"","jetpack_sharing_enabled":true,"_links":{"self":[{"href":"https:\/\/www.kultursidan.nu\/index.php?rest_route=\/wp\/v2\/posts\/5485","targetHints":{"allow":["GET"]}}],"collection":[{"href":"https:\/\/www.kultursidan.nu\/index.php?rest_route=\/wp\/v2\/posts"}],"about":[{"href":"https:\/\/www.kultursidan.nu\/index.php?rest_route=\/wp\/v2\/types\/post"}],"author":[{"embeddable":true,"href":"https:\/\/www.kultursidan.nu\/index.php?rest_route=\/wp\/v2\/users\/1001006"}],"replies":[{"embeddable":true,"href":"https:\/\/www.kultursidan.nu\/index.php?rest_route=%2Fwp%2Fv2%2Fcomments&post=5485"}],"version-history":[{"count":0,"href":"https:\/\/www.kultursidan.nu\/index.php?rest_route=\/wp\/v2\/posts\/5485\/revisions"}],"wp:attachment":[{"href":"https:\/\/www.kultursidan.nu\/index.php?rest_route=%2Fwp%2Fv2%2Fmedia&parent=5485"}],"wp:term":[{"taxonomy":"category","embeddable":true,"href":"https:\/\/www.kultursidan.nu\/index.php?rest_route=%2Fwp%2Fv2%2Fcategories&post=5485"},{"taxonomy":"post_tag","embeddable":true,"href":"https:\/\/www.kultursidan.nu\/index.php?rest_route=%2Fwp%2Fv2%2Ftags&post=5485"}],"curies":[{"name":"wp","href":"https:\/\/api.w.org\/{rel}","templated":true}]}}