{"id":5568,"date":"2012-04-13T10:08:50","date_gmt":"2012-04-13T09:08:50","guid":{"rendered":"https:\/\/intelligent-friend-7861.standoutwp.com\/?p=5568"},"modified":"2014-09-26T14:24:37","modified_gmt":"2014-09-26T13:24:37","slug":"skrammande-sagor-i-wendottes-foto-pa-konstforum-recension","status":"publish","type":"post","link":"https:\/\/www.kultursidan.nu\/?p=5568","title":{"rendered":"Skr\u00e4mmande sagor i Wendottes foto p\u00e5 Konstforum (recension)"},"content":{"rendered":"<p><iframe loading=\"lazy\" src=\"https:\/\/www.flickr.com\/photos\/kultursidan\/6927081952\/in\/set-72157629441565294\/player\/\" width=\"500\" height=\"333\" frameborder=\"0\" allowfullscreen=\"allowfullscreen\"><\/iframe><br \/>\n<em>Allt st\u00e5r inte r\u00e4tt till hemma n\u00e4r det \u00e4r l\u00e4ggdags i Saga Wendottes dockhus.<br \/>\n<\/em><\/p>\n<p>&nbsp;<\/p>\n<h1><span style=\"color: #ff0000;\">Barndomsv\u00e4rld med krypande obehag<\/span><\/h1>\n<p>&nbsp;<\/p>\n<p><strong>Allt st\u00e5r inte r\u00e4tt till hemma i dockhuset.<\/strong> Den lille pojken h\u00e5ller en fylld kopp i h\u00e4nderna. Han st\u00e5r i den m\u00f6rka hallen, en jordglob p\u00e5 byr\u00e5n och en vacker marinm\u00e5lning signalerar b\u00e5de trygghet och \u00e4ventyr. Han ser det inte men bakom hans rygg rinner n\u00e5got slemmigt nerf\u00f6r den vita trappan.<\/p>\n<p>Saga Wendotte arbetar i den fotografiska tradition som iscens\u00e4tter barn, g\u00e4rna unga flickor, i perfekta milj\u00f6er. Ibland \u00e4r det enbart milj\u00f6er, ibland, som hos Vee Speers, enbart barn. Bilder som inger en eftersmak av ett visst krypande obehag.<\/p>\n<p>I fyra stora fotografier i serien <em>Bedtime Stories<\/em> m\u00f6ter vi sm\u00e5 barn, kanske mellan fyra och sex \u00e5r, i halvfigur. Bakom dem ser vi in i ett rum som ger intryck av ett solitt hem i lite \u00e4ldre stil med handgjorda m\u00e5lade m\u00f6bler, med tavlor och oproportionerligt stora krukv\u00e4xter. Det \u00e4r kv\u00e4ll, svart natt utanf\u00f6r f\u00f6nstren, gatlyktans eller m\u00e5nens sken rummets enda ljusk\u00e4lla. Det skulle vara s\u00e5 fint om det inte vore f\u00f6r barnens bortv\u00e4nda blickar. Och om det inte vore f\u00f6r de vilda \u00f6gonen som lyser under s\u00e4ngen och de skr\u00e4mmande monsterklorna som sticker fram ur kistan.<\/p>\n<p><strong>Det \u00e4r skickligt hantverk, fokus ligger p\u00e5 barnen medan det \u00e4r en l\u00e4tt osk\u00e4rpa i rummen.<\/strong> F\u00f6r h\u00e4r har fotografen kopierat in sina unga modeller i de utstuderade dockhusmilj\u00f6erna.<\/p>\n<p>Det \u00e4r sv\u00e5rt att l\u00e4sa barnens ansikten. Vet de om monstren som v\u00e4ntar p\u00e5 dem eller vet de inte \u00e4nnu? Jag vill inte v\u00e4lja \u00e5t dem.<\/p>\n<p><strong>I en serie p\u00e5 \u00e5tta foton, <em>You\u2019ll Have To Take It For What It Is<\/em>, arbetar Saga Wendotte vidare med sitt tema om utsatta barn.<\/strong> En serie frilagda motiv mot djupbl\u00e5 bakgrund, sm\u00e5 kvadrater i l\u00e4tt rektangul\u00e4ra passepartouter med vita ramar.<\/p>\n<p>De ordknappa texterna g\u00f6r mig iskall, \u201dThis is communication\u201d om en leksakskamera, \u201dThis is surface\u201d om en prydlig villa, \u201dThis is life support\u201d om pastellf\u00e4rgade godisfiskar. Ett par solglas\u00f6gon \u00e4r \u201dThis is armour\u201d. Text och motiv skapar en skarp symbolik, en obehaglig parallellv\u00e4rld till barnkammartavlor och de f\u00f6rsta bilderb\u00f6ckerna. Barn \u00e4r inte s\u00e5 trygga som jag \u00f6nskar och vill.<\/p>\n<p>F\u00f6rsta och sista fotot visar barn med kaninhuvuden. En flicka \u00e4r ensam p\u00e5 f\u00f6rsta bilden, p\u00e5 den sista h\u00e5ller hon en pojke i handen. Hon \u00e4r kl\u00e4dd i rosa kl\u00e4nning, han i ljusbl\u00e5 skjorta med rosa fluga. \u201dThis is hope.\u201d<\/p>\n<p><strong>I en helt annan v\u00e4rld d\u00e4r studioljuset mestadels signalerar dagsljus \u00e4r Saga Wendotte modefotograf. <\/strong>Det letar jag mig fram till p\u00e5 hennes hemsida. Ocks\u00e5 utstuderat foto men inte fullt s\u00e5 skr\u00e4mmande sagor.<\/p>\n<p><em>Text och foto: Ann-Charlotte Sandelin<\/em><\/p>\n<p>&nbsp;<\/p>\n<ul>\n<li>\n<h3>STUDION KONSTFORUM Norrk\u00f6ping<\/h3>\n<\/li>\n<li><em>15 \u2013 29 april 2012<\/em><br \/>\n<strong>Saga Wendotte<\/strong><br \/>\nfotografi<\/li>\n<\/ul>\n<p>&nbsp;<\/p>\n<p>L\u00c4NKAR<br \/>\nSaga Wendotte <a title=\"Saga Wendotte\" href=\"http:\/\/www.sagawendotte.com\" target=\"_blank\">hemsida <\/a><br \/>\nKonstforum <a title=\"Konstforum\" href=\"http:\/\/www.konstforumnorrkoping.se\" target=\"_blank\">hemsida<\/a><\/p>\n<p>&nbsp;<\/p>\n<p>BILDSPEL (FLASH) \u2013 KLICKA P\u00c5 BILDEN <em>ALT\/MOBIL: SE BILDSPELET <a title=\"Bildspel\" href=\"https:\/\/www.flickr.com\/photos\/kultursidan\/sets\/72157629441565294\/show\/\" target=\"_blank\">H\u00c4R<\/a><\/em><br \/>\n<object width=\"400\" height=\"300\"><param name=\"flashvars\" value=\"offsite=true&amp;lang=en-us&amp;page_show_url=%2Fphotos%2Fkultursidan%2Fsets%2F72157629441565294%2Fshow%2F&amp;page_show_back_url=%2Fphotos%2Fkultursidan%2Fsets%2F72157629441565294%2F&amp;set_id=72157629441565294&amp;jump_to=\" \/><param name=\"movie\" value=\"https:\/\/www.flickr.com\/apps\/slideshow\/show.swf?v=1811922554\" \/><param name=\"allowFullScreen\" value=\"true\" \/><\/object><\/p>\n","protected":false},"excerpt":{"rendered":"<p>NORRK\u00d6PING Allt st\u00e5r inte r\u00e4tt till hemma i dockhuset i fotografen Saga Wendottes serie Bedtime Stories som hon visar i Konstforums Studio. Skickligt iscensatta foton bygger obehagliga st\u00e4mningar d\u00e4r det trygga blir skr\u00e4mmande.<br \/>\n <a class=\"continue-reading-link\" href=\"https:\/\/www.kultursidan.nu\/?p=5568\">L\u00e4s mer <span class=\"meta-nav\">&rarr; <\/span><\/a><\/p>\n","protected":false},"author":1001006,"featured_media":0,"comment_status":"closed","ping_status":"closed","sticky":false,"template":"","format":"standard","meta":{"_jetpack_memberships_contains_paid_content":false,"footnotes":""},"categories":[7],"tags":[17,14],"class_list":["post-5568","post","type-post","status-publish","format-standard","hentry","category-norrkoping","tag-foto","tag-konst"],"jetpack_featured_media_url":"","jetpack_sharing_enabled":true,"_links":{"self":[{"href":"https:\/\/www.kultursidan.nu\/index.php?rest_route=\/wp\/v2\/posts\/5568","targetHints":{"allow":["GET"]}}],"collection":[{"href":"https:\/\/www.kultursidan.nu\/index.php?rest_route=\/wp\/v2\/posts"}],"about":[{"href":"https:\/\/www.kultursidan.nu\/index.php?rest_route=\/wp\/v2\/types\/post"}],"author":[{"embeddable":true,"href":"https:\/\/www.kultursidan.nu\/index.php?rest_route=\/wp\/v2\/users\/1001006"}],"replies":[{"embeddable":true,"href":"https:\/\/www.kultursidan.nu\/index.php?rest_route=%2Fwp%2Fv2%2Fcomments&post=5568"}],"version-history":[{"count":0,"href":"https:\/\/www.kultursidan.nu\/index.php?rest_route=\/wp\/v2\/posts\/5568\/revisions"}],"wp:attachment":[{"href":"https:\/\/www.kultursidan.nu\/index.php?rest_route=%2Fwp%2Fv2%2Fmedia&parent=5568"}],"wp:term":[{"taxonomy":"category","embeddable":true,"href":"https:\/\/www.kultursidan.nu\/index.php?rest_route=%2Fwp%2Fv2%2Fcategories&post=5568"},{"taxonomy":"post_tag","embeddable":true,"href":"https:\/\/www.kultursidan.nu\/index.php?rest_route=%2Fwp%2Fv2%2Ftags&post=5568"}],"curies":[{"name":"wp","href":"https:\/\/api.w.org\/{rel}","templated":true}]}}