{"id":5640,"date":"2012-04-18T09:38:09","date_gmt":"2012-04-18T08:38:09","guid":{"rendered":"https:\/\/intelligent-friend-7861.standoutwp.com\/?p=5640"},"modified":"2016-06-16T12:50:03","modified_gmt":"2016-06-16T11:50:03","slug":"nu-ar-den-klart-norrkopings-storsta-tavla-reportage","status":"publish","type":"post","link":"https:\/\/www.kultursidan.nu\/?p=5640","title":{"rendered":"Nu \u00e4r den klar \u2013 Norrk\u00f6pings st\u00f6rsta tavla (reportage)"},"content":{"rendered":"<p><iframe loading=\"lazy\" src=\"https:\/\/www.flickr.com\/photos\/kultursidan\/6943747178\/in\/set-72157629479837642\/player\/\" width=\"500\" height=\"332\" frameborder=\"0\" allowfullscreen=\"allowfullscreen\"><\/iframe><\/p>\n<p><em>Klippet. \u00c4ldste deltagaren John Nestor tog fram saxen och klippte av bandet som h\u00e4mtat sin f\u00e4rg fr\u00e5n inslag i Carl Larssons stora m\u00e5lning.<\/em><\/p>\n<p>&nbsp;<\/p>\n<h1><span style=\"color: #ff0000;\">John Nestor gjorde ett klipp p\u00e5 Hageby centrum<\/span><\/h1>\n<p>&nbsp;<\/p>\n<p><strong>\u00c4ntligen \u00e4r det klart. Under en m\u00e5nads tid har n\u00e4stan 200 konstn\u00e4rer, allt mellan 3 till 90 \u00e5r, <\/strong>m\u00e5lat de 198 plattor som nu bildar det stora konstverket med Carl Larssons <em>Frukost i det gr\u00f6na<\/em> som f\u00f6rebild. Den \u00e4kta tavlan h\u00e4nger p\u00e5 Norrk\u00f6pings konstmuseum, ocks\u00e5 den i format modell st\u00f6rre och popul\u00e4r bland m\u00e5nga museibes\u00f6kare.<\/p>\n<p>Projektet \u201dHela bilden i Hageby Centrum\u201d \u00e4r ett samarbete mellan Norrk\u00f6pings Konstmuseum och Hageby Centrum. Konstn\u00e4ren Sahar Burhan har varit ansvarig f\u00f6r genomf\u00f6randet som p\u00e5g\u00e5tt under en dryg m\u00e5nads tid i en atelj\u00e9 i shoppinggallerian. M\u00e5nga personer har deltagit, s\u00e5 m\u00e5nga att det tillverkats dubbla exemplar av n\u00e5gra rutor av konstverket. Men ingen har f\u00e5tt med mer \u00e4n en i det f\u00e4rdiga resultatet.<\/p>\n<p><strong>Vid vernissagen den 17 april talade centrumchefen Peter L\u00f6fquist och museichefen Helena Persson om det naturliga i samarbetet.<\/strong> Peter f\u00f6r att konsten och andra kulturaktiviteter \u00e4r naturligt i ett centrum d\u00e4r m\u00e4nniskor m\u00f6ts. Han uppskattade att det under den period som projektet p\u00e5g\u00e5tt varit 500.000 bes\u00f6kare i Hageby Centrum \u2013 fast alla har naturligtvis inte uppm\u00e4rksammat projektet.<\/p>\n<p>Konstmuseets chef Helena Persson s\u00e5g ocks\u00e5 positivt p\u00e5 att konsten p\u00e5 detta s\u00e4tt n\u00e5r ut till en stor publik.<\/p>\n<p>Projektledaren fr\u00e5n Norrk\u00f6pings konstmuseum Ellika Kyndel och konstn\u00e4ren Sahar Burhan var framf\u00f6r allt glada \u00f6ver alla deltagare som bidragit till tavlan. Det blev ocks\u00e5 en av dem, den \u00e4ldste, John Nestor som fyller 91 \u00e5r i sommar, som satte den sista plattan p\u00e5 plats och klippte det r\u00f6da bandet.<\/p>\n<p>Vernissagen inramades med spelmansl\u00e5tar fr\u00e5n Helsingland framf\u00f6rda av violinisten Kristina Vahll\u00f6f.<\/p>\n<p><em>Text och foto: Sven \u00c5ke Molund.<\/em><\/p>\n<p>&nbsp;<\/p>\n<p>L\u00c4NKAR<br \/>\nNorrk\u00f6pings konstmuseum <a title=\"Konstmuseet\" href=\"https:\/\/www.kultursidan.nu\/?p=4748\" target=\"_blank\">hemsida <\/a><br \/>\nFrukosten \u00e4r f\u00e4rdig p\u00e5 Hageby centrum <a title=\"Frukosten \u00e4r f\u00e4rdig p\u00e5 Hageby centrum (reportage)\" href=\"https:\/\/www.kultursidan.nu\/?p=5290\" target=\"_blank\">reportage<\/a> Kultursidan.nu 29\/3 2012<br \/>\nM\u00e5nga vill m\u00e5la i Hageby centrum <a title=\"M\u00e5nga vill m\u00e5la i Hageby centrum\" href=\"https:\/\/www.kultursidan.nu\/?p=4748\" target=\"_blank\">reportage<\/a> Kultursidan.nu 29\/2 2012<br \/>\nKonstmuseet utlokaliserar till Hageby! <a title=\"Konstmuseet utlokaliserar till Hageby!\" href=\"https:\/\/www.kultursidan.nu\/?p=4665\" target=\"_blank\">reportage<\/a> Kultursidan.nu 24\/2 2012<\/p>\n<p>&nbsp;<\/p>\n<p>BILDSPEL (FLASH) \u2013 KLICKA P\u00c5 BILDEN <em>ALT\/MOBIL: SE BILDSPELET <a title=\"Bildspel\" href=\"https:\/\/www.flickr.com\/photos\/kultursidan\/sets\/72157629479837642\/show\/\" target=\"_blank\">H\u00c4R<\/a><\/em><br \/>\n<object width=\"400\" height=\"300\"><param name=\"flashvars\" value=\"offsite=true&amp;lang=en-us&amp;page_show_url=%2Fphotos%2Fkultursidan%2Fsets%2F72157629479837642%2Fshow%2F&amp;page_show_back_url=%2Fphotos%2Fkultursidan%2Fsets%2F72157629479837642%2F&amp;set_id=72157629479837642&amp;jump_to=\" \/><param name=\"movie\" value=\"https:\/\/www.flickr.com\/apps\/slideshow\/show.swf?v=1811922554\" \/><param name=\"allowFullScreen\" value=\"true\" \/><\/object><\/p>\n","protected":false},"excerpt":{"rendered":"<p>NORRK\u00d6PING John Nestor, 90, gjorde ett klipp p\u00e5 Hageby centrum n\u00e4r han satte dit den sista plattan av de 198 som utg\u00f6r en avbildning av Carl Larssons Frukost i det gr\u00f6na. M\u00e5nga av de som bidragit till verket var med vid invigningen.<br \/>\n <a class=\"continue-reading-link\" href=\"https:\/\/www.kultursidan.nu\/?p=5640\">L\u00e4s mer <span class=\"meta-nav\">&rarr; <\/span><\/a><\/p>\n","protected":false},"author":1001006,"featured_media":0,"comment_status":"closed","ping_status":"open","sticky":false,"template":"","format":"standard","meta":{"_jetpack_memberships_contains_paid_content":false,"footnotes":""},"categories":[7],"tags":[14],"class_list":["post-5640","post","type-post","status-publish","format-standard","hentry","category-norrkoping","tag-konst"],"jetpack_featured_media_url":"","jetpack_sharing_enabled":true,"_links":{"self":[{"href":"https:\/\/www.kultursidan.nu\/index.php?rest_route=\/wp\/v2\/posts\/5640","targetHints":{"allow":["GET"]}}],"collection":[{"href":"https:\/\/www.kultursidan.nu\/index.php?rest_route=\/wp\/v2\/posts"}],"about":[{"href":"https:\/\/www.kultursidan.nu\/index.php?rest_route=\/wp\/v2\/types\/post"}],"author":[{"embeddable":true,"href":"https:\/\/www.kultursidan.nu\/index.php?rest_route=\/wp\/v2\/users\/1001006"}],"replies":[{"embeddable":true,"href":"https:\/\/www.kultursidan.nu\/index.php?rest_route=%2Fwp%2Fv2%2Fcomments&post=5640"}],"version-history":[{"count":0,"href":"https:\/\/www.kultursidan.nu\/index.php?rest_route=\/wp\/v2\/posts\/5640\/revisions"}],"wp:attachment":[{"href":"https:\/\/www.kultursidan.nu\/index.php?rest_route=%2Fwp%2Fv2%2Fmedia&parent=5640"}],"wp:term":[{"taxonomy":"category","embeddable":true,"href":"https:\/\/www.kultursidan.nu\/index.php?rest_route=%2Fwp%2Fv2%2Fcategories&post=5640"},{"taxonomy":"post_tag","embeddable":true,"href":"https:\/\/www.kultursidan.nu\/index.php?rest_route=%2Fwp%2Fv2%2Ftags&post=5640"}],"curies":[{"name":"wp","href":"https:\/\/api.w.org\/{rel}","templated":true}]}}