{"id":5648,"date":"2012-04-18T13:12:34","date_gmt":"2012-04-18T12:12:34","guid":{"rendered":"https:\/\/intelligent-friend-7861.standoutwp.com\/?p=5648"},"modified":"2013-04-14T10:06:31","modified_gmt":"2013-04-14T09:06:31","slug":"livia-lisans-kroppar-intar-ksm-labbet-reportage","status":"publish","type":"post","link":"https:\/\/www.kultursidan.nu\/?p=5648","title":{"rendered":"Livia Lisans Kroppar intar KSM-labbet (reportage)"},"content":{"rendered":"<p>[flickr]http:\/\/www.flickr.com\/photos\/kultursidan\/7089933667\/[\/flickr]<\/p>\n<p><em>Kroppar i samma rum. Men de ser inte varandra i sin begrundan av den egna tillvaron.<br \/>\n<\/em><\/p>\n<p>&nbsp;<\/p>\n<h1><span style=\"color: #ff0000;\">Nakna kroppar i fler \u00e4n tv\u00e5 dimensioner<\/span><\/h1>\n<p>&nbsp;<\/p>\n<p><strong>Hon har inte mer \u00e4n hunnit b\u00f6rja packa upp inf\u00f6r sin utst\u00e4llning p\u00e5 KSM-labbet i Stadsmuseet.<\/strong> Livia Lisan har l\u00e4nge varit konstn\u00e4rligt verksam, utbildad konstn\u00e4r som hon \u00e4r vid Konstakademin i Bukarest, Rum\u00e4nien, under 1990-talet, n\u00e5gra \u00e5r senare f\u00f6ljt av djupg\u00e5ende studier och projekt i inredningsarkitektur och i ljuss\u00e4ttning av det offentliga rummet.<\/p>\n<p>Nu kombinerar hon sitt intresse f\u00f6r det offentliga rummet med sitt ursprungliga m\u00e5leri i det examensarbete som ing\u00e5r i hennes Master i konstn\u00e4rlig gestaltning vid Link\u00f6pings universitet. <em>Kroppar i gr\u00e4nslandet<\/em> kallar hon sin utst\u00e4llning, och med gr\u00e4nsland menar hon i detta fall \u00f6verg\u00e5ngen mellan det privata och det offentliga.<\/p>\n<p><strong>Kroppen i det offentliga rummet brukar vara p\u00e5kl\u00e4dd<\/strong>. H\u00e4r har hon placerat nakna kroppar i n\u00e4stan naturlig storlek. De \u00e4r skulpturala till uttrycket men gjorda i tv\u00e5 dimensioner, allts\u00e5 platta, men utskurna och placerade p\u00e5 stativ, allts\u00e5 i rummet. Ett f\u00f6rh\u00e5llande kan uppst\u00e5 mellan dem, men h\u00e4r ger de mest intryck av att vara f\u00f6rsjunka i sina tankar och i sig sj\u00e4lva. N\u00e4r de tappar intresset f\u00f6r varandra reduceras de i viss m\u00e5n till form och f\u00e4rg. Eller s\u00e5 \u00e4r det en utg\u00e5ngspunkt.<\/p>\n<p>\u2013 Mitt huvudintresse \u00e4r kroppens yta, utseende, formen, f\u00e4rgen, egenskaper som i m\u00f6te med andra kroppar skapar k\u00e4nslor och upplevelser som kan omvandlas till gr\u00e4nser, presenterar Livia Lisan sin utst\u00e4llning.<\/p>\n<p><strong>Konstn\u00e4ren ser ett gr\u00e4nsland, ett glapp i m\u00f6tet mellan kropparna.<\/strong> S\u00e4rskilt n\u00e4r m\u00f6tet p\u00e5verkas av de mark\u00f6rer som kropparna b\u00e4r \u2013 det kan vara hudf\u00e4rg, etniska k\u00e4nnetecken \u2013 som f\u00e5ngar det m\u00e4nskliga \u00f6gat. S\u00e4rskilt funderar hon \u00f6ver det privata kroppsjaget i f\u00f6rh\u00e5llande till det offentliga kroppsjaget. En spegelbild som bekr\u00e4ftar eller oroar.<\/p>\n<p>I utst\u00e4llningen ing\u00e5r \u00e4ven en film.<\/p>\n<p><em>Text: Ann-Charlotte Sandelin<br \/>\nFoto: Sven \u00c5ke Molund<\/em><\/p>\n<p>&nbsp;<\/p>\n<ul>\n<li>\n<h3>KSM-LABBET Stadsmuseet, Norrk\u00f6ping<\/h3>\n<\/li>\n<li><em>19-29 april 2012<\/em><br \/>\n<strong>Kroppar i gr\u00e4nslandet<\/strong><br \/>\nLivia Lisan<\/li>\n<\/ul>\n<p>&nbsp;<\/p>\n<p>L\u00c4NKAR<br \/>\nLivia Lisan <a title=\"Livia Lisan\" href=\"http:\/\/www.kikk.nu\/LLF\/index_LLF.htm \" target=\"_blank\">hemsida <\/a><br \/>\nNorrk\u00f6pings stadsmuseum <a title=\"Stadsmuseet\" href=\"http:\/\/www.norrkoping.se\/kultur-fritid\/museer\/stadsmuseum\/\" target=\"_blank\">hemsida<\/a><\/p>\n<p>&nbsp;<\/p>\n<p>FLER BILDER FR\u00c5N UTST\u00c4LLNINGEN \u2013 KLICKA<\/p>\n<p>[flickr-gallery mode=&#8221;photoset&#8221; photoset=&#8221;72157629844424663&#8243;]<\/p>\n","protected":false},"excerpt":{"rendered":"<p>NORRK\u00d6PING Sj\u00e4lvupptagna kroppar som begrundar den egna tillvaron utg\u00f6r en stor del av Livia Lisans examensutst\u00e4llning p\u00e5 Norrk\u00f6pings stadsmuseum. Kroppar i gr\u00e4nslandet funderar kring gr\u00e4nser, mellan m\u00e4nniskor och mellan det privata och det offentliga jaget.<br \/>\n <a class=\"continue-reading-link\" href=\"https:\/\/www.kultursidan.nu\/?p=5648\">L\u00e4s mer <span class=\"meta-nav\">&rarr; <\/span><\/a><\/p>\n","protected":false},"author":1001006,"featured_media":0,"comment_status":"closed","ping_status":"open","sticky":false,"template":"","format":"standard","meta":{"_jetpack_memberships_contains_paid_content":false,"footnotes":""},"categories":[7],"tags":[14],"class_list":["post-5648","post","type-post","status-publish","format-standard","hentry","category-norrkoping","tag-konst"],"jetpack_featured_media_url":"","jetpack_sharing_enabled":true,"_links":{"self":[{"href":"https:\/\/www.kultursidan.nu\/index.php?rest_route=\/wp\/v2\/posts\/5648","targetHints":{"allow":["GET"]}}],"collection":[{"href":"https:\/\/www.kultursidan.nu\/index.php?rest_route=\/wp\/v2\/posts"}],"about":[{"href":"https:\/\/www.kultursidan.nu\/index.php?rest_route=\/wp\/v2\/types\/post"}],"author":[{"embeddable":true,"href":"https:\/\/www.kultursidan.nu\/index.php?rest_route=\/wp\/v2\/users\/1001006"}],"replies":[{"embeddable":true,"href":"https:\/\/www.kultursidan.nu\/index.php?rest_route=%2Fwp%2Fv2%2Fcomments&post=5648"}],"version-history":[{"count":0,"href":"https:\/\/www.kultursidan.nu\/index.php?rest_route=\/wp\/v2\/posts\/5648\/revisions"}],"wp:attachment":[{"href":"https:\/\/www.kultursidan.nu\/index.php?rest_route=%2Fwp%2Fv2%2Fmedia&parent=5648"}],"wp:term":[{"taxonomy":"category","embeddable":true,"href":"https:\/\/www.kultursidan.nu\/index.php?rest_route=%2Fwp%2Fv2%2Fcategories&post=5648"},{"taxonomy":"post_tag","embeddable":true,"href":"https:\/\/www.kultursidan.nu\/index.php?rest_route=%2Fwp%2Fv2%2Ftags&post=5648"}],"curies":[{"name":"wp","href":"https:\/\/api.w.org\/{rel}","templated":true}]}}