{"id":5765,"date":"2012-04-20T10:00:35","date_gmt":"2012-04-20T09:00:35","guid":{"rendered":"https:\/\/intelligent-friend-7861.standoutwp.com\/?p=5765"},"modified":"2014-10-31T08:14:22","modified_gmt":"2014-10-31T07:14:22","slug":"final-i-kvall-i-kulturskolans-melodifestival-reportage","status":"publish","type":"post","link":"https:\/\/www.kultursidan.nu\/?p=5765","title":{"rendered":"Final i kv\u00e4ll i Kulturskolans Melodifestival (reportage)"},"content":{"rendered":"<p><iframe loading=\"lazy\" src=\"https:\/\/www.flickr.com\/photos\/kultursidan\/7095661231\/in\/set-72157629493964686\/player\/\" width=\"500\" height=\"332\" frameborder=\"0\" allowfullscreen=\"allowfullscreen\"><\/iframe><br \/>\n<em>Alla \u00e4r vinnare. Mosstorpsskolans elever siktar h\u00f6gt.<\/em><\/p>\n<p>&nbsp;<\/p>\n<h1><span style=\"color: #ff0000;\">Omv\u00e4xlande, v\u00e4larrangerat, duktiga t\u00e4vlande och bra komp<\/span><\/h1>\n<p>&nbsp;<\/p>\n<p><strong>I kv\u00e4ll g\u00e4ller det. Norrk\u00f6pings niondeklassare t\u00e4vlar i finalen i Kulturskolans Melodifestival 2012. <\/strong>I drygt tv\u00e5 m\u00e5nader har, nio team fr\u00e5n Norrk\u00f6pings h\u00f6gstadieskolor, f\u00f6rberett sig f\u00f6r den stora finalen i \u00e5rets Melodifestival!<\/p>\n<p>Det \u00e4r Kulturskolan och Norrk\u00f6pings grundskolor som arrangerar festivalen i Flygeln. I \u00e5r \u00e4r det nio skolor som deltar i t\u00e4vlingen och med de olika bidragen \u00e4r det cirka 25 ungdomar som t\u00e4vlar.<\/p>\n<p><strong>N\u00e4r man lyssnar till den avslutande repetitionen som h\u00e5lls i H\u00f6rsalen konstaterar man att eleverna, som sj\u00e4lva skrivit bidragen, i huvudsak satsat p\u00e5 att skriva engelska texter.<\/strong> Det \u00e4r otroligt h\u00f6g kvalit\u00e9 p\u00e5 bidragen och man har lagt ner stort arbete med musikarrangemanget Kompbandet \u00e4r elever fr\u00e5n de Geergymnasiet under ledning av Martin Perk.<\/p>\n<p>I \u00e5r har man dansartisten Adam Svensson fr\u00e5n Valdemarsvik med och han kommer att dansa tillsammans med dansare fr\u00e5n Danscenter. Adam var med i TV:s Melodifestival d\u00e4r han dansade i alla t\u00e4vlingarna. Naturligtvis finns det jurygrupper f\u00f6r bed\u00f6mning av bidragen.<\/p>\n<p>En festkv\u00e4ll v\u00e4ntar f\u00f6r alla som vill se och lyssna p\u00e5 framtidens artister!<\/p>\n<p>PS! Tyv\u00e4rr har Dj\u00e4kneparkskolan dragit sig ur t\u00e4vlingen. Endast \u00e5tta skolor g\u00e5r allts\u00e5 till finalen.<\/p>\n<p><em>Text &amp; foto: Sven \u00c5ke Molund<\/em><\/p>\n<p>&nbsp;<\/p>\n<ul>\n<li>\n<h3>FLYGELN Norrk\u00f6ping<\/h3>\n<\/li>\n<li><em>Fredag 20 april 2012 kl 19<\/em><br \/>\n<strong>Kulturskolans Melodifestival 2012<\/strong><br \/>\nKonferencierer: Johanna Wetterstr\u00f6m Samuelsson och Marcus Fyrberg<br \/>\nG\u00e4startist: Adam Svensson<br \/>\nDansshow: Norrk\u00f6pings danscenter<\/p>\n<ul>\n<li>KOMPBAND<br \/>\nKapellm\u00e4stare och piano: Martin Perk<br \/>\nGitarr: Oscar Persson, Josefin Davidsson<br \/>\nKeyboard: Joel Selfors<br \/>\nBas: Rasmus Carlsson<br \/>\nSlagverk: G\u00f6ran Carlsson<br \/>\nPercussion: Josef Ask<br \/>\nTrumpet:<br \/>\nSaxofon: Hannes Nystr\u00f6m Bennich<\/li>\n<li>K\u00d6R<br \/>\nKarin Inves och Alexandra Andersson<\/li>\n<\/ul>\n<ul>\n<li>MEDVERKANDE<br \/>\nHagaskolan \u2013 Hampus Lager, Donika Nimani Ringstrand, Klara Drake, Mai Ly Sorri<br \/>\nMosstorpsskolan \u2013 Julia Hedenius, Ida Lindegaard, Frida Wennstr\u00f6m Stepanie Svensson Fredman<br \/>\nProlympia \u2013 Erika Tingvall och Jonna Landstedt<br \/>\nS\u00f6derporten \u2013 Pamela Bitariho och Maria Awad<br \/>\nViktoblandsskolan \u2013 Emma Falk och Elin Melin<br \/>\nNavestadskolan \u2013 Jennifer Carmdahl och Malin Sv\u00e4rdmalm<br \/>\nDj\u00e4knepark \u2013 Romina Chanko, Claudia Kamceva och Sama Abada<br \/>\nKunskapsskolan \u2013 Victoria Sandstr\u00f6m<br \/>\nVittra \u2013 Oskar Sahlin, Pontus Sandell, Fabian Haugen och Philip Ohlin<\/li>\n<\/ul>\n<\/li>\n<\/ul>\n<p>&nbsp;<\/p>\n<p>L\u00c4NKAR<br \/>\nKulturskolan <a title=\"Kulturskolan\" href=\"http:\/\/www.norrkoping.se\/kultur-fritid\/kulturskolan\/\" target=\"_blank\">hemsida<\/a><\/p>\n<p>&nbsp;<\/p>\n<p>BILDSPEL (FLASH) \u2013 KLICKA P\u00c5 BILDEN <em>ALT\/MOBIL: SE BILDSPELET <a title=\"Bildspel\" href=\"https:\/\/www.flickr.com\/photos\/kultursidan\/sets\/72157629493964686\/show\/\" target=\"_blank\">H\u00c4R<\/a><\/em><br \/>\n<object width=\"400\" height=\"300\"><param name=\"flashvars\" value=\"offsite=true&amp;lang=en-us&amp;page_show_url=%2Fphotos%2Fkultursidan%2Fsets%2F72157629493964686%2Fshow%2F&amp;page_show_back_url=%2Fphotos%2Fkultursidan%2Fsets%2F72157629493964686%2F&amp;set_id=72157629493964686&amp;jump_to=\" \/><param name=\"movie\" value=\"https:\/\/www.flickr.com\/apps\/slideshow\/show.swf?v=1811922554\" \/><param name=\"allowFullScreen\" value=\"true\" \/><\/object><\/p>\n","protected":false},"excerpt":{"rendered":"<p>NORRK\u00d6PING En festkv\u00e4ll fylld av vinnare. De musikaliska finalisterna fr\u00e5n nio niondeklasser i nio grundskolor t\u00e4vlar i ett omv\u00e4xlande, v\u00e4larrangerat program. De backas upp av ett bra kompband. Med Adam Svensson och hans dansare blir n\u00e5got alldeles extra.<br \/>\n <a class=\"continue-reading-link\" href=\"https:\/\/www.kultursidan.nu\/?p=5765\">L\u00e4s mer <span class=\"meta-nav\">&rarr; <\/span><\/a><\/p>\n","protected":false},"author":1001006,"featured_media":0,"comment_status":"closed","ping_status":"open","sticky":false,"template":"","format":"standard","meta":{"_jetpack_memberships_contains_paid_content":false,"footnotes":""},"categories":[7],"tags":[13],"class_list":["post-5765","post","type-post","status-publish","format-standard","hentry","category-norrkoping","tag-musik"],"jetpack_featured_media_url":"","jetpack_sharing_enabled":true,"_links":{"self":[{"href":"https:\/\/www.kultursidan.nu\/index.php?rest_route=\/wp\/v2\/posts\/5765","targetHints":{"allow":["GET"]}}],"collection":[{"href":"https:\/\/www.kultursidan.nu\/index.php?rest_route=\/wp\/v2\/posts"}],"about":[{"href":"https:\/\/www.kultursidan.nu\/index.php?rest_route=\/wp\/v2\/types\/post"}],"author":[{"embeddable":true,"href":"https:\/\/www.kultursidan.nu\/index.php?rest_route=\/wp\/v2\/users\/1001006"}],"replies":[{"embeddable":true,"href":"https:\/\/www.kultursidan.nu\/index.php?rest_route=%2Fwp%2Fv2%2Fcomments&post=5765"}],"version-history":[{"count":0,"href":"https:\/\/www.kultursidan.nu\/index.php?rest_route=\/wp\/v2\/posts\/5765\/revisions"}],"wp:attachment":[{"href":"https:\/\/www.kultursidan.nu\/index.php?rest_route=%2Fwp%2Fv2%2Fmedia&parent=5765"}],"wp:term":[{"taxonomy":"category","embeddable":true,"href":"https:\/\/www.kultursidan.nu\/index.php?rest_route=%2Fwp%2Fv2%2Fcategories&post=5765"},{"taxonomy":"post_tag","embeddable":true,"href":"https:\/\/www.kultursidan.nu\/index.php?rest_route=%2Fwp%2Fv2%2Ftags&post=5765"}],"curies":[{"name":"wp","href":"https:\/\/api.w.org\/{rel}","templated":true}]}}