{"id":5783,"date":"2012-04-23T14:13:37","date_gmt":"2012-04-23T13:13:37","guid":{"rendered":"https:\/\/intelligent-friend-7861.standoutwp.com\/?p=5783"},"modified":"2013-07-28T18:07:43","modified_gmt":"2013-07-28T17:07:43","slug":"minnen-av-nils-kolare-pa-galleri-dag-andersson-reportage","status":"publish","type":"post","link":"https:\/\/www.kultursidan.nu\/?p=5783","title":{"rendered":"Minnen av Nils K\u00f6lare p\u00e5 Galleri Dag Andersson (reportage)"},"content":{"rendered":"<p><a title=\"Lotte K\u00f6lare visar en favoritm\u00e5lning gjord av fadern Nils K\u00f6lare by Kultursidan, on Flickr\" href=\"http:\/\/www.flickr.com\/photos\/kultursidan\/6959789572\/\"><img loading=\"lazy\" decoding=\"async\" alt=\"Lotte K\u00f6lare visar en favoritm\u00e5lning gjord av fadern Nils K\u00f6lare\" src=\"http:\/\/farm9.staticflickr.com\/8025\/6959789572_bafb873e29.jpg\" width=\"500\" height=\"333\" \/><\/a><\/p>\n<p><em>Landskap i svart och gr\u00e5tt med f\u00e4rgstarka utsnitt ur natur eller kartor. M\u00e5lningen \u00e4r Lotte K\u00f6lares favorit p\u00e5 minnesutst\u00e4llningen med faderns Nils K\u00f6lares verk.<\/em><\/p>\n<p>&nbsp;<\/p>\n<h1><span style=\"color: #ff0000;\">\u201dN\u00e4r jag tittar p\u00e5 pappas m\u00e5lningar<br \/>\nblir jag j\u00e4ttestolt\u201d<\/span><\/h1>\n<p>&nbsp;<\/p>\n<p><strong>Konstn\u00e4ren Nils K\u00f6lare kallades mycket: nonfigurativ m\u00e5lare, konkretist, kolorist.<\/strong> Hans dotter Lotte K\u00f6lare ber\u00e4ttar att sj\u00e4lv kallade han sig landskapsm\u00e5lare. Hon kan peka p\u00e5 aningar av landskap, verklighetens eller fantasins, som tr\u00e4nger fram i glipor, eller rentav l\u00f6ser upp de str\u00e4nga geometriska f\u00e4lten.<\/p>\n<p>Nils K\u00f6lare dog 2007. \u00c5ret d\u00e4rp\u00e5 visades en stor retrospektiv utst\u00e4llning p\u00e5 Konstakademin i Stockholm, planerad medan konstn\u00e4ren \u00e4nnu var i livet. Utst\u00e4llningen p\u00e5 Galleri Dag Andersson har inte lika stora ambitioner men rymmer \u00e4nd\u00e5 utvalda verk fr\u00e5n 1970-talet fram till 2006. Utst\u00e4llningstiteln \u00e4r <em>Minnen<\/em>.<\/p>\n<p>\u2013 Syftet \u00e4r att visa upp pappas konst s\u00e5 att han, hans konst h\u00e5lls levande, det \u00e4r det allra viktigaste f\u00f6r mig, f\u00f6rklarar Lotte K\u00f6lare.<\/p>\n<p><strong>Den som till \u00e4ventyrs vill hitta en utvecklingslinje har god hj\u00e4lp av verkf\u00f6rteckningen, Lotte K\u00f6lare noterar alla \u00e5rtal hon vet.<\/strong> Annars \u00e4r det inte helt enkelt, med en sprittande och f\u00e4rgglad utst\u00e4llning som vittnar om god aptit p\u00e5 att pr\u00f6va nya infallsvinklar.<\/p>\n<p>Under sitt sista decennium tampades Nils K\u00f6lare med kvadraten, fylld med r\u00e4nder p\u00e5 tv\u00e4ren, hans \u201dtrasmattor\u201d, eller med mindre kvadrater som f\u00e4lt eller som tunna linjer. Han sl\u00e4ppte ocks\u00e5 in naturen, som mer eller mindre alltid funnits samtidigt som den h\u00e5llits tillbaka, p\u00e5 nya s\u00e4tt.; nu kan man se hur den angriper och l\u00f6ser upp sj\u00e4lva gallren som g\u00f6mt den. P\u00e5 utst\u00e4llningen visas ocks\u00e5 tre enkla vita verk med ett par svarta tecken \u2013 tre musikaliska anslag \u2013 n\u00e4rmare betraktat \u00e4r det enkla vita inte fullt s\u00e5 enkelt utan best\u00e5r av f\u00e4lt i de ljusaste nyanser av gr\u00f6nt eller r\u00f6tt eller gult.<\/p>\n<p><strong>Minnen, i det h\u00e4r fallet konstn\u00e4rens barndomsminnen, \u00e4r Abels l\u00e4nga, h\u00e4r representerad av tv\u00e5 m\u00e5lningar, b\u00e5da med motiv som \u00f6gat direkt knyter till arkitekturens rumsindelningar.<\/strong> En av dem \u00e4r l\u00e5ngsmal, som en liggande br\u00e4da, m\u00e5lad vitt i vitt. Lotte K\u00f6lare ber\u00e4ttar att fadern gjorde en motsvarande svart och dessutom en i glada f\u00e4rger.<\/p>\n<p>\u2013 Han jobbade ju mycket med sv\u00e4rta, det \u00e4r mycket typiskt f\u00f6r pappa faktiskt, kommenterar hon de olika f\u00e4rginslagen. Han ville inte kalla sig kolorist. Det \u00e4r m\u00e5nga som velat g\u00f6ra det, som trott att han haft n\u00e5gon f\u00e4rgl\u00e4ra i bakgrunden men det \u00e4r inte det han \u00e4r intresserad av. Det har nog bara funnits d\u00e4r tror jag.<\/p>\n<p><strong>Vart nu Lotte K\u00f6lare v\u00e4nder blicken i galleriet m\u00f6ter henne faderns verk. Hur k\u00e4nns det?<\/strong><\/p>\n<p>\u2013 Jag \u00e4r j\u00e4ttestolt! Det \u00e4r alltid s\u00e5 n\u00e4r man tittar p\u00e5 pappas m\u00e5lningar s\u00e5 blir jag alltid s\u00e5 stolt. Och egentligen vill jag inte g\u00f6ra mig av med n\u00e5gon. Men det g\u00e5r ju inte att det hemma allting och det \u00e4r b\u00e4ttre att det kommer ut till folk som ocks\u00e5 f\u00e5r ha de h\u00e4r fina sakerna uppe p\u00e5 v\u00e4ggen.<\/p>\n<p>\u2013 Sen \u00e4r det s\u00e5 roligt att man kan se att han har s\u00e5 m\u00e5nga olika stilar, att han utforskat s\u00e5 mycket.<\/p>\n<p><em>Text och foto: Ann-Charlotte Sandelin<\/em><\/p>\n<p>&nbsp;<\/p>\n<ul>\n<li>\n<h3>GALLERI DAG ANDERSSON Norrk\u00f6ping<\/h3>\n<\/li>\n<li><em>21 april \u2013 27 maj 2012<\/em><br \/>\n<strong> Nils K\u00f6lare<\/strong><br \/>\nMinnen<\/li>\n<\/ul>\n<p>&nbsp;<\/p>\n<p>L\u00c4NKAR<br \/>\nGalleri Dag Andersson <a title=\"Galleri Dag Andersson\" href=\"http:\/\/www.galleridagandersson.se\/\" target=\"_blank\">hemsida <\/a><br \/>\nOm Nils K\u00f6lare p\u00e5 Waldemarsudde <a title=\"Nils K\u00f6lare\" href=\"http:\/\/www.waldemarsudde.se\/xtid_kolare.html\" target=\"_blank\">hemsida <\/a><\/p>\n<p>&nbsp;<\/p>\n<p>FLER BILDER FR\u00c5N UTST\u00c4LLNINGEN \u2013 KLICKA<\/p>\n<p>[flickr-gallery mode=&#8221;photoset&#8221; photoset=&#8221;72157629881654257&#8243;]<\/p>\n<p>&nbsp;<\/p>\n","protected":false},"excerpt":{"rendered":"<p>NORRK\u00d6PING Det \u00e4r en stolt dotter som visar upp verk av Nils K\u00f6lare, konkretisten som gick bort f\u00f6r n\u00e5gra \u00e5r sedan. Men bakom de str\u00e4nga linjerna v\u00e4xer naturen, som kartbilder eller uppl\u00f6sande kraft. Minnen \u00e4r utst\u00e4llningens dubbeltydiga titel.<br \/>\n <a class=\"continue-reading-link\" href=\"https:\/\/www.kultursidan.nu\/?p=5783\">L\u00e4s mer <span class=\"meta-nav\">&rarr; <\/span><\/a><\/p>\n","protected":false},"author":1001006,"featured_media":0,"comment_status":"open","ping_status":"open","sticky":false,"template":"","format":"standard","meta":{"_jetpack_memberships_contains_paid_content":false,"footnotes":""},"categories":[7],"tags":[14],"class_list":["post-5783","post","type-post","status-publish","format-standard","hentry","category-norrkoping","tag-konst"],"jetpack_featured_media_url":"","jetpack_sharing_enabled":true,"_links":{"self":[{"href":"https:\/\/www.kultursidan.nu\/index.php?rest_route=\/wp\/v2\/posts\/5783","targetHints":{"allow":["GET"]}}],"collection":[{"href":"https:\/\/www.kultursidan.nu\/index.php?rest_route=\/wp\/v2\/posts"}],"about":[{"href":"https:\/\/www.kultursidan.nu\/index.php?rest_route=\/wp\/v2\/types\/post"}],"author":[{"embeddable":true,"href":"https:\/\/www.kultursidan.nu\/index.php?rest_route=\/wp\/v2\/users\/1001006"}],"replies":[{"embeddable":true,"href":"https:\/\/www.kultursidan.nu\/index.php?rest_route=%2Fwp%2Fv2%2Fcomments&post=5783"}],"version-history":[{"count":0,"href":"https:\/\/www.kultursidan.nu\/index.php?rest_route=\/wp\/v2\/posts\/5783\/revisions"}],"wp:attachment":[{"href":"https:\/\/www.kultursidan.nu\/index.php?rest_route=%2Fwp%2Fv2%2Fmedia&parent=5783"}],"wp:term":[{"taxonomy":"category","embeddable":true,"href":"https:\/\/www.kultursidan.nu\/index.php?rest_route=%2Fwp%2Fv2%2Fcategories&post=5783"},{"taxonomy":"post_tag","embeddable":true,"href":"https:\/\/www.kultursidan.nu\/index.php?rest_route=%2Fwp%2Fv2%2Ftags&post=5783"}],"curies":[{"name":"wp","href":"https:\/\/api.w.org\/{rel}","templated":true}]}}