{"id":5866,"date":"2012-04-26T17:41:54","date_gmt":"2012-04-26T16:41:54","guid":{"rendered":"https:\/\/intelligent-friend-7861.standoutwp.com\/?p=5866"},"modified":"2014-11-23T10:22:23","modified_gmt":"2014-11-23T09:22:23","slug":"marica-kallner-ger-scenkonstverk-pa-kulturhuset-reportage","status":"publish","type":"post","link":"https:\/\/www.kultursidan.nu\/?p=5866","title":{"rendered":"Marica K\u00e4llner ger scenkonstverk p\u00e5 Kulturhuset (reportage)"},"content":{"rendered":"<p><iframe loading=\"lazy\" src=\"https:\/\/www.flickr.com\/photos\/kultursidan\/6966378534\/player\/\" width=\"500\" height=\"334\" frameborder=\"0\" allowfullscreen=\"allowfullscreen\"><\/iframe><\/p>\n<p><em>Sj\u00e4lvportr\u00e4tt. <\/em><\/p>\n<p>&nbsp;<\/p>\n<h1><span style=\"color: #ff0000;\">M\u00e5ngsidig konstn\u00e4r: poesi, prosa, teater, foto, kursledare<\/span><\/h1>\n<p>&nbsp;<\/p>\n<p><strong>Med r\u00f6tter i V\u00e4rmland, men uppvuxen p\u00e5 Vikbolandet, via De Geergymnasiet med inriktning p\u00e5 teater, m\u00e5nga resor och ett st\u00e4ndigt arbetande \u00f6ga f\u00f6r konst.<\/strong><\/p>\n<p>Inf\u00f6r intervjun kikar jag p\u00e5 MaricaK\u00e4llners hemsida, och sl\u00e5s, inte bara av den mycket effektfulla bilden som introducerar bes\u00f6karen, utan \u00e4ven hur mycket hon tycks ha hunnit med.<\/p>\n<p>P\u00e5 meritlistan finns bland annat en fotobok, <em>Livets sm\u00e5 egenheter<\/em>, utgiven 2010, barnteaterf\u00f6rest\u00e4llningar, poesi, ett idogt arbete med fotografering samt en finalplats i Poetry Slam.<\/p>\n<p><strong>Fredagen den 27 april \u00e4r det dags f\u00f6r n\u00e4sta punkt, d\u00e5 ett scenkonstverk skall g\u00e5 av stapeln p\u00e5 Kulturhuset. <\/strong>Id\u00e9n till projektet kom redan i september f\u00f6rra \u00e5ret, d\u00e5 Marica i n\u00e5gra m\u00e5nader bodde i Lettland, och bygger p\u00e5 samspelet mellan ord och bild. Genom den till synes kanh\u00e4nda udda metoden att dra lott, blev det slumpen som avgjorde vilka ca 8 dikter som valdes ut till att bli fotoillustrerade.<\/p>\n<p>F\u00f6rest\u00e4llningen kommer inledas av Maricas mamma, Carina Larsson, en inte helt ok\u00e4nd skribent f\u00f6r de som \u00e4r bekanta med <em>L\u00e4nstidningen<\/em>, d\u00e4r \u00e4ven Maricas fotografier brukar finnas med.<\/p>\n<p>Med starka konstn\u00e4rliga influenser i sl\u00e4kten, \u00e4r det kanske inte s\u00e5 m\u00e4rkligt att Marica blev fotograf och skribent. Sina fr\u00e4msta korrekturl\u00e4sare har Marica i maken Jakob, samt mormor, och noggranna genoml\u00e4sningar \u00e4r vanligt. Trots en och annan utflykt p\u00e5 engelska, skriver Marica f\u00f6r det mesta enbart p\u00e5 svenska, och r\u00f6r sig b\u00e5de inom poesi och prosa.<\/p>\n<p>A<strong>tt skrivandet \u00e4r en process och tar sin tid, \u00e4r inget ovanligt f\u00f6r en f\u00f6rfattare, men hur ska man bli en b\u00e4ttre s\u00e5dan? <\/strong>Ett s\u00e4tt \u00e4r att g\u00e5 skrivarkurser, och Marica har just som ledare avslutat en s\u00e5dan, och mycket handlar om att v\u00e4cka inspiration och f\u00e5 nya infallsvinklingar. Den gamla klassikern att skriva en rad p\u00e5 ett papper, vika \u00f6ver det man skrivit och skicka vidare till n\u00e4sta person, osv, f\u00f6r att till slut l\u00e4sas upp, \u00e4r ett exempel p\u00e5 hur en ber\u00e4ttelse kan formas p\u00e5 ett lekfullt och annorlunda s\u00e4tt. Spontan, muntlig variant av denna teknik \u00e5terfinns ocks\u00e5 p\u00e5 agendan f\u00f6r Maricas skrivarkurser, och h\u00e4r kan man ta ut sv\u00e4ngarna rej\u00e4lt. Att v\u00e5ga l\u00e5ta orden fl\u00f6da fritt utan att passera g\u00e5, \u00e4r en nyttig \u00f6vning. I sommar kommer Marica ge skrivarkurs f\u00f6r ungdomar, s\u00e5 f\u00f6r de som vill \u00e4gna sommarlovet \u00e5t n\u00e5got kreativt finns en ypperlig chans till detta!<\/p>\n<p><strong>N\u00e5got annat som bidrar till stoff att skriva om \u00e4r att st\u00e4ndigt se sig om<\/strong>. Inte bara i den n\u00e4rmaste omgivningen, utan \u00e4ven runtom i v\u00e4rlden. Med resor ges b\u00e5de m\u00f6jlighet till intryck och avtryck, och vem vet vad en resedagboks sm\u00e5 anteckningar kan ge upphov till? Marica och hennes man Jakob \u00e4r vana resen\u00e4rer, och f\u00f6rra sommarens \u00e4ventyr h\u00e5ller just nu p\u00e5 att s\u00e4ttas ihop till en dokument\u00e4r.<\/p>\n<p><strong>P\u00e5 fr\u00e5gan om vad som \u00e4r dr\u00f6mprojektet,<\/strong> svarar Marica att det skulle vara att skriva, s\u00e4tta upp och genomf\u00f6ra en pj\u00e4s med lokala sk\u00e5despelare i Norrk\u00f6ping. En inte alls orealistisk dr\u00f6m, som med all s\u00e4kerhet kommer att infrias fram\u00f6ver.<\/p>\n<p><em>Text A. Alm<br \/>\nFoto: Marica K\u00e4llner<\/em><\/p>\n<p>&nbsp;<\/p>\n<ul>\n<li>\n<h3>KULTURHUSET Norrk\u00f6ping<\/h3>\n<\/li>\n<li><em>Fredag 27 april 2012 kl 18<\/em><br \/>\n<strong>Jag ger dig mitt ord vid en bild<\/strong><br \/>\nScenkonstverk med poesi och foto<br \/>\nav och med Marica K\u00e4llner<\/li>\n<\/ul>\n<p>&nbsp;<\/p>\n<p>L\u00c4NKAR<br \/>\nMarica K\u00e4llner <a title=\"Marica K\u00e4llner\" href=\"http:\/\/www.maricakallner.se\/\" target=\"_blank\">hemsida <\/a><br \/>\nKulturhuset <a title=\"Kulturhuset i Norrk\u00f6ping\" href=\"http:\/\/norrkopingskulturhus.se\" target=\"_blank\">hemsida <\/a><\/p>\n<p>&nbsp;<\/p>\n<p>BILDSPEL (FLASH) \u2013 KLICKA P\u00c5 BILDEN <em>ALT\/MOBIL: SE BILDSPELET <a title=\"Bildspel\" href=\"https:\/\/www.flickr.com\/photos\/kultursidan\/sets\/72157629532488468\/show\/\" target=\"_blank\">H\u00c4R<\/a><\/em><br \/>\n<object width=\"400\" height=\"300\"><param name=\"flashvars\" value=\"offsite=true&amp;lang=en-us&amp;page_show_url=%2Fphotos%2Fkultursidan%2Fsets%2F72157629532488468%2Fshow%2F&amp;page_show_back_url=%2Fphotos%2Fkultursidan%2Fsets%2F72157629532488468%2F&amp;set_id=72157629532488468&amp;jump_to=\" \/><param name=\"movie\" value=\"https:\/\/www.flickr.com\/apps\/slideshow\/show.swf?v=143270\" \/><param name=\"allowFullScreen\" value=\"true\" \/><\/object><\/p>\n","protected":false},"excerpt":{"rendered":"<p>NORRK\u00d6PING En m\u00e5ngsidig person \u00e4r Marica K\u00e4llner, n\u00e4r hon st\u00e5r p\u00e5 scenen p\u00e5 fredag kv\u00e4ll \u00e4r det tv\u00e5 huvuduttryck som m\u00f6ts \u2013 fotot och poesin. N\u00e4sta g\u00e5ng kan det vara en teaterupps\u00e4ttning. M\u00f6t Marica.<br \/>\n <a class=\"continue-reading-link\" href=\"https:\/\/www.kultursidan.nu\/?p=5866\">L\u00e4s mer <span class=\"meta-nav\">&rarr; <\/span><\/a><\/p>\n","protected":false},"author":1001006,"featured_media":0,"comment_status":"closed","ping_status":"open","sticky":false,"template":"","format":"standard","meta":{"_jetpack_memberships_contains_paid_content":false,"footnotes":""},"categories":[7],"tags":[17,51,42],"class_list":["post-5866","post","type-post","status-publish","format-standard","hentry","category-norrkoping","tag-foto","tag-poesi","tag-show"],"jetpack_featured_media_url":"","jetpack_sharing_enabled":true,"_links":{"self":[{"href":"https:\/\/www.kultursidan.nu\/index.php?rest_route=\/wp\/v2\/posts\/5866","targetHints":{"allow":["GET"]}}],"collection":[{"href":"https:\/\/www.kultursidan.nu\/index.php?rest_route=\/wp\/v2\/posts"}],"about":[{"href":"https:\/\/www.kultursidan.nu\/index.php?rest_route=\/wp\/v2\/types\/post"}],"author":[{"embeddable":true,"href":"https:\/\/www.kultursidan.nu\/index.php?rest_route=\/wp\/v2\/users\/1001006"}],"replies":[{"embeddable":true,"href":"https:\/\/www.kultursidan.nu\/index.php?rest_route=%2Fwp%2Fv2%2Fcomments&post=5866"}],"version-history":[{"count":0,"href":"https:\/\/www.kultursidan.nu\/index.php?rest_route=\/wp\/v2\/posts\/5866\/revisions"}],"wp:attachment":[{"href":"https:\/\/www.kultursidan.nu\/index.php?rest_route=%2Fwp%2Fv2%2Fmedia&parent=5866"}],"wp:term":[{"taxonomy":"category","embeddable":true,"href":"https:\/\/www.kultursidan.nu\/index.php?rest_route=%2Fwp%2Fv2%2Fcategories&post=5866"},{"taxonomy":"post_tag","embeddable":true,"href":"https:\/\/www.kultursidan.nu\/index.php?rest_route=%2Fwp%2Fv2%2Ftags&post=5866"}],"curies":[{"name":"wp","href":"https:\/\/api.w.org\/{rel}","templated":true}]}}