{"id":614,"date":"2010-11-19T10:25:35","date_gmt":"2010-11-19T08:25:35","guid":{"rendered":"https:\/\/intelligent-friend-7861.standoutwp.com\/?p=614"},"modified":"2020-10-18T18:08:08","modified_gmt":"2020-10-18T17:08:08","slug":"peter-freudenthal-staller-ut-pa-galleri-dag-andersson","status":"publish","type":"post","link":"https:\/\/www.kultursidan.nu\/?p=614","title":{"rendered":"Peter Freudenthal st\u00e4ller ut p\u00e5 Galleri Dag Andersson"},"content":{"rendered":"<p><iframe loading=\"lazy\" src=\"https:\/\/www.youtube.com\/embed\/DJiNAtQtpDU\" width=\"560\" height=\"315\" frameborder=\"0\" allowfullscreen=\"allowfullscreen\"><span style=\"display: inline-block; width: 0px; overflow: hidden; line-height: 0;\" data-mce-type=\"bookmark\" class=\"mce_SELRES_start\">\ufeff<\/span><\/iframe><br \/>\n<em>Intervju med Peter Freudenthal. 3:13 min.<\/em><\/p>\n<p>&nbsp;<\/p>\n<h1><span style=\"color: #ff0000;\">Svindlande kvadrater<\/span><\/h1>\n<p>&nbsp;<\/p>\n<p>NORRK\u00d6PING <strong>D\u00e5 och d\u00e5 kommer han tillbaka<\/strong>. <a title=\"Peter Freudenthal\" href=\"http:\/\/peter.freudenthal.tv\/\" target=\"_blank\" rel=\"noopener noreferrer\">Konstn\u00e4ren Peter Freudenthal<\/a> \u00e4r f\u00f6dd och uppvuxen i Norrk\u00f6ping och g\u00f6r sig g\u00e4rna \u00e4renden hit. Nu st\u00e4ller han ut i stort format, och litet, p\u00e5 <a title=\"Galleri Dag Andersson\" href=\"http:\/\/www.galleridagandersson.se\/start.html\" target=\"_blank\" rel=\"noopener noreferrer\">Galleri Dag Andersson<\/a>.<\/p>\n<p>\u00c4ldst \u00e4r <em>\u00c5ter till Ithaka<\/em> fr\u00e5n 1986 som m\u00f6ter bes\u00f6karen med svindlande kvadrater, f\u00e4lt inom linjerade ramar i olika f\u00e4rger. F\u00e4rgerna lyser och objekten tycks f\u00e5ngade medan de rusar fram genom rymden.<\/p>\n<p>&nbsp;<\/p>\n<p><img loading=\"lazy\" decoding=\"async\" class=\"alignnone\" src=\"https:\/\/live.staticflickr.com\/4124\/5188684821_cfa8def52f.jpg\" alt=\"PF 3\" width=\"500\" height=\"297\" \/><br \/>\n<em>\u00c5ter till Ithaka.<\/em><\/p>\n<p>&nbsp;<\/p>\n<p>\u2013<strong> Jag b\u00f6rjade med r\u00e4ta linjer och rektanglar.<\/strong> Det tog l\u00e5ng tid innan jag v\u00e5gade mig p\u00e5 diagonalen, s\u00e4ger Peter Freudenthal.<\/p>\n<p>Verkligheten, f\u00f6r det \u00e4r den han m\u00e5lar, tolkas till en str\u00e4ng och sk\u00f6n geometri. Kvadrater, rektanglar, linjer och ramar \u00e5terkommer i Peter Freudenthals bildv\u00e4rld, varierade i det o\u00e4ndliga. Linjer och kvadrater till trots, \u00f6gat luras l\u00e4tt; symmetri \u00e4r inte Peter Freudenthals m\u00e4rke, objektens sneda st\u00e4llning ger intryck av r\u00f6relse och djupverkan. Vertikala linjer, som stoder i rymden. F\u00e4rgerna \u00e4r klara.<\/p>\n<p>&nbsp;<\/p>\n<p><img loading=\"lazy\" decoding=\"async\" class=\"alignnone\" src=\"https:\/\/live.staticflickr.com\/4152\/5189286620_ae5ec0766c_n.jpg\" alt=\"Peter Freudenthal p\u00e5 Galleri Dag Andersson\" width=\"320\" height=\"195\" \/> <img loading=\"lazy\" decoding=\"async\" class=\"alignnone\" src=\"https:\/\/live.staticflickr.com\/4147\/5188684699_a8d0a5cc2c_n.jpg\" alt=\"Peter Freudenthal\" width=\"268\" height=\"320\" \/><\/p>\n<p><img loading=\"lazy\" decoding=\"async\" class=\"alignnone\" src=\"https:\/\/live.staticflickr.com\/1027\/5189285528_e45086d6c7_n.jpg\" alt=\"Peter Freudenthal\" width=\"229\" height=\"320\" \/> <img loading=\"lazy\" decoding=\"async\" class=\"alignnone\" src=\"https:\/\/live.staticflickr.com\/4127\/5188684997_20fd75f741_n.jpg\" alt=\"Peter Freudenthal p\u00e5 Galleri Dag Andersson\" width=\"320\" height=\"211\" \/><\/p>\n<p>&nbsp;<\/p>\n<p><strong>\u2013 Det \u00e4r regnb\u00e5gens f\u00e4rger, andliga f\u00e4rger.<\/strong> Jag anv\u00e4nder alla f\u00e4rger men inte brunt och svart och beige \u2013 jordf\u00e4rgerna. Konsten \u00e4r andlig, allts\u00e5 ska f\u00e4rgerna vara det ocks\u00e5, f\u00f6rklarar Peter Freudenthal.<br \/>\nS\u00e5 n\u00e4r Karl den XII faller f\u00f6r den silvervita <em>Kulknappen<\/em> i Fredrikshalds natt \u00e4r de m\u00f6rkaste f\u00e4lten inte s\u00e5 svarta som man kan tro utan m\u00f6rkt m\u00f6rkt bl\u00e5.<\/p>\n<p>&nbsp;<\/p>\n<p><img loading=\"lazy\" decoding=\"async\" class=\"alignnone\" src=\"https:\/\/live.staticflickr.com\/4127\/5189286194_8fba258ec6.jpg\" alt=\"Peter Freudenthal \u2013 Kulknappen\" width=\"500\" height=\"462\" \/><br \/>\n<em>Kulknappen.<\/em><\/p>\n<p>&nbsp;<\/p>\n<p><strong>Merparten av m\u00e5lningarna<\/strong> \u00e4r dock fr\u00e5n de senaste \u00e5ren d\u00e5 Peter Freudenthal m\u00e5lat forsar och fall. Duon <em>Fallet natt <\/em>och <em>Fallet dag<\/em> \u00e4r tv\u00e5 goda exempel p\u00e5 hur han pr\u00f6var sin konst och sig om och om igen.<\/p>\n<p>&nbsp;<\/p>\n<p><img loading=\"lazy\" decoding=\"async\" class=\"alignnone\" src=\"https:\/\/live.staticflickr.com\/1278\/5188685457_34bd6a14dc.jpg\" alt=\"Peter Freudenthal p\u00e5 Galleri Dag Andersson\" width=\"500\" height=\"235\" \/><\/p>\n<p><img loading=\"lazy\" decoding=\"async\" class=\"alignnone\" src=\"https:\/\/live.staticflickr.com\/1278\/5189286000_b08f605268.jpg\" alt=\"Peter Freudenthal p\u00e5 Galleri Dag Andersson\" width=\"500\" height=\"333\" \/><br \/>\n<em>Fallet natt <\/em>och <em>Fallet dag<\/em><\/p>\n<p><em>Text, film och foto: Ann-Charlotte Sandelin<\/em><\/p>\n<ul>\n<li>\n<h3>GALLERI DAG ANDERSSON<\/h3>\n<\/li>\n<li><em>21 november \u2013 19 december 2010<\/em><br \/>\n<strong>Peter Freudenthal<\/strong><br \/>\nVARIANTER<\/li>\n<\/ul>\n","protected":false},"excerpt":{"rendered":"<p>NORRK\u00d6PING Kvadrater, linjer och klara f\u00e4rger ger djupverkan och r\u00f6relse i Peter Freudenthals str\u00e4nga men sk\u00f6na m\u00e5leri. Nu g\u00e4star konstn\u00e4ren Peter Freudenthal f\u00f6delsestaden Norrk\u00f6ping. <a class=\"continue-reading-link\" href=\"https:\/\/www.kultursidan.nu\/?p=614\">L\u00e4s mer <span class=\"meta-nav\">&rarr; <\/span><\/a><\/p>\n","protected":false},"author":1001006,"featured_media":0,"comment_status":"closed","ping_status":"closed","sticky":false,"template":"","format":"standard","meta":{"_jetpack_memberships_contains_paid_content":false,"footnotes":""},"categories":[7],"tags":[14],"class_list":["post-614","post","type-post","status-publish","format-standard","hentry","category-norrkoping","tag-konst"],"jetpack_featured_media_url":"","jetpack_sharing_enabled":true,"_links":{"self":[{"href":"https:\/\/www.kultursidan.nu\/index.php?rest_route=\/wp\/v2\/posts\/614","targetHints":{"allow":["GET"]}}],"collection":[{"href":"https:\/\/www.kultursidan.nu\/index.php?rest_route=\/wp\/v2\/posts"}],"about":[{"href":"https:\/\/www.kultursidan.nu\/index.php?rest_route=\/wp\/v2\/types\/post"}],"author":[{"embeddable":true,"href":"https:\/\/www.kultursidan.nu\/index.php?rest_route=\/wp\/v2\/users\/1001006"}],"replies":[{"embeddable":true,"href":"https:\/\/www.kultursidan.nu\/index.php?rest_route=%2Fwp%2Fv2%2Fcomments&post=614"}],"version-history":[{"count":5,"href":"https:\/\/www.kultursidan.nu\/index.php?rest_route=\/wp\/v2\/posts\/614\/revisions"}],"predecessor-version":[{"id":42494,"href":"https:\/\/www.kultursidan.nu\/index.php?rest_route=\/wp\/v2\/posts\/614\/revisions\/42494"}],"wp:attachment":[{"href":"https:\/\/www.kultursidan.nu\/index.php?rest_route=%2Fwp%2Fv2%2Fmedia&parent=614"}],"wp:term":[{"taxonomy":"category","embeddable":true,"href":"https:\/\/www.kultursidan.nu\/index.php?rest_route=%2Fwp%2Fv2%2Fcategories&post=614"},{"taxonomy":"post_tag","embeddable":true,"href":"https:\/\/www.kultursidan.nu\/index.php?rest_route=%2Fwp%2Fv2%2Ftags&post=614"}],"curies":[{"name":"wp","href":"https:\/\/api.w.org\/{rel}","templated":true}]}}