{"id":6522,"date":"2012-06-09T12:21:37","date_gmt":"2012-06-09T11:21:37","guid":{"rendered":"https:\/\/intelligent-friend-7861.standoutwp.com\/?p=6522"},"modified":"2014-06-07T21:10:34","modified_gmt":"2014-06-07T20:10:34","slug":"manga-kande-sig-hemma-i-stromparken-pa-nationaldagen-reportage","status":"publish","type":"post","link":"https:\/\/www.kultursidan.nu\/?p=6522","title":{"rendered":"Alla vill k\u00e4nna sig hemma i Str\u00f6mparken"},"content":{"rendered":"<p><iframe loading=\"lazy\" src=\"https:\/\/www.flickr.com\/photos\/kultursidan\/7163099619\/player\/\" width=\"500\" height=\"333\" frameborder=\"0\" allowfullscreen=\"allowfullscreen\"><\/iframe><\/p>\n<p><em>Protestlistor i sista(?) minuten. P\u00e5 tisdag den 12 juni fattar stadsplaneringsn\u00e4mnden beslut om<br \/>\natt anta den reviderade detaljplanen f\u00f6r fastigheten Torget 5. <\/em><\/p>\n<p>&nbsp;<\/p>\n<h1><span style=\"color: #ff0000;\">Med kaffekorgar, ballonger och brandtal mot husbygge i parken<\/span><\/h1>\n<p>&nbsp;<\/p>\n<p><strong><em>\u2013 Det \u00e4r vi som \u00e4r Norrk\u00f6ping!<\/em><\/strong>Omkring 200 personer var p\u00e5 plats vid demonstrationen i Str\u00f6mparken under nationaldagen 6 juni. Uppr\u00f6rdheten var stor och argumenten mot Hyresbost\u00e4ders och kommunens planer p\u00e5 ett husbygge i Str\u00f6mparken fl\u00f6dade n\u00e4r den ena talaren efter den andra st\u00e4llde sig upp. Inte minst m\u00e4rktes en underton av kritik mot f\u00f6r snabb och diskret hantering av \u00e4rendet. Varf\u00f6r kalla det Torget 5 i st\u00e4llet f\u00f6r Refvens grund eller Str\u00f6mparken? Hur kan man lita p\u00e5 politiker n\u00e4r en plan som fastst\u00e4llts \u00e5r 2005 kan \u00e4ndras av stadsplaneringsn\u00e4mnden \u00e5r 2012.<\/p>\n<p>Ray Happ \u00e4r p\u00e5 plats, den person som kanske skrivit de flesta ins\u00e4ndarna i \u00e4rendet. Han sm\u00e5pratar med m\u00e5nga men st\u00e4ller sig inte upp och h\u00e5ller n\u00e5got brandtal. Kanske \u00e4ven G\u00f6ran Esbj\u00f6rnsson \u00e4r p\u00e5 plats, han som undertecknade Naturskyddsf\u00f6reningens argumentrika remissyttrande mot den f\u00f6rsta planen p\u00e5 husbygget.<\/p>\n<p><strong>Endast privatpersoner bevistar m\u00f6tet, \u00e4nd\u00e5 k\u00e4nner jag igen en rad aktiva politiker fr\u00e5n Norrk\u00f6pings styrande partier s\u00e5v\u00e4l som oppositionspartier:<\/strong> bland andra Sylva Hedell, Klas Linn\u00e9, Christina Brus\u00e9n och landstingpolitikern Anita Jernberger och jag skakar hand med en ledamot i stadsplaneringsn\u00e4mnden som po\u00e4ngterar att hen f\u00e5tt str\u00e4nga order att antingen f\u00f6lja partipiskan eller avst\u00e5 fr\u00e5n n\u00e4mndens m\u00f6te. Uppenbarligen \u00e4r fr\u00e5gan om det planerade bygget som ytterligare st\u00e4nger f\u00f6r Gamla R\u00e5dstugugatans kontakt mot Str\u00f6mparken och Str\u00f6mmen vid Refvens grund, n\u00e5got som sk\u00e4r igenom alla partier.<\/p>\n<p><strong>Kanske s\u00e4rskilt en ins\u00e4ndare undertecknad av Mattias Stenberg (Mp) och M\u00e5rten Arnberg (S), ordf\u00f6rande\u00a0 och f\u00f6rste vice ordf\u00f6rande i Stadsplaneringsn\u00e4mnden uppr\u00f6r.<\/strong> D\u00e4r de i mars skrev om Norrk\u00f6pings nya bostadsbrist. Ins\u00e4ndaren har \u00e4ven lagts upp p\u00e5 Milj\u00f6partiets hemsida.<\/p>\n<p>Fotbollsentusiasten Ulf Jaensson travesterar Peking Fanz hejaramsa <em>Det \u00e4r vi som \u00e4r Norrk\u00f6ping<\/em> och h\u00e4vdar att det \u00e4r Norrk\u00f6pingsborna, inte arkitekter, byggherrar och kommunala tj\u00e4nstem\u00e4n som \u00e4ger allemansr\u00e4tten till parker och gr\u00f6nomr\u00e5den. Sifferkunnig som han \u00e4r har han r\u00e4knat ut att n\u00e5gon bostadsbrist att tala om knappast finns n\u00e4r kommunen planerar att bygga 1600 l\u00e4genheter inom Promenaderna, vilket l\u00e4r t\u00e4cka de kommande \u00e5tta \u00e5rens behov \u2013 minst. Kommunen \u00f6kade med mindre \u00e4n 600 personer f\u00f6rra \u00e5ret \u2013 och alla vill kanske inte bo i centrala staden.<\/p>\n<p><strong>F\u00f6rst att ta till orda \u00e4r Inga-Karin Lander\u00f6, som po\u00e4ngterade att hon som S\u00f6derk\u00f6pingsbo inte h\u00f6r till den lilla klick som f\u00f6rlorar sin privata utsikt om huset byggs i Str\u00f6mparken.<\/strong> Men hon anser att det var viktigt f\u00f6r henne att visa att fr\u00e5gan ber\u00f6r m\u00e5nga fler \u00e4n grannar och fastighets\u00e4gare. Uppenbarligen \u00e4r hon inte ensam. H\u00e4r \u00e4r Norrk\u00f6pingsbor i alla \u00e5ldrar, flertalet kanske \u00e4ldre och med stark k\u00e4nsla f\u00f6r den stad de v\u00e4xt och levt i under m\u00e5nga \u00e5r, men \u00e4ven yngre barnfamiljer. Reidar Svedahl meddelar att han t\u00e4nker starta en Facecooksida f\u00f6r att n\u00e5 just den yngre m\u00e5lgruppen, s\u00e4rskilt med tanke p\u00e5 dem som bor kvar i Norrk\u00f6ping om 30 \u00e5r.<\/p>\n<p>N\u00e4r de mer eller mindre f\u00f6rberedda eller spontana talarna sagt sitt forts\u00e4tter samtalet i mindre grupper d\u00e4r man utbyter argument. Sk\u00e5despelaren \u00c5sa Forsberg, mottagare av Norrk\u00f6pings kommuns kulturpris 2011, p\u00e5pekar att husbygget p\u00e5verkar omr\u00e5dets utseende f\u00f6r hundratals \u00e5r fram\u00e5t i tiden.<br \/>\n\u2013 Det \u00e4r s\u00e5 kl\u00e5fingrigt. Det finns s\u00e5 f\u00e5 offentliga rum i staden som inte \u00e4r kommersialiserade, det \u00e4r viktigt att det finns b\u00e4nkar att sitta p\u00e5. Har man v\u00e4l byggt s\u00e5 \u00e4r det k\u00f6rt f\u00f6r tid och evighet, s\u00e4ger \u00c5sa Forsberg.<\/p>\n<p>Moderata kulturpolitikern Christina Brus\u00e9n ser bort mot Str\u00f6mparkens stenkantade gr\u00e4sterasser:<br \/>\n\u2013 T\u00e4nk teater!<br \/>\n\u2013 Kommer du ih\u00e5g utomhusbion? Jag s\u00e5g Casablanca h\u00e4r, kontrar \u00c5sa Forsberg.<\/p>\n<p>Christina Brus\u00e9n pekar p\u00e5 radhusen p\u00e5 Tuppenomr\u00e5det p\u00e5 andra sidan och p\u00e5pekar hur viktigt det var med terrasseringen n\u00e4r de byggdes f\u00f6r n\u00e5gra decennier sedan f\u00f6r att mjuka upp anslutningen mot Str\u00f6mmen och vyn. Motsvarande h\u00e4nsyn b\u00f6r tas till de praktfulla byggnaderna i kvarteret fr\u00e5n tidigt 1900-tal som \u00e4r bland de sista p\u00e5 Gamla R\u00e5dstugugatan med tillg\u00e5ng till ljus och luft.<\/p>\n<p><strong>Str\u00f6mparken skapades p\u00e5 1920-talet vet Christina Brus\u00e9n. <\/strong>Den gr\u00f6nskande parken ligger p\u00e5 schaktmassor fr\u00e5n utbyggnaden av Holmens Bruks kraftstation vid Bergsbron som stod klar 1923. Arkitekten Ivar Tengbom ritade parken som karakt\u00e4riserade av vatten och gr\u00f6nska.<\/p>\n<p>\u2013 Dessf\u00f6rinnan l\u00e5g ett kallbadhus vid Refvens grund, ber\u00e4ttar Christina Brus\u00e9n.<\/p>\n<p>Kallbadhuset, som allts\u00e5 byggdes ute i vattnet 1868 f\u00f6ljdes upp av ett varmbadhus 1892. N\u00e4r det i sin tur fick en simhall som tillbyggnad 1915 revs kallbadhuset.<\/p>\n<p>Varmbadhuset med simhallen l\u00e5g i kvarteret G\u00e5sen, d\u00e4r nu hyreshuset G\u00e5sen st\u00e5r sedan 2007. P\u00e5 den plats d\u00e4r det nu planerade sex- eller sjuv\u00e5ningshuset \u00e4r t\u00e4nkt att byggas har det delvis funnits bebyggelse, Magnussons konditori, en fastighet i tv\u00e5 v\u00e5ningar, vilket st\u00e5r att l\u00e4sa om i NT-journalisten Lasse S\u00f6dergrens bok <em>Stolta stad \u2013 Mellan Promenaderna<\/em> fr\u00e5n 2001.<\/p>\n<p>\u00c4nnu l\u00e4ngre tillbaka i tiden l\u00e5g omr\u00e5det direkt i eller mot Str\u00f6mmen. P\u00e5 1600-talet gjordes de f\u00f6rsta utfyllnaderna. De \u00e4ldsta konstruktionerna som arkeologerna, som unders\u00f6kt omr\u00e5det, funnit \u00e4r kullerstensbesatta gr\u00e4nder ner mot vattnet samt rester av ett m\u00f6jligt plank fr\u00e5n mitten av 1700-talet. Alla sp\u00e5r av de hus som m\u00e5ste ha legat vid gr\u00e4nderna under 1600- och 1700-talen var bortsopade av 1800- och 1900-talens byggen och ledningsschakt.<\/p>\n<p><strong>P\u00e5 bryggan som sticker ut i vattnet st\u00e5r fiskeentusiasterna med sp\u00f6 och h\u00e5var. <\/strong>Bryggan f\u00e5r nog vara kvar, men Cityfiskes enkla byggnad som nu servar med b\u00e5de fiskekort och fika rivs.<\/p>\n<p>\u2013 Det \u00e4r f\u00f6rslag att Cityfiske ska flyttas l\u00e4ngre bort, till ett skuggigare l\u00e4ge. De som fiskar h\u00e4r tycker inte heller om planerna. Det \u00e4r synd f\u00f6r de h\u00e5ller ordning och reda p\u00e5 omr\u00e5det och h\u00e5ller det befolkat, s\u00e4ger \u00e4nnu en privatperson som belagts med yttrandef\u00f6rbud av sin ledning.<\/p>\n<p><strong>P\u00e5 Hyresbost\u00e4ders hemsida finns en kort beskrivning av projektet. <\/strong>Den som vill bo i ett hyreshus vars &#8221;arkitektur, utf\u00f6rande och standard kommer att vara av h\u00f6gsta klass&#8221;, och med &#8221;kanske Norrk\u00f6pings mest attraktiva l\u00e4ge&#8221; b\u00f6r anm\u00e4la sitt intresse till Botorget.<\/p>\n<p>Den kvartersstora byggnaden med tv\u00e5 stadiga huskroppar kommer endast att rymma 35 l\u00e4genheter, vilket inneb\u00e4r att l\u00e4genheterna kan antas vara rej\u00e4lt tilltagna. P\u00e5 toppen av sexv\u00e5ningshuset skissas p\u00e5 ytterligare takv\u00e5ningar, rej\u00e4lt indragna fr\u00e5n ytterkanten, ungef\u00e4r som tv\u00e5 villor med tomt. I markplanet planeras f\u00f6r restaurang\/caf\u00e9.<\/p>\n<p><strong>Fr\u00e5gan om bygget m\u00e5ste passera l\u00e4nsstyrelsen som m\u00e5ste godk\u00e4nna den dispens fr\u00e5n strandskyddet som Norrk\u00f6pings kommun beviljar Hyresbost\u00e4der och d\u00e4rmed sig sj\u00e4lv.<\/strong> Christina Brus\u00e9n \u00e4r visserligen luttrad men fortfarande stridbar.<br \/>\n\u2013 N\u00e4sta \u00e4r H\u00f6rsalsparken. Vartenda tr\u00e4d ska bort och ers\u00e4ttas av kn\u00e4h\u00f6ga buskar i r\u00e4ta led, fr\u00e4ser hon.<\/p>\n<p><em>Text: Ann-Charlotte Sandelin<br \/>\nFoto: Jin Demulan<\/em><\/p>\n<p>&nbsp;<\/p>\n<p>L\u00c4NKAR<br \/>\nArkeologisk f\u00f6runders\u00f6kning nr 2011\/2458 Kv Torget 2011 \u00e5r <a title=\"lista\" href=\"http:\/\/www.arkeologikonsult.se\/rapporter\/cat_view\/61-rapporter\/98-2011\/100-foerundersoekningar-2011.html\" target=\"_blank\">lista<\/a> Arkeologikonsult 2011<br \/>\nHyresbost\u00e4der <a title=\"Presentation\" href=\"http:\/\/www.hyresbostader.se\/CM\/Templates\/Article\/general.aspx?cmguid=ca9d31b9-35dc-4ee6-8772-7926d257739c\" target=\"_blank\">presentation<\/a> 4\/4 2012<br \/>\nKallbadhus med anor <a title=\"Stolta stad\" href=\"http:\/\/www.nt.se\/img\/2008\/9\/17\/4212465.pdf\" target=\"_blank\">Stolta stad<\/a> Norrk\u00f6pings Tidningar 20\/10 2001<br \/>\nNaturskyddsf\u00f6reningen <a title=\"Naturskyddsf\u00f6reningen\" href=\"http:\/\/www.naturskyddsforeningen.se\/Regional%20Office%20Files\/Kretsar%20och%20l\u00e4nsf\u00f6rbund\/\u00d6sterg\u00f6tland\/Norrk\u00f6ping\/Skrivelser\/2011\/snf317%20Torget%205.pdf\" target=\"_blank\">remissyttrande <\/a>Naturskyddsf\u00f6reningen 2011<br \/>\nNorrk\u00f6ping har bostadsbrist Mattias Stenberg och M\u00e5rten Arnberg <a title=\"Ins\u00e4ndare\" href=\"http:\/\/www.mp.se\/templates\/mct_177.aspx?number=256142\" target=\"_blank\">ins\u00e4ndare<\/a> Milj\u00f6partiet 2012<br \/>\nR\u00e4dda Str\u00f6mparken <a title=\"Facebook\" href=\"https:\/\/www.facebook.com\/raddastromparken\" target=\"_blank\">Facebook<\/a><br \/>\nStadsplaneringsn\u00e4mnden <a title=\"lista\" href=\"http:\/\/pub2.norrkoping.se\/TroInt\/TroInt\/detail_namndstyrelse.asp?namnd=SPN&amp;PrmUppdrag=ordinarie&amp;FullDetail=OFF\" target=\"_blank\">lista \u00f6ver ordinarie ledam\u00f6ter<\/a> Norrk\u00f6pings kommun<br \/>\nDemonstrera i och f\u00f6r Str\u00f6mparken <a title=\"Demonstrera i och f\u00f6r Str\u00f6mparken\" href=\"https:\/\/www.kultursidan.nu\/?p=6405\" target=\"_blank\">artikel<\/a> Kultursidan.nu 3\/6 2012<br \/>\nProtestera mot planerna p\u00e5 husbygge i Str\u00f6mparken! <a href=\"https:\/\/www.kultursidan.nu\/?p=6041\">artikel<\/a> Kultursidan.nu 10 maj 2012<\/p>\n<p>FLER BILDER FR\u00c5N DEMONSTRATIONEN \u2013 KLICKA<\/p>\n<p>[flickr-gallery mode=&#8221;photoset&#8221; photoset=&#8221;72157630073205396&#8243;]<\/p>\n<p>&nbsp;<\/p>\n","protected":false},"excerpt":{"rendered":"<p>NORRK\u00d6PING I sista minuten. Mellan hundra och tv\u00e5hundra personer demonstrerade mot planerna p\u00e5 husbygge. Uppr\u00f6rdheten var stor och argumenten m\u00e5nga. Flertalet av politikerna p\u00e5 plats framh\u00f6ll att de enbart var n\u00e4rvarande som privatpersoner.<br \/>\n <a class=\"continue-reading-link\" href=\"https:\/\/www.kultursidan.nu\/?p=6522\">L\u00e4s mer <span class=\"meta-nav\">&rarr; <\/span><\/a><\/p>\n","protected":false},"author":1001006,"featured_media":0,"comment_status":"closed","ping_status":"open","sticky":false,"template":"","format":"standard","meta":{"_jetpack_memberships_contains_paid_content":false,"footnotes":""},"categories":[48],"tags":[15],"class_list":["post-6522","post","type-post","status-publish","format-standard","hentry","category-kulturdebatt-nu","tag-debatt"],"jetpack_featured_media_url":"","jetpack_sharing_enabled":true,"_links":{"self":[{"href":"https:\/\/www.kultursidan.nu\/index.php?rest_route=\/wp\/v2\/posts\/6522","targetHints":{"allow":["GET"]}}],"collection":[{"href":"https:\/\/www.kultursidan.nu\/index.php?rest_route=\/wp\/v2\/posts"}],"about":[{"href":"https:\/\/www.kultursidan.nu\/index.php?rest_route=\/wp\/v2\/types\/post"}],"author":[{"embeddable":true,"href":"https:\/\/www.kultursidan.nu\/index.php?rest_route=\/wp\/v2\/users\/1001006"}],"replies":[{"embeddable":true,"href":"https:\/\/www.kultursidan.nu\/index.php?rest_route=%2Fwp%2Fv2%2Fcomments&post=6522"}],"version-history":[{"count":0,"href":"https:\/\/www.kultursidan.nu\/index.php?rest_route=\/wp\/v2\/posts\/6522\/revisions"}],"wp:attachment":[{"href":"https:\/\/www.kultursidan.nu\/index.php?rest_route=%2Fwp%2Fv2%2Fmedia&parent=6522"}],"wp:term":[{"taxonomy":"category","embeddable":true,"href":"https:\/\/www.kultursidan.nu\/index.php?rest_route=%2Fwp%2Fv2%2Fcategories&post=6522"},{"taxonomy":"post_tag","embeddable":true,"href":"https:\/\/www.kultursidan.nu\/index.php?rest_route=%2Fwp%2Fv2%2Ftags&post=6522"}],"curies":[{"name":"wp","href":"https:\/\/api.w.org\/{rel}","templated":true}]}}