{"id":6574,"date":"2012-06-11T11:17:06","date_gmt":"2012-06-11T10:17:06","guid":{"rendered":"https:\/\/intelligent-friend-7861.standoutwp.com\/?p=6574"},"modified":"2016-06-07T07:05:54","modified_gmt":"2016-06-07T06:05:54","slug":"marina-turmo-visar-egna-kartor-pa-stadsmuseet-reportage","status":"publish","type":"post","link":"https:\/\/www.kultursidan.nu\/?p=6574","title":{"rendered":"Marina Turmo visar egna kartor p\u00e5 Stadsmuseet (reportage)"},"content":{"rendered":"<p><a title=\"Marina Turmos kartor startar d\u00e4r hon s\u00e4tter sina f\u00f6tter\" href=\"https:\/\/www.flickr.com\/photos\/kultursidan\/7361013816\/in\/album-72157630101812874\/\"><img loading=\"lazy\" decoding=\"async\" src=\"https:\/\/c1.staticflickr.com\/8\/7213\/7361013816_8311222f16.jpg\" alt=\"Marina Turmos kartor startar d\u00e4r hon s\u00e4tter sina f\u00f6tter\" width=\"500\" height=\"333\" \/><\/a><br \/>\n<em>Kartl\u00e4ggning fot f\u00f6r fot. Marina Turmo ritar &#8221;kartor&#8221; med utg\u00e5ngspunkt fr\u00e5n sina egna erfarenheter i livet. <\/em><\/p>\n<p>&nbsp;<\/p>\n<h1><span style=\"color: #ff0000;\">Var vi \u00e4r och vilka vi \u00e4r<\/span><\/h1>\n<p>&nbsp;<\/p>\n<p><strong>Marina Turmo, student fr\u00e5n Spanien, har under \u00e5ret studerat vid institutionen f\u00f6r Kultur, samh\u00e4lle, mediegestaltning vid Link\u00f6pings universitet.<\/strong> Nu visar hon sitt projekt <em>Den fantastiska resan<\/em> p\u00e5 KSM-labbet p\u00e5 Stadsmuseet fram till 18 juni.<\/p>\n<p>Den unga konstn\u00e4ren har \u00e4rvt sin pappas stora intresse f\u00f6r kartor. Han samlar p\u00e5 kartor, hon tillverkar sina egna.Utst\u00e4llningen best\u00e5r av teckningar, kollage och filmer, som blir hennes form av mycket personliga &#8221;kartor&#8221;.<\/p>\n<p>Marina Turmo kom till Sverige i augusti och \u00e5ker snart tillbaka hem till Spanien. Hon har allts\u00e5 bott i Sverige\u00a0n\u00e4stan ett \u00e5r och i utst\u00e4llningen visar hon bokstavligen hur hon har \u201dg\u00e5tt\u201d genom fyra trevliga svenska \u00e5rstider, som f\u00f6r henne var n\u00e5got nytt j\u00e4mf\u00f6rt med motsvarande spanska \u00e5rstider. Hennes f\u00f6tter, avtecknade och filmade, finns med p\u00e5 flera st\u00e4llen.<\/p>\n<p><strong>I utst\u00e4llningen visar hon hur hon sk\u00f6rdat frukten av sina erfarenheter fr\u00e5n \u00e5ret som g\u00e5tt.<\/strong> Teckningarna visar detaljer, som f\u00e5glar, ansikten, kaffemuggar. I filmerna, s\u00e4rskilt <em>Maps<\/em> \u2013 kartor \u2013 ber\u00e4ttar hon med handh\u00e5llen enkel kamera om utg\u00e5ngspunkten hemma hos familjen, de resor hon g\u00f6r och m\u00f6ten med de nya v\u00e4nnerna i Sverige. Under sina resor, f\u00f6rvandlar hon varje steg till en punkt p\u00e5 sin personliga karta. Jag tror att hon ocks\u00e5 vill s\u00e4ga: Universum \u00e4r v\u00e5rt eget att ta hand om.<\/p>\n<p>\u2013 Vill du bli konstn\u00e4r i framtiden, fr\u00e5gade Stadsmuseets intendent Bonnie Festin vid torsdagens vernissage.<\/p>\n<p>\u2013 Jag\u00a0vet inte om jag vill bli konstn\u00e4r eller inte. Jag vill teckna vad jag tycker om och gillar att kombinera tv\u00e5 olika saker eller bilder, s\u00e5 att det blir en helt ny bild.<\/p>\n<p>Marina Turmo \u00e4r medlem i gr\u00e4ns\u00f6verskridande konst- och konstn\u00e4rsverket Forum Vision, som \u00e4r med och arrangerar <em>Den fantastiska resan<\/em> p\u00e5 Stadsmuseet.<\/p>\n<p><em>Text: Jin Demulan och Ann-Charlotte Sandelin<br \/>\nFoto: Jin Demulan<\/em><\/p>\n<p>&nbsp;<\/p>\n<ul>\n<li>\n<h3>KSM-LABBET Stadsmuseet, Norrk\u00f6ping<\/h3>\n<\/li>\n<li><em>7 \u2013 18 juni 2012<\/em><br \/>\n<strong>Den fantastiska resan<\/strong><br \/>\nMarina Turmo<\/li>\n<\/ul>\n<p>&nbsp;<\/p>\n<p>L\u00c4NKAR<br \/>\nKSM <a title=\"KSM vid Link\u00f6pings universitet\" href=\"http:\/\/www.liu.se\/utbildning\/program\/ksm?l=sv\" target=\"_blank\">hemsida <\/a><br \/>\nStadsmuseet <a title=\"Norrk\u00f6pings stadsmuseum\" href=\"http:\/\/www.norrkoping.se\/kultur-fritid\/museer\/stadsmuseum\/\" target=\"_blank\">hemsida<\/a><br \/>\nVision forum <a title=\"Vision forum\" href=\"http:\/\/visionforum2011.blogspot.se\/\" target=\"_blank\">hemsida <\/a><\/p>\n<p>BILDSPEL (FLASH) \u2013 KLICKA P\u00c5 BILDEN <em><br \/>\nALT\/MOBIL: SE BILDSPELET <a title=\"Bildspel\" href=\"https:\/\/www.flickr.com\/photos\/kultursidan\/sets\/72157630101812874\/show\/\" target=\"_blank\">H\u00c4R<\/a><\/em><br \/>\n<object width=\"400\" height=\"300\"><param name=\"flashvars\" value=\"offsite=true&amp;lang=en-us&amp;page_show_url=%2Fphotos%2Fkultursidan%2Fsets%2F72157630101812874%2Fshow%2F&amp;page_show_back_url=%2Fphotos%2Fkultursidan%2Fsets%2F72157630101812874%2F&amp;set_id=72157630101812874&amp;jump_to=\" \/><param name=\"movie\" value=\"https:\/\/www.flickr.com\/apps\/slideshow\/show.swf?v=1811922554\" \/><param name=\"allowFullScreen\" value=\"true\" \/><\/object><\/p>\n","protected":false},"excerpt":{"rendered":"<p>NORRK\u00d6PING  Var befinner vi oss i tillvaron? Vilka \u00e4r vi? P\u00e5 KSM-labbet visas just nu Den fantatiska resan, en utst\u00e4llning d\u00e4r en ung student och konstn\u00e4r fr\u00e5n Spanien kartl\u00e4gger en \u00e5rsl\u00e5ng resa.<br \/>\n <a class=\"continue-reading-link\" href=\"https:\/\/www.kultursidan.nu\/?p=6574\">L\u00e4s mer <span class=\"meta-nav\">&rarr; <\/span><\/a><\/p>\n","protected":false},"author":1001006,"featured_media":0,"comment_status":"closed","ping_status":"open","sticky":false,"template":"","format":"standard","meta":{"_jetpack_memberships_contains_paid_content":false,"footnotes":""},"categories":[7],"tags":[14],"class_list":["post-6574","post","type-post","status-publish","format-standard","hentry","category-norrkoping","tag-konst"],"jetpack_featured_media_url":"","jetpack_sharing_enabled":true,"_links":{"self":[{"href":"https:\/\/www.kultursidan.nu\/index.php?rest_route=\/wp\/v2\/posts\/6574","targetHints":{"allow":["GET"]}}],"collection":[{"href":"https:\/\/www.kultursidan.nu\/index.php?rest_route=\/wp\/v2\/posts"}],"about":[{"href":"https:\/\/www.kultursidan.nu\/index.php?rest_route=\/wp\/v2\/types\/post"}],"author":[{"embeddable":true,"href":"https:\/\/www.kultursidan.nu\/index.php?rest_route=\/wp\/v2\/users\/1001006"}],"replies":[{"embeddable":true,"href":"https:\/\/www.kultursidan.nu\/index.php?rest_route=%2Fwp%2Fv2%2Fcomments&post=6574"}],"version-history":[{"count":0,"href":"https:\/\/www.kultursidan.nu\/index.php?rest_route=\/wp\/v2\/posts\/6574\/revisions"}],"wp:attachment":[{"href":"https:\/\/www.kultursidan.nu\/index.php?rest_route=%2Fwp%2Fv2%2Fmedia&parent=6574"}],"wp:term":[{"taxonomy":"category","embeddable":true,"href":"https:\/\/www.kultursidan.nu\/index.php?rest_route=%2Fwp%2Fv2%2Fcategories&post=6574"},{"taxonomy":"post_tag","embeddable":true,"href":"https:\/\/www.kultursidan.nu\/index.php?rest_route=%2Fwp%2Fv2%2Ftags&post=6574"}],"curies":[{"name":"wp","href":"https:\/\/api.w.org\/{rel}","templated":true}]}}