{"id":6631,"date":"2012-06-13T19:34:25","date_gmt":"2012-06-13T18:34:25","guid":{"rendered":"https:\/\/intelligent-friend-7861.standoutwp.com\/?p=6631"},"modified":"2012-06-21T07:44:16","modified_gmt":"2012-06-21T06:44:16","slug":"arbetets-museum-prisar-tre-dokumentarfotografer-reportage","status":"publish","type":"post","link":"https:\/\/www.kultursidan.nu\/?p=6631","title":{"rendered":"Arbetets museum prisar tre dokument\u00e4rfotografer (reportage)"},"content":{"rendered":"<p>[flickr]http:\/\/www.flickr.com\/photos\/kultursidan\/7183930241\/[\/flickr]<\/p>\n<p><em>Malm\u00f6 v\u00e4xer och f\u00f6r\u00e4ndras. De unga pr\u00e4glar och pr\u00e4glas av sin hembygd<br \/>\ni Jerker Anderssons nya projekt. <\/em><\/p>\n<p>&nbsp;<\/p>\n<h1><span style=\"color: #ff0000;\">Svenska ber\u00e4ttelser fr\u00e5n norr till s\u00f6der, och bortom gr\u00e4nsen<\/span><\/h1>\n<p>&nbsp;<\/p>\n<p><strong>En glad Jerker Andersson <\/strong><strong>skickar \u00f6ver tv\u00e5 bilder han valt ut till nya projektet <em>Hembygd \u2013 n\u00e5gonstans i Sverige<\/em> som han genomf\u00f6r i<em> <\/em>samarbete med Arbetets museum, vars Dokument\u00e4rfotopris han \u00e4r en av tre mottagare till.<\/strong><\/p>\n<p>\u2013 Jag g\u00f6r projektet tillsammans med Annika Carlsson Bergdahl, kommer du till vernissagen 19 januari n\u00e4sta \u00e5r? Sedan ska den ut som vandringsutst\u00e4llning runt om i landet.<\/p>\n<p>F\u00f6rmodligen dimper vandringsutst\u00e4llningen ner lite h\u00e4r och var, fr\u00e5n Ume\u00e5 i norr till Malm\u00f6 i s\u00f6der. Det \u00e4r n\u00e4mligen d\u00e4r han tagit bilderna. De handlar om hembygden, de ungas hembygd. Han har f\u00e5ngat ett g\u00e4ng killar mitt i en skateboardpark. De runda betongformerna \u00e4r breda och mjuka mot de tunna byggkranar i st\u00e5l som reser fyrkantiga hus p\u00e5 lersl\u00e4tten. Malm\u00f6 v\u00e4xer.<\/p>\n<p>Ume\u00e5 kallas bj\u00f6rkarnas stad och kanske det \u00e4r f\u00f6r bj\u00f6rken men s\u00e4kert fr\u00e4mst f\u00f6r den breda \u00e4lven som lugnt flyter f\u00f6rbi bakom dem som ungdomarna p\u00e5 bilden valt den platsen n\u00e4r Jerker skulle fotografera dem.<\/p>\n<p><strong>F\u00f6r tolfte \u00e5ret i rad delar Arbetets museum ut dokument\u00e4rfotopris till fotografer som \u00e4r nyskapande, opinionsbildande, socialt engagerade eller inspirerande.<\/strong> \u00c5rets tre pristagare heter Lina Haskel, \u00c5ke Ericson och Jerker Andersson och prissumman \u00e4r 20 000 kronor vardera.<\/p>\n<p><strong>Juryn hyllar Lina Haskel <\/strong>som i projektet <em>Folkets Hus \u2013 Space in Common<\/em> lyft fram ett stycke arbetarkultur.<\/p>\n<p style=\"padding-left: 30px;\"><em>Hon m\u00e5lar i ljus p\u00e5 en historisk klangbotten, d\u00e4r bildernas inneh\u00e5ll inte bara blir ett utsnitt ur dagens verklighet. Varje bild spr\u00e4nger de givna ramarna och blir till fantasieggande ber\u00e4ttelser som triggar minnet av det som en g\u00e5ng varit. Nostalgi och nutid f\u00f6renad i en formm\u00e4ssig sk\u00f6nhet och fotografisk briljans. \u2028\u2028<\/em><\/p>\n<p><strong>\u00c5ke Ericson har under flera \u00e5r \u00e5terkommit till Kosovo.<\/strong> I boken <em>Kosovo in Progress <\/em>skildrar han<strong> <\/strong>hur det krigsh\u00e4rjade landet lyfts mot en ny framtid. I sin ber\u00e4ttelse om den svenske Afghanistanveteranen Peter H\u00fcbinette visar han ocks\u00e5 upp ett stycke svensk verklighet m\u00e5nga blundar f\u00f6r.<\/p>\n<p style=\"padding-left: 30px;\"><em>\u00c5ke Ericson visar p\u00e5 ett stort socialt engagemang med bilder som utstr\u00e5lar n\u00e4rhet, respekt och delaktighet och d\u00e4r den fotografiska helheten blir till stor bildjournalistik<\/em>.<\/p>\n<p><strong>Jerker Andersson f\u00e5r priset, skriver juryn,<\/strong> <em>f\u00f6r sitt konsekventa, kreativa och hoppfullt envetna arbete med att l\u00e5ta dagens unga f\u00e5 ta plats i det offentliga rummet.<\/em> I en rad projekt har han st\u00e4llt<em> sin kamera i demokratins och det unga Sveriges tj\u00e4nst, d\u00e4r hans egen nyfikenhet och framtidstro l\u00f6per parallellt med de ungdomar han ger r\u00f6st \u00e5t.<\/em><\/p>\n<p><strong>Juryn best\u00e5r av Niklas Cserhalmi, chef f\u00f6r Arbetets museum,<\/strong> Michael Hagstr\u00f6m,\u00a0chef f\u00f6r Kooperativa f\u00f6rbundets bibliotek, B\u00f6rje S\u00f6derstr\u00f6m, med ett l\u00e5ngt f\u00f6rflutet inom LO, Lennart Frykskog,\u00a0redaktionschef f\u00f6r TCO-tidningen, G\u00f6ran Widerberg,\u00a0reporter vid Dagens Arbete, och Annelie Egelin T\u00e4rning, Arbetets museum. LO, TCO och KF bidrar med prissummorna. Priset delas ut i h\u00f6st, den 14 november.<\/p>\n<p><em>Text: Ann-Charlotte Sandelin<br \/>\nFoto:<\/em> <em>Jerker Andersson, Lina Haskel, \u00c5ke Ericson, Anna Welin, Johanna Norin och Peter Kjeller\u00e5s<\/em><\/p>\n<p>&nbsp;<\/p>\n<ul>\n<li>\n<h3>ARBETETS MUSEUM Norrk\u00f6ping<\/h3>\n<\/li>\n<li><strong>Dokument\u00e4rfotopris 2012<\/strong><br \/>\nLina Haskel, \u00c5ke Ericson och Jerker Andersson<\/li>\n<\/ul>\n<p>&nbsp;<\/p>\n<p>L\u00c4NKAR<br \/>\nArbetets museum hemsida<br \/>\nLina Haskel hemsida http:\/\/www.linaphoto.com\/<br \/>\n\u00c5ke Ericson hemsida http:\/\/www.akeericson.com\/<br \/>\nJerker Andersson hemsida http:\/\/www.jerker.se\/<br \/>\nN\u00e5gonstans i Sverige hemsida http:\/\/www.nagonstansisverige.se\/<\/p>\n<p>FLER BILDER P\u00c5 PRISTAGARNA OCH DERAS BILDER \u2013 KLICKA<\/p>\n<p>[flickr-gallery mode=&#8221;photoset&#8221; photoset=&#8221;72157630058227015&#8243;]<\/p>\n<p>&nbsp;<\/p>\n","protected":false},"excerpt":{"rendered":"<p>NORRK\u00d6PING Svenska ber\u00e4ttelser fr\u00e5n norr till s\u00f6der, ja l\u00e5ngt bortom landets gr\u00e4nser str\u00e4cker de sig. Jerker Andersson unders\u00f6ker de ungas hembygd, som h\u00e4r i Malm\u00f6. Lina Haskel esteticerar folkr\u00f6relsens hus medan \u00c5ke Ericsson f\u00e5ngar sina bilder l\u00e4ngre bort. <\/p>\n<p> <a class=\"continue-reading-link\" href=\"https:\/\/www.kultursidan.nu\/?p=6631\">L\u00e4s mer <span class=\"meta-nav\">&rarr; <\/span><\/a><\/p>\n","protected":false},"author":1001006,"featured_media":0,"comment_status":"open","ping_status":"open","sticky":false,"template":"","format":"standard","meta":{"_jetpack_memberships_contains_paid_content":false,"footnotes":""},"categories":[7],"tags":[17],"class_list":["post-6631","post","type-post","status-publish","format-standard","hentry","category-norrkoping","tag-foto"],"jetpack_featured_media_url":"","jetpack_sharing_enabled":true,"_links":{"self":[{"href":"https:\/\/www.kultursidan.nu\/index.php?rest_route=\/wp\/v2\/posts\/6631","targetHints":{"allow":["GET"]}}],"collection":[{"href":"https:\/\/www.kultursidan.nu\/index.php?rest_route=\/wp\/v2\/posts"}],"about":[{"href":"https:\/\/www.kultursidan.nu\/index.php?rest_route=\/wp\/v2\/types\/post"}],"author":[{"embeddable":true,"href":"https:\/\/www.kultursidan.nu\/index.php?rest_route=\/wp\/v2\/users\/1001006"}],"replies":[{"embeddable":true,"href":"https:\/\/www.kultursidan.nu\/index.php?rest_route=%2Fwp%2Fv2%2Fcomments&post=6631"}],"version-history":[{"count":0,"href":"https:\/\/www.kultursidan.nu\/index.php?rest_route=\/wp\/v2\/posts\/6631\/revisions"}],"wp:attachment":[{"href":"https:\/\/www.kultursidan.nu\/index.php?rest_route=%2Fwp%2Fv2%2Fmedia&parent=6631"}],"wp:term":[{"taxonomy":"category","embeddable":true,"href":"https:\/\/www.kultursidan.nu\/index.php?rest_route=%2Fwp%2Fv2%2Fcategories&post=6631"},{"taxonomy":"post_tag","embeddable":true,"href":"https:\/\/www.kultursidan.nu\/index.php?rest_route=%2Fwp%2Fv2%2Ftags&post=6631"}],"curies":[{"name":"wp","href":"https:\/\/api.w.org\/{rel}","templated":true}]}}