{"id":6648,"date":"2012-06-14T16:15:50","date_gmt":"2012-06-14T15:15:50","guid":{"rendered":"https:\/\/intelligent-friend-7861.standoutwp.com\/?p=6648"},"modified":"2018-04-04T17:41:32","modified_gmt":"2018-04-04T16:41:32","slug":"1900-talets-huvudlinjer-moter-varandra-pa-konstmuseet-reportage","status":"publish","type":"post","link":"https:\/\/www.kultursidan.nu\/?p=6648","title":{"rendered":"1900-talets huvudlinjer m\u00f6ter varandra p\u00e5 Konstmuseet"},"content":{"rendered":"<p><a title=\"Lars-Ove \u00d6stensson och Anders Lundgren\" href=\"https:\/\/www.flickr.com\/photos\/kultursidan\/7186650461\/in\/album-72157630064730697\/\"><img loading=\"lazy\" decoding=\"async\" src=\"https:\/\/farm8.staticflickr.com\/7228\/7186650461_d7581fd2ce.jpg\" alt=\"Lars-Ove \u00d6stensson och Anders Lundgren\" width=\"500\" height=\"325\" \/><\/a><br \/>\n<em>Lars-Ove \u00d6stensson tillsammans med radioprofilen Anders Lundgren, som kommer att invigningssamtala vid l\u00f6rdagens vernissage. I bakgrunden Cecilia Edefalks En annan r\u00f6relse som blivit en ikon f\u00f6r postmodernismen.<br \/>\n<\/em><\/p>\n<p>&nbsp;<\/p>\n<h1><span style=\"color: #ff0000;\">Tjuvstart m\u00f6nstrar 1900-talets kontraster<\/span><\/h1>\n<p>&nbsp;<\/p>\n<p><strong>N\u00e4sta \u00e5r firar Norrk\u00f6pings konstmuseum sitt hundra\u00e5rsjubileum men tjuvstartar med den stora utst\u00e4llningen <em>F\u00f6rnuft &amp; K\u00e4nsla<\/em>.<\/strong> Det \u00e4r en manifestation av s\u00e5v\u00e4l den svenska konsthistorien men ocks\u00e5 av Norrk\u00f6pings konstmuseums kontinuerliga och fortg\u00e5ende samlande mitt i samtiden.<\/p>\n<p>Utst\u00e4llningskommissarien Lars-Ove \u00d6stensson citerar museets f\u00f6rste chef Aron Borelius: \u201dVi k\u00f6per inte p\u00e5 namnet utan p\u00e5 verket.\u201d Den k\u00e4nslan f\u00f6r kvalitet men ocks\u00e5 en framsynthet lyfter han fram hos senare museichefer, som Bo Sylvan, som v\u00e5gade k\u00f6pa verk av riktigt unga \u2013 och \u00e4ven lokala \u2013 konstn\u00e4rer. Det g\u00f6r att utst\u00e4llningen har varit ett mycket roligt arbete f\u00f6r de inblandade.<\/p>\n<p>\u2013 \u00c4ven om Norrk\u00f6pings konstmuseum \u00e4r litet s\u00e5 har vi har en v\u00e4ldigt fin konstsamling, s\u00e4ger Lars-Ove \u00d6stensson med eftertryck. Vi skulle ha kunnat g\u00f6ra en dubbelt s\u00e5 stor utst\u00e4llning med bibeh\u00e5llen kvalitet, det \u00e4r bara lokalerna som begr\u00e4nsar oss.<\/p>\n<p><strong>\u2013 Inf\u00f6r 100-\u00e5rsjubileet st\u00e4ller vi oss tv\u00e5 fr\u00e5gor: Vad \u00e4r ett museum? och Vad \u00e4r en samling?, inleder informationsansvariga intendenten Carin Fahl\u00e9n pressvisningen.<\/strong> Hon h\u00e5ller i programverksamheten omkring utst\u00e4llningen, som f\u00e5r en ovanligt l\u00e5ng visningsperiod, fr\u00e5n sommarens b\u00f6rjan fram till efter ny\u00e5r. Det kommer att bli visningar, samtal och debatter, s\u00e5 mycket vet hon i dag, men \u00e4n \u00e4r det fr\u00e5gor, personer och tider som m\u00e5ste falla p\u00e5 plats.<\/p>\n<p>Klart \u00e4r i alla fall att Agneta Lalander, tidigare chef f\u00f6r Strindbergsmuseet, kommer att dra i tr\u00e5den med August Strindberg och konsten. Han \u00e4r visserligen inte representerad sj\u00e4lv i utst\u00e4llningen men det finns fyra litografier med ett n\u00e4stan medeltida uttryck d\u00e4r Lena Cronqvist f\u00e5ngat det f\u00f6rg\u00e4ngliga livet i serien <em>Ett dr\u00f6mspel<\/em>, som ocks\u00e5 \u00e4r ett ofta spelat sk\u00e5despel av dramatikern.<\/p>\n<p><strong>Det \u00e4r allts\u00e5 ur samlingarna varje enskilt verk h\u00e4mtats.<\/strong> I varje litet rum i rummet ser man gamla bekanta som vanligen h\u00e4nger en trappa upp i konstmuseet. \u00c4n fler \u00e4r verk som inte exponeras lika ofta. Det \u00e4r v\u00e4l just m\u00f6tet och sammanhanget som \u00e4r museets uppgift. Genom f\u00f6rflyttningen f\u00e5r verken en ny lyster, rentav en ny betydelse.<\/p>\n<p>Titeln <em>F\u00f6rnuft &amp; K\u00e4nsla<\/em> har h\u00e4mtats fr\u00e5n Jane Austens ber\u00f6mda roman, skriven i gr\u00e4nslandet mellan 1700-talets upplysningstid \u2013 f\u00f6rnuftet \u2013 och 1800-talets fantasibetonade romantik \u2013 k\u00e4nslan. Systrarna Dashwood, romanens huvudkarakt\u00e4rer, kommer fram till att best\u00e5ende lycka och harmoni n\u00e5s genom f\u00f6rening av f\u00f6rnuft och k\u00e4nsla. Konstens motsvarigheter blir expressionism och postmodernism, 1900-talets tv\u00e5 starkaste, kontrasterande uttryck.<\/p>\n<p>\u2013 Vi, under en period, f\u00f6renar de b\u00e5da genom att l\u00e5ta dem m\u00f6tas h\u00e4r i utst\u00e4llningen, fr\u00e4mst i Galleri 5, s\u00e4ger Lars-Ove \u00d6stensson.<\/p>\n<p><strong>Utst\u00e4llningen tar avstamp i den tidiga svenska expressionismen i Galleri 3, d\u00e4r Isaac Gr\u00fcnewalds <em>Tjurf\u00e4ktning<\/em> fr\u00e5n 1917 har den tidigaste dateringen.<\/strong> Vera Nilssons n\u00e5gra \u00e5r yngre <em>Gata i M\u00e1laga I<\/em> lyser starkt bland verken fr\u00e5n f\u00f6rsta halvan av 1900-talet. De \u00e4r samtida men olika framh\u00e5ller \u00d6stensson, Matisseeleven Gr\u00fcnewald kontra tyskt influerade Nilsson.<\/p>\n<p>\u2013 Gemensamt f\u00f6r dem \u00e4r dock deras str\u00e4van att f\u00e5nga den innersta k\u00e4rnan av det de \u00e5terger. Sj\u00e4lva essensen av motivet.<\/p>\n<p>De texter som \u00e5tf\u00f6ljer utst\u00e4llningen lyfter fram hur den moderna expressionismen ideligen skiftar och r\u00f6r sig, Amelins och Erixons \u201dsvenska\u201d konst p\u00e5 1930-talet, f\u00f6ljt av 1950-talets nyexpressonism.<\/p>\n<p>\u2013 Det \u00e4r v\u00e4ldigt roligt att se Staffan Hallstr\u00f6ms <em>Ingens hundar<\/em> mot Felix Hatz <em>Fotogenlampa mot bl\u00e5 bakgrund<\/em>. Jag ser den i ett nytt konsthistoriskt ljus n\u00e4r den h\u00e4nger ihop med kollegorna, s\u00e4ger Lars-Ove \u00d6stensson och avsl\u00f6jar att Hatz verk \u00e4r hans personliga favorit.<\/p>\n<p>Den abstrakta, nonfigurativa expressionismen, med amerikanske konstn\u00e4ren Jackson Pollok som f\u00f6rebild, sl\u00e5r igenom i Sverige med bland andra Britt Lundbohm Reutersv\u00e4rd, som g\u00e4rna tar till asfalt, och Inger Ekdahl, som st\u00e4nker intensivt i sk\u00f6na <em>M\u00e5lning I<\/em>.<\/p>\n<p>\u2013 Det h\u00e4r \u00e4r slutpunken f\u00f6r expressionismen, s\u00e4ger Lars-Ove \u00d6stensson och visar Anette Abrahamssons <em>When we are together<\/em> fr\u00e5n 1984, d\u00e5 den Norrk\u00f6pingsf\u00f6dda konstn\u00e4ren \u00e4nnu var i b\u00f6rjan av sitt konstn\u00e4rskap.<\/p>\n<p><strong>Galleri 4 \u00e4gnas postmodernismen som har ett helt annat icke-personligt uttryckss\u00e4tt och som fick sitt genombrott under 1980-talet,<\/strong> \u00e4ven om \u00d6stensson p\u00e5minner om Marcel Duchamps readymades fr\u00e5n 1910. Postmodernistiska konstn\u00e4rer l\u00e4gger st\u00f6rre vikt vid tankar och teorier \u00e4n vid hantverksskicklighet och resultat.<\/p>\n<p>Med postmodernismen kommer en st\u00f6rre teknisk frihet, eller en frihet om vad som kan kallas konst. I utst\u00e4llningen hittar vi gruppkonstverket <em>VAVD Editions, The Aerial Kit<\/em> som best\u00e5r av samlat material om s\u00e5dant som h\u00e4nder i luften, g\u00e4rna med olyckliga slut: ett skidhopp i Holmenkollen som film och vinylskiva, artikel om ett flygf\u00f6rs\u00f6k fr\u00e5n ett kyrktorn 1830, en entrepren\u00f6r som \u00e4r tidigt ute med telefonreklam \u00e5r 1967.<\/p>\n<p>Marianne Lindberg De Geers <em>Jag t\u00e4nker p\u00e5 mig sj\u00e4lv<\/em> best\u00e5r av 350 reproduktioner \u2013 alla l\u00e4r inte vara upph\u00e4ngda \u2013 av lika m\u00e5nga konstverk och popul\u00e4rkulturella bilder. Ser man n\u00e4rmare efter \u00e4r det hennes eget ansikte, grovt tillyxat, i st\u00e4llet f\u00f6r <em>Mona Lisas<\/em> eller <em>Skriets<\/em> och s\u00e5 vidare. Uppt\u00e4ckten v\u00e4cker associationer, om konstverket som m\u00e4nsklighetens spegel men ocks\u00e5 om vem jag \u00e4r som betraktar v\u00e4rlden.<\/p>\n<p>\u2013 Det \u00e4r just upprepningen som g\u00f6r att det r\u00e4knas som postmodernt och inte expressionistiskt, f\u00f6rklarar Lars-Ove \u00d6stensson.<\/p>\n<p>Att se utst\u00e4llningen utan guidning g\u00e5r naturligtvis, men fr\u00e5gan \u00e4r vad Truls Melins gr\u00f6na <em>Sk\u00e4rm med dieseltank<\/em> ger, eller Martin Wickstr\u00f6ms identiska gula ankor i lampf\u00f6rsedda\u00a0 <em>Casualities<\/em>; det blir ju n\u00e5got helt annorlunda n\u00e4r Carin Fahl\u00e9n f\u00f6rmedlar att n\u00e4r en lampa sl\u00e4cks s\u00e5 har en m\u00e4nniska d\u00f6tt.<\/p>\n<p><strong>I Galleri 5 m\u00f6ts de starkaste uttrycken och st\u00f6rsta formaten, samtliga fr\u00e5n sent 1900-tal.<\/strong> Erland Cullbergs uttrycksfulla <em>Grinigt gr\u00e4s<\/em> st\u00e5r mot Leonard Forslunds postmoderna <em>Seans nr 8<\/em>.<\/p>\n<p>\u2013 Erland Cullberg och Lena Cronkvist bryr sig inte om budskap och teori utan \u00e4r bara fokuserade p\u00e5 sina egna jag, f\u00f6rklarar Lars-Ove \u00d6stensson och forts\u00e4tter:<\/p>\n<p>\u2013 Leonard Forslund \u00e4r en fullblodsteoretiker, som valt orden i sitt verk med t\u00e4rning och ur Svenska akademiens ordlista.<\/p>\n<p>H\u00e4r hittar vi ocks\u00e5 Ernst Billgrens <em>Hemf\u00e4rd<\/em>, om vilken konstn\u00e4ren har sagt att den \u00e4r helt utan inneb\u00f6rd, och Cecilia Edefalks <em>En annan r\u00f6relse,<\/em> som blivit en ikon f\u00f6r den postmoderna konsten. I Galleri 5 ryms \u00e4ven Meta Is\u00e6us Berlins installation fr\u00e5n 2001 <em>Vad minnet v\u00e4ljer<\/em>, fyra f\u00f6rsmalnade rum med f\u00f6rsmalnade m\u00f6bler, inklusive en ihopskuren Grindslanten.<\/p>\n<p>Medan utst\u00e4llningen i Gallerierna 3 och 4 stannar kvar \u00e5ret ut h\u00e4nger verken i Galleri 5 enbart \u00f6ver sommaren. Tanken \u00e4r att det ska h\u00e4nda mer \u2013 och oftare \u2013 i den stora luftiga konsthallen.<\/p>\n<p><strong>Hundra\u00e5rsfirandet kommer m\u00e4rkas p\u00e5 flera s\u00e4tt kommande \u00e5r, inte bara p\u00e5 Konstmuseet, lovar Carin Fahl\u00e9n.<\/strong> Genom att visa en privat konstsamling anspelar museet p\u00e5 sitt ursprung, donationen av en privat konstsamling.<\/p>\n<p>\u2013 Och s\u00e5 ska vi visa konst som inte samlats, \u00f6stg\u00f6tska kvinnliga konstn\u00e4rer.<\/p>\n<p><em>Text: Ann-Charlotte Sandelin<br \/>\nFoto: Jin Demulan <\/em><\/p>\n<ul>\n<li>\n<h3>KONSTMUSEUM Norrk\u00f6ping<\/h3>\n<\/li>\n<li><em>16 juni \u201316 september 2012 \u2013 6 januari 2013<br \/>\n<\/em><strong>F\u00f6rnuft &amp; K\u00e4nsla \u2013 svensk postmodernism och expressionism<br \/>\n<\/strong>Utst\u00e4llningskommissarie: Lars-Ove \u00d6stensson<br \/>\nAssisterande intendent: Kerstin Holmer<\/p>\n<ul>\n<li>VERNISSAGE 16 JUNI<br \/>\n<em>Kl 14<\/em><br \/>\nHelena Persson, museichef, h\u00e4lsar <strong>v\u00e4lkommen<br \/>\nSamtal<\/strong> mellan Lars-Ove \u00d6stensson, intendent, och Anders Lundgren, radioprofil<br \/>\n<em>Kl 15<\/em><br \/>\n<strong>Visning<\/strong> av utst\u00e4llningen<\/li>\n<\/ul>\n<\/li>\n<\/ul>\n<p>L\u00c4NKAR<br \/>\nNorrk\u00f6pings konstmuseum <a title=\"Konstmuseet\" href=\"http:\/\/www.norrkoping.se\/kultur-fritid\/museer\/konstmuseum\/\" target=\"_blank\" rel=\"noopener\">hemsida<\/a><\/p>\n<p>FLER BILDER FR\u00c5N UTST\u00c4LLNINGEN \u2013 KLICKA<\/p>\n<p><a data-flickr-embed='true' href='https:\/\/www.flickr.com\/photos\/kultursidan\/sets\/72157630064730697' title='F\u00f6rnuft &amp; K\u00e4nsla, Konstmuseet,2012 by Kultursidan, on Flickr'><img src='https:\/\/live.staticflickr.com\/7232\/7186653561_89f549039e_z.jpg' width='800' height='600' alt='Anette Abrahamsson \u2013When We Are Together'><\/a><script async src='https:\/\/embedr.flickr.com\/assets\/client-code.js' charset='utf-8'><\/script><\/p>\n<p>&nbsp;<\/p>\n","protected":false},"excerpt":{"rendered":"<p>NORRK\u00d6PING Norrk\u00f6pings konstmuseum tjuvstartar sitt hundra\u00e5rsjubileum med F\u00f6rnuft &#038; K\u00e4nsla. Det \u00e4r en manifestation av s\u00e5v\u00e4l den svenska konsthistorien som av Norrk\u00f6pings konstmuseums kontinuerliga och fortg\u00e5ende samlande mitt i samtiden.<br \/>\n <a class=\"continue-reading-link\" href=\"https:\/\/www.kultursidan.nu\/?p=6648\">L\u00e4s mer <span class=\"meta-nav\">&rarr; <\/span><\/a><\/p>\n","protected":false},"author":1001006,"featured_media":0,"comment_status":"closed","ping_status":"open","sticky":false,"template":"","format":"standard","meta":{"_jetpack_memberships_contains_paid_content":false,"footnotes":""},"categories":[7],"tags":[14],"class_list":["post-6648","post","type-post","status-publish","format-standard","hentry","category-norrkoping","tag-konst"],"jetpack_featured_media_url":"","jetpack_sharing_enabled":true,"_links":{"self":[{"href":"https:\/\/www.kultursidan.nu\/index.php?rest_route=\/wp\/v2\/posts\/6648","targetHints":{"allow":["GET"]}}],"collection":[{"href":"https:\/\/www.kultursidan.nu\/index.php?rest_route=\/wp\/v2\/posts"}],"about":[{"href":"https:\/\/www.kultursidan.nu\/index.php?rest_route=\/wp\/v2\/types\/post"}],"author":[{"embeddable":true,"href":"https:\/\/www.kultursidan.nu\/index.php?rest_route=\/wp\/v2\/users\/1001006"}],"replies":[{"embeddable":true,"href":"https:\/\/www.kultursidan.nu\/index.php?rest_route=%2Fwp%2Fv2%2Fcomments&post=6648"}],"version-history":[{"count":3,"href":"https:\/\/www.kultursidan.nu\/index.php?rest_route=\/wp\/v2\/posts\/6648\/revisions"}],"predecessor-version":[{"id":35735,"href":"https:\/\/www.kultursidan.nu\/index.php?rest_route=\/wp\/v2\/posts\/6648\/revisions\/35735"}],"wp:attachment":[{"href":"https:\/\/www.kultursidan.nu\/index.php?rest_route=%2Fwp%2Fv2%2Fmedia&parent=6648"}],"wp:term":[{"taxonomy":"category","embeddable":true,"href":"https:\/\/www.kultursidan.nu\/index.php?rest_route=%2Fwp%2Fv2%2Fcategories&post=6648"},{"taxonomy":"post_tag","embeddable":true,"href":"https:\/\/www.kultursidan.nu\/index.php?rest_route=%2Fwp%2Fv2%2Ftags&post=6648"}],"curies":[{"name":"wp","href":"https:\/\/api.w.org\/{rel}","templated":true}]}}