{"id":673,"date":"2010-11-26T19:26:19","date_gmt":"2010-11-26T17:26:19","guid":{"rendered":"https:\/\/intelligent-friend-7861.standoutwp.com\/?p=673"},"modified":"2020-10-19T17:32:30","modified_gmt":"2020-10-19T16:32:30","slug":"randi-fisher-i-helfigur-pa-norrkopings-konstmuseum","status":"publish","type":"post","link":"https:\/\/www.kultursidan.nu\/?p=673","title":{"rendered":"Randi Fisher i helfigur p\u00e5 Norrk\u00f6pings konstmuseum"},"content":{"rendered":"<p><iframe loading=\"lazy\" src=\"https:\/\/www.youtube.com\/embed\/6h0nWsd19MM\" width=\"560\" height=\"315\" frameborder=\"0\" allowfullscreen=\"allowfullscreen\"><\/iframe><br \/>\n<em>Randi Fischer p\u00e5 Konstmuseet. Film 3:13 min.<\/em><\/p>\n<p>&nbsp;<\/p>\n<h1><span style=\"color: #ff0000;\">F\u00f6rsta stora samlingsutst\u00e4llningen<\/span><\/h1>\n<p>&nbsp;<\/p>\n<p><strong>Hon vann t\u00e4vlingen<\/strong> om att f\u00f6rnya fyra glasf\u00f6nster i <a title=\"V\u00e4ster\u00e5s domkyrka\" href=\"http:\/\/sv.wikipedia.org\/wiki\/V\u00e4ster\u00e5s_domkyrka\" target=\"_blank\" rel=\"noopener noreferrer\">V\u00e4ster\u00e5s domkyrka<\/a>. Arbetet tog <a title=\"Randi Fisher\" href=\"http:\/\/sv.wikipedia.org\/wiki\/Randi_Fisher\" target=\"_blank\" rel=\"noopener noreferrer\">Randi Fisher<\/a> sex \u00e5r att genomf\u00f6ra under 1950-talet och ledde in p\u00e5 den &#8221;kyrkof\u00f6nsterv\u00e4g&#8221; hon i huvudsak f\u00f6ljde under sitt mogna konstn\u00e4rskap. Med domkyrkof\u00f6nstren anses hon vara den som inf\u00f6rde ett nonfigurativt glasm\u00e5leri i svensk kyrkokonst.<\/p>\n<p>Konstn\u00e4ren Randi Fisher var en av <a title=\"1947 \u00e5rs m\u00e4n\" href=\"http:\/\/sv.wikipedia.org\/wiki\/1947_\u00e5rs_m\u00e4n\" target=\"_blank\" rel=\"noopener noreferrer\">1947 \u00e5rs m\u00e4n<\/a>, ett begrepp som myntades av en konstkritiker som s\u00e5g samlingsutst\u00e4llningen <em>Ung konst 1947<\/em>, och med de orden utesl\u00f6t den enda kvinnan bland de elva konstn\u00e4rerna.<\/p>\n<p>&nbsp;<\/p>\n<p><img loading=\"lazy\" decoding=\"async\" class=\"alignnone\" src=\"https:\/\/live.staticflickr.com\/4087\/5209606048_032c11558c.jpg\" alt=\"Randi Fisher\" width=\"500\" height=\"333\" \/><br \/>\n<em>Konkretisten Randi Fischer.<br \/>\n<\/em><\/p>\n<p>&nbsp;<\/p>\n<p><strong>Denna konsthistoriska lapsus<\/strong> leker <a title=\"Norrk\u00f6pings konstmuseum\" href=\"http:\/\/www.norrkoping.se\/kultur-fritid\/museer\/konstmuseum\/\" target=\"_blank\" rel=\"noopener noreferrer\">Norrk\u00f6pings konstmuseum<\/a> med n\u00e4r man nu samlat verk fr\u00e5n alla h\u00e5ll och kanter, inte minst <a title=\"Skissernas museum\" href=\"http:\/\/www.adk.lu.se\/\" target=\"_blank\" rel=\"noopener noreferrer\">Skissernas museum<\/a>, f\u00f6r att visa henne i helfigur. F\u00f6r f\u00f6rsta g\u00e5ngen, understryker utst\u00e4llningskommissarie Mia Zeeck, f\u00f6r visst hade Randi Fisher en l\u00e5ng rad uppdrag och deltog i utst\u00e4llningar, men n\u00e5gon retrospektiv utst\u00e4llning blev det aldrig. Och det blev ganska s\u00e5 tyst efter hennes d\u00f6d 1997.<\/p>\n<p><strong>Men inte nu l\u00e4ngre. <\/strong>Utst\u00e4llningen visar m\u00e5lningar, bokomslag (bl.a. den mycket popul\u00e4ra f\u00f6rfattaren <a title=\"Ulla Isaksson\" href=\"http:\/\/www.albertbonniersforlag.se\/Forfattare\/Forfattarpresentation\/?personId=6250\" target=\"_blank\" rel=\"noopener noreferrer\">Ulla Isaksson<\/a>), teateraffischer (<a title=\"Ingmar Bergman\" href=\"http:\/\/www.ingmarbergman.se\/\" target=\"_blank\" rel=\"noopener noreferrer\">Ingmar Bergman<\/a>), till och med n\u00e5gra tidiga affischer f\u00f6r <a title=\"Greenpeace\" href=\"http:\/\/www.greenpeace.org\/sweden\/\" target=\"_blank\" rel=\"noopener noreferrer\">Greenpeace<\/a>. Roligt att se \u00e4r just den m\u00e5lning, av ett vitt arbetsbord, som\u00a0 Randi Fischer st\u00e4llde ut p\u00e5 konkretisternas utst\u00e4llning 1947. F\u00f6r det \u00e4r <a title=\"konkretister\" href=\"http:\/\/www.omkonst.com\/04-imaginister.html\" target=\"_blank\" rel=\"noopener noreferrer\">konkretist<\/a> hon r\u00e4knades som, modernist med ett reducerande bildspr\u00e5k som var slagkraftigt och ut\u00e5triktat, kanske som gjort f\u00f6r att passa in i det socialdemokratiska samh\u00e4llsbygget. Randi Fisher var uppenbarligen r\u00e4tt kvinna i r\u00e4tt tid p\u00e5 r\u00e4tt plats.<\/p>\n<p>&nbsp;<\/p>\n<p><img loading=\"lazy\" decoding=\"async\" class=\"alignnone\" src=\"https:\/\/live.staticflickr.com\/5205\/5209483756_cc3b8fdf9a.jpg\" alt=\"Randi Fisher \u2013 Sj\u00e4lvportr\u00e4tt\" width=\"500\" height=\"333\" \/><br \/>\n<em>Sj\u00e4lvportr\u00e4tten har en egen avdelning.<br \/>\n<\/em><\/p>\n<p>&nbsp;<\/p>\n<p><strong>Men det tidiga sj\u00e4lvportr\u00e4ttet fr\u00e5n 1943,<\/strong> som den nyutbildade konstn\u00e4ren stolt sk\u00e4nkte systern som br\u00f6llopsg\u00e5va, visar p\u00e5 \u00e4ldre influenser. Mina tankar g\u00e5r till <a title=\"Agda Holst bilder\" href=\"http:\/\/www.google.com\/images?client=safari&amp;rls=en&amp;q=Agda+Holst&amp;oe=UTF-8&amp;um=1&amp;ie=UTF-8&amp;source=univ&amp;ei=XujvTJzFH9CfOojwsYkK&amp;sa=X&amp;oi=image_result_group&amp;ct=title&amp;resnum=2&amp;ved=0CC8QsAQwAQ&amp;biw=1360&amp;bih=1057\" target=\"_blank\" rel=\"noopener noreferrer\">Agda Holst<\/a> och <a title=\"Tora Vega Holmstr\u00f6m\" href=\"http:\/\/www.google.com\/images?client=safari&amp;rls=en&amp;q=Tora+Vega+Holmstr\u00f6m&amp;oe=UTF-8&amp;um=1&amp;ie=UTF-8&amp;source=univ&amp;ei=v-jvTN_gEYntOerW2KEK&amp;sa=X&amp;oi=image_result_group&amp;ct=title&amp;resnum=2&amp;ved=0CDAQsAQwAQ&amp;biw=1360&amp;bih=1057\" target=\"_blank\" rel=\"noopener noreferrer\">Tora Vega Holmstr\u00f6m<\/a>, tv\u00e5 av de m\u00e5nga lite \u00e4ldre kvinnliga konstn\u00e4rer <a title=\"S\u00e4fstaholms slott\" href=\"http:\/\/www.vingaker.se\/Safstaholms-slott\/\" target=\"_blank\" rel=\"noopener noreferrer\">S\u00e4fstaholms slott i Ving\u00e5ker<\/a> s\u00e5 f\u00f6rtj\u00e4nstfullt portr\u00e4tterat i sina mer \u00e4n utm\u00e4rkta sommarutst\u00e4llningar. Konstdocenten <a title=\"Linda Fagerstr\u00f6m\" href=\"http:\/\/www.lindafagerstrom.se\/Webbplats\/Linda_Fagerstr\u00f6m.html\" target=\"_blank\" rel=\"noopener noreferrer\">Linda Fagerstr\u00f6ms<\/a> naiva katalogtext om &#8221;knappast avbildad som vacker i traditionell mening&#8221; \u00e4r bara f\u00e5nig och irrelevant. Den g\u00f6r varken konstverket, konstn\u00e4ren eller sj\u00e4lvportr\u00e4ttsgenren r\u00e4ttvisa.<\/p>\n<p>&nbsp;<\/p>\n<p><img loading=\"lazy\" decoding=\"async\" class=\"alignnone\" src=\"https:\/\/live.staticflickr.com\/5248\/5209483994_67c265ea29.jpg\" alt=\"Randi Fisher \u2013 skisser\" width=\"500\" height=\"324\" \/><br \/>\n<em>Stridsvagnen \/ Stridshelvetesgap v\u00e4xer fram i teckningarna fr\u00e5n Skissernas museum.<\/em><\/p>\n<p>&nbsp;<\/p>\n<p><strong>Pedagogiskt \u00e4r greppet med m\u00e5nga inl\u00e5n fr\u00e5n Skissernas museum<\/strong> som visar hur n\u00e5gra av verken utvecklats fr\u00e5n id\u00e9stadiet till f\u00e4rdigt verk. Som Stridsvagnen\/Stridshelvetesgap som var f\u00e4rdig 1948. Dessutom \u00e4r det s\u00e5 att m\u00e5nga verk \u00e4r platsspecifika, muralm\u00e5lningar och glasf\u00f6nster kan man inte flytta p\u00e5.<\/p>\n<p>Fast n\u00e4rap\u00e5. I dunklet i Galleri 5 f\u00e5 vi se en rad kyrkof\u00f6nster projicerade p\u00e5 v\u00e4ggen. Tillsammans med skisser p\u00e5 papper och i glas till domkyrkot\u00e4vlingen. Samt en kormatta f\u00f6r <a title=\"Sofia Magdalena kyrka i Askersund\" href=\"http:\/\/www.kyrkokartan.se\/056708\/Sofia_Magdalena_kyrka\" target=\"_blank\" rel=\"noopener noreferrer\">Sofia Magdalena kyrka i Askersund<\/a>.<\/p>\n<p>&nbsp;<\/p>\n<p><img loading=\"lazy\" decoding=\"async\" class=\"alignnone\" src=\"https:\/\/live.staticflickr.com\/5084\/5209006715_6ddf4d54ca_m.jpg\" alt=\"Randi Fisher\" width=\"240\" height=\"140\" \/><br \/>\n<img loading=\"lazy\" decoding=\"async\" class=\"alignnone\" src=\"https:\/\/live.staticflickr.com\/4091\/5208886457_15d296b311_m.jpg\" alt=\"Randi Fisher\" width=\"240\" height=\"154\" \/><br \/>\n<img loading=\"lazy\" decoding=\"async\" class=\"alignnone\" src=\"https:\/\/live.staticflickr.com\/4086\/5208886613_f0c5e7c631_m.jpg\" alt=\"Randi Fisher\" width=\"240\" height=\"156\" \/><br \/>\n<em>Narren. Skepp. Lurbl\u00e5sare.<\/em><\/p>\n<p><strong>Randi Fisher \u00e4r en intressant bekantskap,<\/strong> \u00e4nnu en pusselbit i Norrk\u00f6pings konstmuseums uppdrag att ber\u00e4tta om den moderna konstens historia. Synd bara att museets enda verk av Fisher \u00e4r inl\u00e5st och o\u00e5tkomligt, r\u00e4ddad fr\u00e5n en vattenskada i magasinet. <em><br \/>\n<\/em><\/p>\n<p><em>Text, film och foto: Ann-Charlotte Sandelin<\/em><\/p>\n<ul>\n<li>\n<h3>NORRK\u00d6PINGS KONSTMUSEUM<\/h3>\n<\/li>\n<li><em>20 november 2010 \u2013 23 januari 2011<\/em><br \/>\n<strong>Randi Fisher<\/strong><br \/>\nUtst\u00e4llningskommissarie: Mia Zeeck<\/li>\n<\/ul>\n","protected":false},"excerpt":{"rendered":"<p>NORRK\u00d6PING Konstn\u00e4ren Randi Fisher var en flitig konstn\u00e4r. Norrk\u00f6pings konstmuseum visar m\u00e5lningar, bokomslag, teateraffischer och offentliga utsmyckningar som skisser och p\u00e5 fotografier.  <a class=\"continue-reading-link\" href=\"https:\/\/www.kultursidan.nu\/?p=673\">L\u00e4s mer <span class=\"meta-nav\">&rarr; <\/span><\/a><\/p>\n","protected":false},"author":1001006,"featured_media":0,"comment_status":"closed","ping_status":"open","sticky":false,"template":"","format":"standard","meta":{"_jetpack_memberships_contains_paid_content":false,"footnotes":""},"categories":[7],"tags":[14],"class_list":["post-673","post","type-post","status-publish","format-standard","hentry","category-norrkoping","tag-konst"],"jetpack_featured_media_url":"","jetpack_sharing_enabled":true,"_links":{"self":[{"href":"https:\/\/www.kultursidan.nu\/index.php?rest_route=\/wp\/v2\/posts\/673","targetHints":{"allow":["GET"]}}],"collection":[{"href":"https:\/\/www.kultursidan.nu\/index.php?rest_route=\/wp\/v2\/posts"}],"about":[{"href":"https:\/\/www.kultursidan.nu\/index.php?rest_route=\/wp\/v2\/types\/post"}],"author":[{"embeddable":true,"href":"https:\/\/www.kultursidan.nu\/index.php?rest_route=\/wp\/v2\/users\/1001006"}],"replies":[{"embeddable":true,"href":"https:\/\/www.kultursidan.nu\/index.php?rest_route=%2Fwp%2Fv2%2Fcomments&post=673"}],"version-history":[{"count":2,"href":"https:\/\/www.kultursidan.nu\/index.php?rest_route=\/wp\/v2\/posts\/673\/revisions"}],"predecessor-version":[{"id":42513,"href":"https:\/\/www.kultursidan.nu\/index.php?rest_route=\/wp\/v2\/posts\/673\/revisions\/42513"}],"wp:attachment":[{"href":"https:\/\/www.kultursidan.nu\/index.php?rest_route=%2Fwp%2Fv2%2Fmedia&parent=673"}],"wp:term":[{"taxonomy":"category","embeddable":true,"href":"https:\/\/www.kultursidan.nu\/index.php?rest_route=%2Fwp%2Fv2%2Fcategories&post=673"},{"taxonomy":"post_tag","embeddable":true,"href":"https:\/\/www.kultursidan.nu\/index.php?rest_route=%2Fwp%2Fv2%2Ftags&post=673"}],"curies":[{"name":"wp","href":"https:\/\/api.w.org\/{rel}","templated":true}]}}