{"id":6756,"date":"2012-06-25T08:25:01","date_gmt":"2012-06-25T07:25:01","guid":{"rendered":"https:\/\/intelligent-friend-7861.standoutwp.com\/?p=6756"},"modified":"2015-01-05T11:39:50","modified_gmt":"2015-01-05T10:39:50","slug":"mohammed-sami-och-eleverna-smyckade-rasslaskolan-reportage","status":"publish","type":"post","link":"https:\/\/www.kultursidan.nu\/?p=6756","title":{"rendered":"Mohammed Sami och eleverna smyckade R\u00e5sslaskolan (reportage)"},"content":{"rendered":"<p><iframe loading=\"lazy\" src=\"https:\/\/www.flickr.com\/photos\/kultursidan\/7438423172\/in\/set-72157630277148404\/player\/\" width=\"500\" height=\"333\" frameborder=\"0\" allowfullscreen=\"allowfullscreen\"><\/iframe><br \/>\n<em>Tro p\u00e5 er sj\u00e4lva och forts\u00e4tt m\u00e5la. Konstn\u00e4ren Mohammed Sami h\u00f6ll tal till R\u00e5sslaskolans elever<br \/>\nvid invigningen av 43 nya konstverk, varav ett var hans egen stora v\u00e4ggm\u00e5lning Fading.<\/em><\/p>\n<p>&nbsp;<\/p>\n<h1><span style=\"color: #ff0000;\">M\u00f6tet med en seri\u00f6s konstn\u00e4r inspirerade till nya konstverk<\/span><\/h1>\n<p>&nbsp;<\/p>\n<p><strong>N\u00e4r R\u00e5sslaskolans sjuor \u00e5terv\u00e4nder till skolan som \u00e5ttondeklassare efter sommarlovet m\u00f6ter de sina egna konstverk tillsammans med konstn\u00e4ren Mohammed Samis flyende gazeller.<\/strong> N\u00e5got av det sista som h\u00e4nde p\u00e5 v\u00e5rterminen var invigningen efter v\u00e5rens Skapande skolaprojekt.<\/p>\n<p>Skapande skola \u00e4r en projektform som verkar f\u00f6r att knyta skolan n\u00e4rmare ut\u00f6vare inom olika konstn\u00e4rliga verksamhetsomr\u00e5den, st\u00f6ttat av statliga Kulturr\u00e5det. R\u00e5sslaskolan i Kolm\u00e5rden har varit aktiv med olika Skapande skolaprojekt under alla de fyra \u00e5r som projektformen funnits och skolan har utvecklat sitt eget \u201dkulturr\u00e5d\u201d d\u00e4r elevrepresentanter deltar tillsammans med l\u00e4rare. S\u00e5 n\u00e4r kommunen h\u00f6sten 2011 bj\u00f6d in till presentation av en rad kulturut\u00f6vare \u2013 konstn\u00e4rer, illustrat\u00f6rer, fria teatergrupper \u2013 var medlemmar fr\u00e5n R\u00e5sslaskolans kulturr\u00e5d p\u00e5 plats.<\/p>\n<p><strong>B\u00e5de l\u00e4rare och elever fastnade f\u00f6r konstn\u00e4ren Mohammed Samis f\u00f6rslag till projektarbete och d\u00e4rf\u00f6r inbj\u00f6ds han att utsmycka skolan tillsammans med eleverna i \u00e5rskurs 7.<\/strong> Konstn\u00e4ren Mohammed Sami \u00e4r utbildad vid Konsth\u00f6gskolan i Bagdad i Irak och kom till Sverige f\u00f6r n\u00e5gra \u00e5r sedan. Hans stilistiska uttryck snuddar b\u00e5de vid grottm\u00e5lningar och graffiti. Motiven \u00e4r oftast djur i r\u00f6relse, n\u00e5got man kunde se p\u00e5 en stor utst\u00e4llning p\u00e5 Galleri Dag Andersson i Norrk\u00f6ping i v\u00e5ras. Verken \u00e4r vackra men rymmer, f\u00f6r den som v\u00e4ljer att se det, ett stort m\u00e5tt av melankoli. Konstn\u00e4ren bearbetar sin sorg \u00f6ver krig och d\u00f6d.<\/p>\n<p><strong>Skolan har en planering f\u00f6r att varje \u00e5rskurs ska ha m\u00f6jlighet att f\u00e5 ta del av ett brett kulturutbud.<\/strong> I \u00e5rskurs 7 ligger alltid tonvikten p\u00e5 konstn\u00e4rlig utsmyckning. Sami tackade gl\u00e4djande nog ja, och har under n\u00e5gra veckor m\u00e5lat en h\u00e4ftig m\u00e5lning med flyende gazeller som han kallar <em>Fading<\/em>. Eleverna har kunnat f\u00f6lja processen fr\u00e5n b\u00f6rjan och har varit mycket intresserade av hans arbete som utf\u00f6rts p\u00e5 plats under skoldagar och helger.<\/p>\n<p>Under den sista fasen av projektet har Sami tillsammans med eleverna m\u00e5lat abstrakta akrylm\u00e5lningar med utg\u00e5ngspunkt ifr\u00e5n hans eget verk, och nu pryder \u00e4ven deras dekorativa m\u00e5lningar v\u00e4ggarna i korridoren.<\/p>\n<p>Eleverna var engagerade och n\u00e5dde fina konstn\u00e4rliga resultat enligt Sami sj\u00e4lv. \u00c4ven bildl\u00e4raren p\u00e5 skolan var n\u00f6jd och kunde konstatera att det betyder mycket f\u00f6r eleverna att f\u00e5 m\u00f6ta en seri\u00f6s konstn\u00e4r utifr\u00e5n, som kan inspirera och motivera till att &#8221;t\u00e4nka nytt&#8221;.<\/p>\n<p><strong>P\u00e5 tisdagseftermiddagen under v\u00e5rterminens sista vecka var det sedan dags f\u00f6r vernissage.<\/strong> 42 fina m\u00e5lningar presenterades tillsammans med Samis eget verk. Rektor klippte band och det bj\u00f6ds p\u00e5 salta pinnar och cider som sig b\u00f6r.<\/p>\n<p>Sami ber\u00e4ttade om sin m\u00e5lning, som har en klart ungdomlig pr\u00e4gel och g\u00e5r v\u00e4l hem hos de unga vernissagebes\u00f6karna. Han s\u00e4ger sj\u00e4lv att det \u00e4r en \u00e4ra att ha f\u00e5tt ett uppdrag d\u00e4r m\u00e5nga elever i f\u00f6rhoppningsvis flera generationer ska kunna ta del av hans \u00a0nya verk, och han hoppas ha s\u00e5tt ett fr\u00f6 till fortsatt skapande hos sjuorna.<\/p>\n<p>\u2013 Tro p\u00e5 er sj\u00e4lva och forts\u00e4tt m\u00e5la, var hans budskap till de unga konstn\u00e4rerna p\u00e5 R\u00e5sslaskolan.<\/p>\n<p><em>Text och foto: Charlotte Wikstr\u00f6m Ulin \/ R\u00e5sslaskolan<\/em><\/p>\n<p>&nbsp;<\/p>\n<p>L\u00c4NKAR<br \/>\nR\u00e5sslaskolan <a title=\"R\u00e5sslaskolan\" href=\"http:\/\/www.norrkoping.se\/barn-utbildning\/grundskolor\/vara-grundskolor\/rasslaskolan\/\" target=\"_blank\">hemsida <\/a><br \/>\nMohammed Sami <a title=\"Mohammed Sami\" href=\"http:\/\/www.mohammed-art.com\/\" target=\"_blank\">hemsida <\/a><br \/>\nSamis svindlande vackra sorg <a title=\"Samis svindlande vackra sorg p\u00e5 Galleri Dag Andersson\" href=\"https:\/\/www.kultursidan.nu\/?p=4789\" target=\"_blank\">recension<\/a> Kultursidan.nu 2\/3 2012<br \/>\nArtister p\u00e5 speeddating f\u00f6r Skapande skola <a title=\"Artister p\u00e5 speeddating f\u00f6r Skapande skola\" href=\"https:\/\/www.kultursidan.nu\/?p=3383\" target=\"_blank\">reportage<\/a> Kultursidan.nu 1\/12 2011<\/p>\n<p>&nbsp;<\/p>\n<p>BILDSPEL (FLASH) \u2013 KLICKA P\u00c5 BILDEN<br \/>\n<em>ALT\/MOBIL: SE BILDSPELET <a title=\"Bildspel\" href=\"https:\/\/www.flickr.com\/photos\/kultursidan\/sets\/72157630277148404\/show\/\" target=\"_blank\">H\u00c4R<\/a><\/em><br \/>\n<object width=\"400\" height=\"300\"><param name=\"flashvars\" value=\"offsite=true&amp;lang=en-us&amp;page_show_url=%2Fphotos%2Fkultursidan%2Fsets%2F72157630277148404%2Fshow%2F&amp;page_show_back_url=%2Fphotos%2Fkultursidan%2Fsets%2F72157630277148404%2F&amp;set_id=72157630277148404&amp;jump_to=\" \/><param name=\"movie\" value=\"https:\/\/www.flickr.com\/apps\/slideshow\/show.swf?v=1811922554\" \/><param name=\"allowFullScreen\" value=\"true\" \/><\/object><\/p>\n","protected":false},"excerpt":{"rendered":"<p>NORRK\u00d6PING Tro p\u00e5 er sj\u00e4lva och forts\u00e4tt m\u00e5la sade konstn\u00e4ren Mohammed Sami n\u00e4r R\u00e5sslaskolan invigde 43 nya konstverk. Ett var hans eget och 42 var signerade av eleverna sj\u00e4lva som m\u00e5lat med inspiration av hans flyende gazeller. <a class=\"continue-reading-link\" href=\"https:\/\/www.kultursidan.nu\/?p=6756\">L\u00e4s mer <span class=\"meta-nav\">&rarr; <\/span><\/a><\/p>\n","protected":false},"author":1001006,"featured_media":0,"comment_status":"closed","ping_status":"open","sticky":false,"template":"","format":"standard","meta":{"_jetpack_memberships_contains_paid_content":false,"footnotes":""},"categories":[7],"tags":[37,14],"class_list":["post-6756","post","type-post","status-publish","format-standard","hentry","category-norrkoping","tag-barnkultur","tag-konst"],"jetpack_featured_media_url":"","jetpack_sharing_enabled":true,"_links":{"self":[{"href":"https:\/\/www.kultursidan.nu\/index.php?rest_route=\/wp\/v2\/posts\/6756","targetHints":{"allow":["GET"]}}],"collection":[{"href":"https:\/\/www.kultursidan.nu\/index.php?rest_route=\/wp\/v2\/posts"}],"about":[{"href":"https:\/\/www.kultursidan.nu\/index.php?rest_route=\/wp\/v2\/types\/post"}],"author":[{"embeddable":true,"href":"https:\/\/www.kultursidan.nu\/index.php?rest_route=\/wp\/v2\/users\/1001006"}],"replies":[{"embeddable":true,"href":"https:\/\/www.kultursidan.nu\/index.php?rest_route=%2Fwp%2Fv2%2Fcomments&post=6756"}],"version-history":[{"count":0,"href":"https:\/\/www.kultursidan.nu\/index.php?rest_route=\/wp\/v2\/posts\/6756\/revisions"}],"wp:attachment":[{"href":"https:\/\/www.kultursidan.nu\/index.php?rest_route=%2Fwp%2Fv2%2Fmedia&parent=6756"}],"wp:term":[{"taxonomy":"category","embeddable":true,"href":"https:\/\/www.kultursidan.nu\/index.php?rest_route=%2Fwp%2Fv2%2Fcategories&post=6756"},{"taxonomy":"post_tag","embeddable":true,"href":"https:\/\/www.kultursidan.nu\/index.php?rest_route=%2Fwp%2Fv2%2Ftags&post=6756"}],"curies":[{"name":"wp","href":"https:\/\/api.w.org\/{rel}","templated":true}]}}