{"id":6761,"date":"2012-06-25T09:52:50","date_gmt":"2012-06-25T08:52:50","guid":{"rendered":"https:\/\/intelligent-friend-7861.standoutwp.com\/?p=6761"},"modified":"2012-06-27T15:06:45","modified_gmt":"2012-06-27T14:06:45","slug":"manga-roster-mot-muddring-och-rivning-i-valdemarsvik-reportage","status":"publish","type":"post","link":"https:\/\/www.kultursidan.nu\/?p=6761","title":{"rendered":"M\u00e5nga r\u00f6ster mot muddring och rivning i Valdemarsvik (reportage)"},"content":{"rendered":"<p><iframe loading=\"lazy\" src=\"http:\/\/www.youtube.com\/embed\/I7WIW6Jivd4?rel=0\" frameborder=\"0\" width=\"640\" height=\"360\"><\/iframe><br \/>\n<em>Mika Liffner \u00e4r en av m\u00e5nga r\u00f6ster fr\u00e5n Valdemarsvik vi m\u00f6ter i Boel Zettermans film. <\/em><\/p>\n<p><em>\u00a0<\/em><\/p>\n<h1><span style=\"color: #ff0000;\">&#8221;Dom vill riva Sahlins \u2013 ett fint gammalt tr\u00e4hus nere vid vattnet&#8221;<\/span><\/h1>\n<p>&nbsp;<\/p>\n<p><strong>\u2013 Du f\u00e5r g\u00e4rna l\u00e4nka, jag misst\u00e4nker det \u00e4r unikt med en demonstration i Valdemarsvik. <\/strong>Skriver dokument\u00e4rfilmaren och Valdemarsviksbon Boel Zetterman om sin filmrapport fr\u00e5n demonstrationen mot beslutet om rivning av det karakteristiska Sahlinshuset i Valdemarsvik. R\u00f6ster h\u00f6jdes \u00e4ven mot muddringsarbetet. Demonstrationen som samlade omkring 70 personer \u00e4gde rum l\u00f6rdagen den 16 juni.<\/p>\n<p>Boel Zetterman, som driver produktionsbolaget Bobo Film &amp; Television, p\u00e5pekar att filmen, som hon lagt ut p\u00e5 YouTube, inte \u00e4r f\u00e4rdig:<br \/>\n\u2013 Filmsnutten p\u00e5 sidan h\u00e4r \u00e4r en work-in-progress.<\/p>\n<p><strong>S\u00e5 h\u00e4r skriver hon p\u00e5 YouTubesidan:<\/strong><\/p>\n<p><em>Sj\u00e4lva Valdemarsviken \u00e4r f\u00f6rgiftad efter \u00e5rhundraden av industri, bland annat l\u00e4dergarveriet, som fr\u00e5n b\u00f6rjan av nittonhundratalet spydde ut tungmetaller i den flera mil l\u00e5nga viken, innan man n\u00e5r havet. Valdemarsvik \u00e4r en avfolkningsbygd, p\u00e5 tio \u00e5r har befolkningen minskat med flera tusen inv\u00e5nare, fr\u00e5n cirka 9000 till cirka 7000.<br \/>\n<\/em><\/p>\n<p><em>Nu p\u00e5g\u00e5r ett muddringsprojekt utlagt p\u00e5 ett multinationellt bolag, som g\u00f6r att man ska gr\u00e4va upp allt bottenslam och deponera det n\u00e5gon annanstans. I samband med det ska man riva gammal kulturbygd. De annars s\u00e5 stillsamma Valdemarsviksborna gav sig ut och demonstrerade den 16 juni 2012. <\/em><\/p>\n<p><strong>Efter demonstrationen har landsh\u00f6vdingen Elisabeth Nilsson bes\u00f6kt Valdemarsvik<\/strong> och tittat p\u00e5 omr\u00e5det d\u00e4r muddermassorna planeras att deponeras, ett projekt som l\u00e4nsstyrelsen redan godk\u00e4nt. Norrk\u00f6pings Tidningar som kontinuerligt bevakar fr\u00e5gan skriver att Sahlinshuset planeras rivas i \u00e5r, n\u00e5got best\u00e4mt datum f\u00f6r rivningen \u00e4r inte fastst\u00e4llt.<\/p>\n<p>Sahlinsgruppen som arbetar f\u00f6r att bevara och rusta Sahlinshuset har startat en namninsamling som redan samlat mer \u00e4n 600 namn.<\/p>\n<p><em>Text: Ann-Charlotte Sandelin<br \/>\nFilm: Boel Zetterman \/ Bobo Film &amp; Television<br \/>\nFilmmusik: Mathias Denneberg<\/em><\/p>\n<p>&nbsp;<\/p>\n<p>L\u00c4NKAR<br \/>\nInget datum satt f\u00f6r rivning av Sahlinsomr\u00e5det <a title=\"nt.se\" href=\"http:\/\/www.nt.se\/valdemarsvik\/artikel.aspx?articleid=7763106\" target=\"_blank\">reportage<\/a> nt.se 20\/6 2012<br \/>\nLandsh\u00f6vdingen spanade in milj\u00f6projektet <a title=\"nt.se\" href=\"http:\/\/www.nt.se\/nyheter\/artikel.aspx?articleid=7761054\" target=\"_blank\">reportage<\/a> nt.se 19\/6 2012<\/p>\n<p>&nbsp;<\/p>\n","protected":false},"excerpt":{"rendered":"<p>VALDEMARSVIK Dom vill riva Sahlins, ett fint gammalt tr\u00e4hus som ligger nere vid vattnet. Konstn\u00e4ren Mika LIffner \u00e4r en av de Valdemarsviksbor som dokument\u00e4rfilmaren Boel Zetterman l\u00e5ter komma till tals i sitt filmreportage om demonstrationen f\u00f6rra l\u00f6rdagen. <a class=\"continue-reading-link\" href=\"https:\/\/www.kultursidan.nu\/?p=6761\">L\u00e4s mer <span class=\"meta-nav\">&rarr; <\/span><\/a><\/p>\n","protected":false},"author":1001006,"featured_media":0,"comment_status":"open","ping_status":"open","sticky":false,"template":"","format":"standard","meta":{"_jetpack_memberships_contains_paid_content":false,"footnotes":""},"categories":[10],"tags":[],"class_list":["post-6761","post","type-post","status-publish","format-standard","hentry","category-valdemarsvik"],"jetpack_featured_media_url":"","jetpack_sharing_enabled":true,"_links":{"self":[{"href":"https:\/\/www.kultursidan.nu\/index.php?rest_route=\/wp\/v2\/posts\/6761","targetHints":{"allow":["GET"]}}],"collection":[{"href":"https:\/\/www.kultursidan.nu\/index.php?rest_route=\/wp\/v2\/posts"}],"about":[{"href":"https:\/\/www.kultursidan.nu\/index.php?rest_route=\/wp\/v2\/types\/post"}],"author":[{"embeddable":true,"href":"https:\/\/www.kultursidan.nu\/index.php?rest_route=\/wp\/v2\/users\/1001006"}],"replies":[{"embeddable":true,"href":"https:\/\/www.kultursidan.nu\/index.php?rest_route=%2Fwp%2Fv2%2Fcomments&post=6761"}],"version-history":[{"count":0,"href":"https:\/\/www.kultursidan.nu\/index.php?rest_route=\/wp\/v2\/posts\/6761\/revisions"}],"wp:attachment":[{"href":"https:\/\/www.kultursidan.nu\/index.php?rest_route=%2Fwp%2Fv2%2Fmedia&parent=6761"}],"wp:term":[{"taxonomy":"category","embeddable":true,"href":"https:\/\/www.kultursidan.nu\/index.php?rest_route=%2Fwp%2Fv2%2Fcategories&post=6761"},{"taxonomy":"post_tag","embeddable":true,"href":"https:\/\/www.kultursidan.nu\/index.php?rest_route=%2Fwp%2Fv2%2Ftags&post=6761"}],"curies":[{"name":"wp","href":"https:\/\/api.w.org\/{rel}","templated":true}]}}