{"id":6925,"date":"2012-07-14T17:21:30","date_gmt":"2012-07-14T16:21:30","guid":{"rendered":"https:\/\/intelligent-friend-7861.standoutwp.com\/?p=6925"},"modified":"2014-09-24T09:35:45","modified_gmt":"2014-09-24T08:35:45","slug":"klubbdans-oppnade-med-show-pa-arbis-reportage","status":"publish","type":"post","link":"https:\/\/www.kultursidan.nu\/?p=6925","title":{"rendered":"Klubbdans \u00f6ppnade med show p\u00e5 Arbis (reportage)"},"content":{"rendered":"<p><iframe loading=\"lazy\" src=\"https:\/\/www.flickr.com\/photos\/kultursidan\/7568538798\/in\/set-72157630572581890\/player\/\" width=\"500\" height=\"333\" frameborder=\"0\" allowfullscreen=\"allowfullscreen\"><\/iframe><br \/>\n<em>I motljus. Nikki Barr med dansare. <\/em><\/p>\n<p>&nbsp;<\/p>\n<h1><span style=\"color: #ff0000;\">Discoljus och showdans \u00e0 la street<\/span><\/h1>\n<p>&nbsp;<\/p>\n<p><strong>Arbis \u00f6ppnade porten f\u00f6r Klubbdans p\u00e5 fredagskv\u00e4llen. <\/strong>Id\u00e9n kl\u00e4cktes av Karl Sanner, en av de sommarjobbande Arbisdansarna som h\u00e5ller danskurs f\u00f6r unga i sommar. Varf\u00f6r inte kombinera kursens uppvisning med Klubbdans i stora salongen?<\/p>\n<p><em>Arbis Dance Studios<\/em> visade en l\u00e4cker showkoreografi,\u00a0 Jenny Silfvenius och Tina Carlsson genomf\u00f6rde en kort show till piano och trummor och killarna fr\u00e5n <em>Vibe Crew<\/em> klev av scenen f\u00f6r och drog upp publiken p\u00e5 f\u00f6tter. Skivaktuella <em>Nikki Barr<\/em>, Norrk\u00f6pingstjej som satsar h\u00e5rt p\u00e5 musikkarri\u00e4r, genomf\u00f6rde en tuff akt uppbackad av dansare. Och Jenny Silfvenius, kv\u00e4llens mesta dansare p\u00e5 scenen, \u00e5terkom med <em>Phree, <\/em>som mixar street med fri fart.<\/p>\n<p>Att Arbis \u00e4r nyrenoverat f\u00f6r att p\u00e5minna om fornstora dagar kunde n\u00e4stan anas i dunklet. I salongen dunkade ljus och musik av v\u00e5r egen tid. M\u00e5nga var d\u00e4r, men det fanns plats f\u00f6r fler. DJ var 70 %<\/p>\n<p><em>Text och foto: Ann-Charlotte Sandelin<\/em><\/p>\n<p>&nbsp;<\/p>\n<p>L\u00c4NKAR<br \/>\nArbis <a title=\"Arbis\" href=\"http:\/\/www.arbis.se\" target=\"_blank\">hemsida <\/a><\/p>\n<p>&nbsp;<\/p>\n<p>BILDSPEL (FLASH) \u2013 KLICKA P\u00c5 BILDEN <em>ALT\/MOBIL: SE BILDSPELET <a title=\"Bildspel\" href=\"https:\/\/www.flickr.com\/photos\/kultursidan\/sets\/72157630572581890\/show\/\" target=\"_blank\">H\u00c4R<\/a><\/em><br \/>\n<object width=\"400\" height=\"300\"><param name=\"flashvars\" value=\"offsite=true&amp;lang=en-us&amp;page_show_url=%2Fphotos%2Fkultursidan%2Fsets%2F72157630572581890%2Fshow%2F&amp;page_show_back_url=%2Fphotos%2Fkultursidan%2Fsets%2F72157630572581890%2F&amp;set_id=72157630572581890&amp;jump_to=\" \/><param name=\"movie\" value=\"https:\/\/www.flickr.com\/apps\/slideshow\/show.swf?v=1811922554\" \/><param name=\"allowFullScreen\" value=\"true\" \/><\/object><\/p>\n","protected":false},"excerpt":{"rendered":"<p>NORRK\u00d6PING Skivaktuella Nikki Barr, Vibe Crew, Phree och Arbis Dance Studios lockade till nyrenoverat dansgolv. <a class=\"continue-reading-link\" href=\"https:\/\/www.kultursidan.nu\/?p=6925\">L\u00e4s mer <span class=\"meta-nav\">&rarr; <\/span><\/a><\/p>\n","protected":false},"author":1001006,"featured_media":0,"comment_status":"closed","ping_status":"closed","sticky":false,"template":"","format":"standard","meta":{"_jetpack_memberships_contains_paid_content":false,"footnotes":""},"categories":[7],"tags":[41],"class_list":["post-6925","post","type-post","status-publish","format-standard","hentry","category-norrkoping","tag-dans"],"jetpack_featured_media_url":"","jetpack_sharing_enabled":true,"_links":{"self":[{"href":"https:\/\/www.kultursidan.nu\/index.php?rest_route=\/wp\/v2\/posts\/6925","targetHints":{"allow":["GET"]}}],"collection":[{"href":"https:\/\/www.kultursidan.nu\/index.php?rest_route=\/wp\/v2\/posts"}],"about":[{"href":"https:\/\/www.kultursidan.nu\/index.php?rest_route=\/wp\/v2\/types\/post"}],"author":[{"embeddable":true,"href":"https:\/\/www.kultursidan.nu\/index.php?rest_route=\/wp\/v2\/users\/1001006"}],"replies":[{"embeddable":true,"href":"https:\/\/www.kultursidan.nu\/index.php?rest_route=%2Fwp%2Fv2%2Fcomments&post=6925"}],"version-history":[{"count":0,"href":"https:\/\/www.kultursidan.nu\/index.php?rest_route=\/wp\/v2\/posts\/6925\/revisions"}],"wp:attachment":[{"href":"https:\/\/www.kultursidan.nu\/index.php?rest_route=%2Fwp%2Fv2%2Fmedia&parent=6925"}],"wp:term":[{"taxonomy":"category","embeddable":true,"href":"https:\/\/www.kultursidan.nu\/index.php?rest_route=%2Fwp%2Fv2%2Fcategories&post=6925"},{"taxonomy":"post_tag","embeddable":true,"href":"https:\/\/www.kultursidan.nu\/index.php?rest_route=%2Fwp%2Fv2%2Ftags&post=6925"}],"curies":[{"name":"wp","href":"https:\/\/api.w.org\/{rel}","templated":true}]}}