{"id":7044,"date":"2012-08-17T09:56:50","date_gmt":"2012-08-17T08:56:50","guid":{"rendered":"https:\/\/intelligent-friend-7861.standoutwp.com\/?p=7044"},"modified":"2017-04-22T07:18:57","modified_gmt":"2017-04-22T06:18:57","slug":"robert-haglund-i-gott-sallskap-pa-augustifesten-reportage","status":"publish","type":"post","link":"https:\/\/www.kultursidan.nu\/?p=7044","title":{"rendered":"Robert Haglund i gott s\u00e4llskap p\u00e5 Augustifesten (reportage)"},"content":{"rendered":"<p><a title=\"Fullsatt i Kn\u00e4ppingsborg\" href=\"https:\/\/www.flickr.com\/photos\/kultursidan\/7800597612\/in\/album-72157631108808902\/\"><img loading=\"lazy\" decoding=\"async\" src=\"https:\/\/c1.staticflickr.com\/8\/7116\/7800597612_3261486cb9.jpg\" alt=\"Fullsatt i Kn\u00e4ppingsborg\" width=\"500\" height=\"332\" \/><\/a><br \/>\n<em>Fullsatt. F\u00f6rv\u00e4ntan fyllde Kn\u00e4ppingsborg n\u00e4r <\/em>Sinatra, Janne och jag<em> intog scenen.<\/em><\/p>\n<p>&nbsp;<\/p>\n<h1><span style=\"color: #ff0000;\">Uppfyllda f\u00f6rv\u00e4ntningar<\/span><\/h1>\n<p>&nbsp;<\/p>\n<p><strong>Fint. Fullsatt. Folkligt. Festligt. <\/strong>Det var knappt om utrymmet i Kn\u00e4ppingsborg n\u00e4r Robert Haglund med v\u00e4nnen Jan Johansen upptr\u00e4dde tillsammans med Erling Fredrikssons storband. Torget bakom Crescendo var fyllt till bristningsgr\u00e4nsen. Konserten ingick i serien Opluggat i Kn\u00e4ppingsborg, Sk\u00e5debanans bidrag till Augustifesten.<\/p>\n<p><strong>Det har v\u00e4l inte undg\u00e5tt m\u00e5nga att Robert Haglund \u00e4r en s\u00e5ngare av h\u00f6g klass.<\/strong> F\u00f6r endast en m\u00e5nad sedan segrade hans sk\u00f6nt st\u00e4msjungande grupp Fantastic Four i en minst sagt tuff t\u00e4vling i Hollywood. Men h\u00e4r fick motowng\u00e4nget stanna hemma. I st\u00e4llet var det allts\u00e5 Jan Johansen som upptr\u00e4dde bredvid Robban. Janne hade kammat ner tidigare s\u00e5 ostyriga h\u00e5ret och ikl\u00e4tt sig prydlig kavaj med ljusbl\u00e5 sidenslips med matchande n\u00e4sduk i br\u00f6stfickan.<\/p>\n<p>Robban sj\u00e4lv upptr\u00e4dde i stilfull smoking med vit skjorta som lyste i den gener\u00f6sa urringningen innanf\u00f6r sidenslagen, svart fluga som sig b\u00f6r och uppiggad med r\u00f6d sidenn\u00e4sduk i br\u00f6stfickan.<\/p>\n<p><strong>Storband, Erling Fredriksson hade genomg\u00e5ende plockat fram en manlig bes\u00e4ttning, och s\u00e5ngare samlades inne p\u00e5 Crescendo innan det var dags f\u00f6r publikens jubel.<\/strong> Sedan var det bara <em>Sinatra, Janne och jag<\/em>. En helt fantastisk konsert med en stor publik. F\u00f6rv\u00e4ntningarna uppfylldes.<\/p>\n<p>Augustifesten forts\u00e4tter. Redan ikv\u00e4ll \u00e4r det en ny opluggad konsert i Kn\u00e4ppingsborg.<\/p>\n<p><em>Text: Ann-Charlotte Sandelin<br \/>\nFoto: Sven \u00c5ke Molund<\/em><\/p>\n<p>L\u00c4NKAR<br \/>\nOpluggat i Kn\u00e4ppingsborg <a title=\"Opluggat\" href=\"https:\/\/www.kultursidan.nu\/?p=7005\" target=\"_blank\" rel=\"noopener noreferrer\">artikel<\/a> Kultursidan.nu<br \/>\nKorn p\u00e5 Augustifesten <a title=\"Korn p\u00e5 Augustifesten\" href=\"https:\/\/www.kultursidan.nu\/?p=7032\" target=\"_blank\" rel=\"noopener noreferrer\">artikel<\/a> Kultursidan.nu<br \/>\nI kv\u00e4ll t\u00e4vlar The Fantastic Four i Hollywood\u00a0<a title=\"I kv\u00e4ll t\u00e4vlar The Fantastic Four i Hollywood (reportage) PS! De vann!\" href=\"https:\/\/www.kultursidan.nu\/?p=6911\" target=\"_blank\" rel=\"noopener noreferrer\">reportage<\/a> Kultursidan.nu<\/p>\n<p>BILDSPEL (FLASH) \u2013 KLICKA P\u00c5 BILDEN <em><br \/>\nALT\/MOBIL: SE BILDSPELET <a title=\"Bildspel\" href=\"https:\/\/www.flickr.com\/photos\/kultursidan\/sets\/72157631108808902\/show\/\" target=\"_blank\" rel=\"noopener noreferrer\">H\u00c4R<\/a><\/em><br \/>\n<object width=\"400\" height=\"300\"><param name=\"flashvars\" value=\"offsite=true&amp;lang=en-us&amp;page_show_url=%2Fphotos%2Fkultursidan%2Fsets%2F72157631108808902%2Fshow%2F&amp;page_show_back_url=%2Fphotos%2Fkultursidan%2Fsets%2F72157631108808902%2F&amp;set_id=72157631108808902&amp;jump_to=\" \/><param name=\"movie\" value=\"https:\/\/www.flickr.com\/apps\/slideshow\/show.swf?v=1811922554\" \/><param name=\"allowFullScreen\" value=\"true\" \/><\/object><\/p>\n","protected":false},"excerpt":{"rendered":"<p>NORRK\u00d6PING Folk och f\u00f6rv\u00e4ntan fyllde Kn\u00e4ppingsborg p\u00e5 torsdagskv\u00e4llen. Robban, Janne och storbandet presenterade en h\u00e4rlig kv\u00e4ll tillsammans med Sinatra och hans polare. <a class=\"continue-reading-link\" href=\"https:\/\/www.kultursidan.nu\/?p=7044\">L\u00e4s mer <span class=\"meta-nav\">&rarr; <\/span><\/a><\/p>\n","protected":false},"author":1001006,"featured_media":0,"comment_status":"closed","ping_status":"open","sticky":false,"template":"","format":"standard","meta":{"_jetpack_memberships_contains_paid_content":false,"footnotes":""},"categories":[7],"tags":[13],"class_list":["post-7044","post","type-post","status-publish","format-standard","hentry","category-norrkoping","tag-musik"],"jetpack_featured_media_url":"","jetpack_sharing_enabled":true,"_links":{"self":[{"href":"https:\/\/www.kultursidan.nu\/index.php?rest_route=\/wp\/v2\/posts\/7044","targetHints":{"allow":["GET"]}}],"collection":[{"href":"https:\/\/www.kultursidan.nu\/index.php?rest_route=\/wp\/v2\/posts"}],"about":[{"href":"https:\/\/www.kultursidan.nu\/index.php?rest_route=\/wp\/v2\/types\/post"}],"author":[{"embeddable":true,"href":"https:\/\/www.kultursidan.nu\/index.php?rest_route=\/wp\/v2\/users\/1001006"}],"replies":[{"embeddable":true,"href":"https:\/\/www.kultursidan.nu\/index.php?rest_route=%2Fwp%2Fv2%2Fcomments&post=7044"}],"version-history":[{"count":0,"href":"https:\/\/www.kultursidan.nu\/index.php?rest_route=\/wp\/v2\/posts\/7044\/revisions"}],"wp:attachment":[{"href":"https:\/\/www.kultursidan.nu\/index.php?rest_route=%2Fwp%2Fv2%2Fmedia&parent=7044"}],"wp:term":[{"taxonomy":"category","embeddable":true,"href":"https:\/\/www.kultursidan.nu\/index.php?rest_route=%2Fwp%2Fv2%2Fcategories&post=7044"},{"taxonomy":"post_tag","embeddable":true,"href":"https:\/\/www.kultursidan.nu\/index.php?rest_route=%2Fwp%2Fv2%2Ftags&post=7044"}],"curies":[{"name":"wp","href":"https:\/\/api.w.org\/{rel}","templated":true}]}}