{"id":713,"date":"2010-11-30T18:50:02","date_gmt":"2010-11-30T16:50:02","guid":{"rendered":"https:\/\/intelligent-friend-7861.standoutwp.com\/?p=713"},"modified":"2020-10-22T11:42:48","modified_gmt":"2020-10-22T10:42:48","slug":"kulturskolans-levande-julkalender","status":"publish","type":"post","link":"https:\/\/www.kultursidan.nu\/?p=713","title":{"rendered":"Kulturskolans levande julkalender"},"content":{"rendered":"<p><img loading=\"lazy\" decoding=\"async\" class=\"alignnone\" src=\"https:\/\/live.staticflickr.com\/5087\/5221347138_5f5ef2ac3f.jpg\" alt=\"Kulturskolans julkalender\" width=\"500\" height=\"282\" \/><br \/>\n<em>F\u00f6rra \u00e5rets julkalender hade stora luckor.<\/em><\/p>\n<p>&nbsp;<\/p>\n<h1><span style=\"color: #ff0000;\">V\u00e4nta in julen med musik<\/span><\/h1>\n<p>&nbsp;<\/p>\n<p><strong>Den 1 december \u00f6ppnas lucka 1. <\/strong>Den 2 december \u00e4r det dags f\u00f6r lucka nummer 2. Ja, ni kan det d\u00e4r f\u00f6rst\u00e5s. Fr\u00e5gan \u00e4r om inte <a title=\"Kulturskolan\" href=\"http:\/\/www.norrkoping.se\/kultur-fritid\/kulturskolan\/\" target=\"_blank\" rel=\"noopener noreferrer\">Kulturskolans<\/a> i Norrk\u00f6ping \u00e4nd\u00e5 \u00e4r b\u00e4st, eller \u00e5tminstone st\u00f6rst.<\/p>\n<p>Varje eftermiddag lyser ett f\u00f6nster upp och musik str\u00f6mmar ut fr\u00e5n Kristinaskolan som \u00e4r Kulturskolans bas. Det \u00e4r n\u00e5gra av musikeleverna som turas om att spela f\u00f6r alla som st\u00e5r p\u00e5 g\u00e5rden. \u00c4nda ut till bussh\u00e5llplatserna kan det h\u00f6ras.<\/p>\n<p>Till julkalendern h\u00f6r ocks\u00e5 en t\u00e4vling. En bokstav s\u00e4tts upp p\u00e5 f\u00f6nstren varje dag och tillsammans bildar de en mening. Den, mellan 5 och 19 \u00e5r, som f\u00f6rst listar ut meningen vinner en gratis kurs p\u00e5 Kulturskolan under ett helt \u00e5r.<\/p>\n<p><em>Text och foto: Ann-Charlotte Sandelin<br \/>\n<\/em><\/p>\n<ul>\n<li>\n<h3>KRISTINASKOLAN<\/h3>\n<\/li>\n<li>1-24 december kl 16.15<br \/>\n<strong>Luck\u00f6ppning <\/strong><br \/>\nKulturskolans julkalender<\/li>\n<\/ul>\n","protected":false},"excerpt":{"rendered":"<p>NORRK\u00d6PING Nu v\u00e4ntar vi in julen. G\u00e4rna p\u00e5 Kristinaskolans g\u00e5rd d\u00e4r Kulturskolans musikelever spelar f\u00f6r alla som vill h\u00f6ra kvart \u00f6ver fyra varje eftermiddag. <a class=\"continue-reading-link\" href=\"https:\/\/www.kultursidan.nu\/?p=713\">L\u00e4s mer <span class=\"meta-nav\">&rarr; <\/span><\/a><\/p>\n","protected":false},"author":1001006,"featured_media":0,"comment_status":"closed","ping_status":"open","sticky":false,"template":"","format":"standard","meta":{"_jetpack_memberships_contains_paid_content":false,"footnotes":""},"categories":[7],"tags":[37,13],"class_list":["post-713","post","type-post","status-publish","format-standard","hentry","category-norrkoping","tag-barnkultur","tag-musik"],"jetpack_featured_media_url":"","jetpack_sharing_enabled":true,"_links":{"self":[{"href":"https:\/\/www.kultursidan.nu\/index.php?rest_route=\/wp\/v2\/posts\/713","targetHints":{"allow":["GET"]}}],"collection":[{"href":"https:\/\/www.kultursidan.nu\/index.php?rest_route=\/wp\/v2\/posts"}],"about":[{"href":"https:\/\/www.kultursidan.nu\/index.php?rest_route=\/wp\/v2\/types\/post"}],"author":[{"embeddable":true,"href":"https:\/\/www.kultursidan.nu\/index.php?rest_route=\/wp\/v2\/users\/1001006"}],"replies":[{"embeddable":true,"href":"https:\/\/www.kultursidan.nu\/index.php?rest_route=%2Fwp%2Fv2%2Fcomments&post=713"}],"version-history":[{"count":3,"href":"https:\/\/www.kultursidan.nu\/index.php?rest_route=\/wp\/v2\/posts\/713\/revisions"}],"predecessor-version":[{"id":42530,"href":"https:\/\/www.kultursidan.nu\/index.php?rest_route=\/wp\/v2\/posts\/713\/revisions\/42530"}],"wp:attachment":[{"href":"https:\/\/www.kultursidan.nu\/index.php?rest_route=%2Fwp%2Fv2%2Fmedia&parent=713"}],"wp:term":[{"taxonomy":"category","embeddable":true,"href":"https:\/\/www.kultursidan.nu\/index.php?rest_route=%2Fwp%2Fv2%2Fcategories&post=713"},{"taxonomy":"post_tag","embeddable":true,"href":"https:\/\/www.kultursidan.nu\/index.php?rest_route=%2Fwp%2Fv2%2Ftags&post=713"}],"curies":[{"name":"wp","href":"https:\/\/api.w.org\/{rel}","templated":true}]}}