{"id":7184,"date":"2012-09-09T17:17:06","date_gmt":"2012-09-09T16:17:06","guid":{"rendered":"https:\/\/intelligent-friend-7861.standoutwp.com\/?p=7184"},"modified":"2016-02-18T14:53:48","modified_gmt":"2016-02-18T13:53:48","slug":"liisa-chaudhuri-minnesutstallning-och-stipendiat-reportage","status":"publish","type":"post","link":"https:\/\/www.kultursidan.nu\/?p=7184","title":{"rendered":"Liisa Chaudhuri Minnesutst\u00e4llning och stipendiat (reportage)"},"content":{"rendered":"<p><a title=\"Maria Segers\u00e4ll och Punya Chaudhuri med diplom\" href=\"https:\/\/www.flickr.com\/photos\/kultursidan\/7961629282\/in\/album-72157631478738048\/\"><img loading=\"lazy\" decoding=\"async\" src=\"https:\/\/farm9.staticflickr.com\/8319\/7961629282_8a59b34a7f.jpg\" alt=\"Maria Segers\u00e4ll och Punya Chaudhuri med diplom\" width=\"500\" height=\"333\" \/><\/a><br \/>\n<em>Utvald. Punya Chaudhuri tillsammans med konstn\u00e4ren Maria Segers\u00e4ll som f\u00e5tt stipendium till Liisa Chaudhuris minne. Utdelningen skedde i samband med minnesutst\u00e4llningens vernissage.<\/em><\/p>\n<p>&nbsp;<\/p>\n<h1><span style=\"color: #ff0000;\">Akvarell \u00e4r konsten att l\u00e5ta bli<\/span><\/h1>\n<p>&nbsp;<\/p>\n<p><strong>Det \u00e4r ljusare \u00e4n vanligt p\u00e5 Galleri Kronan, d\u00e4r ljuset \u00e4nd\u00e5 str\u00e5lar in genom de stora f\u00f6nstren fr\u00e5n tre h\u00e5ll. <\/strong>Det nordiskt vita ljuset fr\u00e5n norr, isarna, diset, fukten, havsranden. Allt samlat i akvarellens ljus, d\u00e4r pigmenten l\u00f6sts upp s\u00e5 l\u00e5ngt att till slut bara papperets yta \u00e5terst\u00e5r. Akvarell \u00e4r konsten att l\u00e5ta bli.<\/p>\n<p>Den konsten blev Liisa Chaudhuris. F\u00f6rra \u00e5ret gick den uppskattade Norrk\u00f6pingskonstn\u00e4ren bort och nu genomf\u00f6r maken Punya Chaudhuri och dottern Onita Wass i samabete med Kifin, Konstn\u00e4rernas intressef\u00f6rening i Norrk\u00f6ping, en minnesutst\u00e4llning p\u00e5 Galleri Kronan.<\/p>\n<p><strong>Det \u00e4r l\u00e4tt att k\u00e4nna igen hennes bild av Lofoten.<\/strong> Dit \u00e5terkom hon ofta, f\u00f6r att f\u00e5nga ljuset. Hon reste \u00e4ven till Island.<\/p>\n<p>Mindre k\u00e4nt \u00e4r Provence och Spanien. Utst\u00e4llningen, som vill ge en bredare bild \u00e4n den vanliga, visar verk fr\u00e5n s\u00e5 l\u00e5ngt tillbaka som 1970- och 1980-tal. Det var innan hon uppt\u00e4ckt akvarellen, som sedan blev hennes r\u00e4tta element men man ser att redan d\u00e5 s\u00f6kte hon ljusets skiftningar. B\u00e4st kommer hon till sin r\u00e4tt i <em>Hav, strand och solglitter<\/em>.<\/p>\n<p>N\u00e4r Liisa Chaudhuri fyllde 90 \u00e5r l\u00e4t Onita Wass g\u00f6ra en bok till sin mor. Ett lika k\u00e4rleksfullt som unikt projekt, fyllt med bilder fr\u00e5n och korta texter om Liisas liv. Den st\u00e4ller familjen gener\u00f6st till konstpublikens f\u00f6rfogande, liksom flera skissb\u00f6cker med dagsanteckningar, skisser med och utan f\u00e4rgangivelser, inte minst fr\u00e5n hennes \u00e4lskade Lofoten.<\/p>\n<p><strong>Liisa Chaudhuris make Punya Chaudhuri<\/strong> <strong>delade vid l\u00f6rdagens vernissage ut ett stipendium p\u00e5 20.000 kronor till konstn\u00e4ren Maria Segers\u00e4ll.<\/strong> Det \u00e4r familjen Chaudhuri som instiftat arbetsstipendiet till Liisas minne. Ett villkor \u00e4r f\u00f6rknippat med stipendiet \u2013 res till Lofoten och se vad det ger dig.<\/p>\n<p><em>Text och foto: Ann-Charlotte Sandelin<\/em><\/p>\n<p>&nbsp;<\/p>\n<ul>\n<li>\n<h3>GALLERI KRONAN Norrk\u00f6ping<\/h3>\n<\/li>\n<li><em>8\u201323 september 2012<\/em><br \/>\n<strong>Liisa Chaudhuri<br \/>\n<\/strong>Minnesutst\u00e4llning<\/li>\n<\/ul>\n<p>&nbsp;<\/p>\n<p>L\u00c4NKAR<br \/>\nGalleri Kronan <a title=\"Galleri Kronan\" href=\"http:\/\/www.gallerikronan.se\/\" target=\"_blank\">hemsida<\/a><br \/>\nMaria Segers\u00e4ll <a title=\"Maria Segers\u00e4ll\" href=\" http:\/\/www.segersall-skold.se\" target=\"_blank\">hemsida <\/a><\/p>\n<p>BILDSPEL (FLASH) \u2013 KLICKA P\u00c5 BILDEN <em><br \/>\nALT\/MOBIL: SE BILDSPELET <a title=\"Bildspel\" href=\"https:\/\/www.flickr.com\/photos\/kultursidan\/sets\/72157631468597200\/show\/\" target=\"_blank\">H\u00c4R<\/a><\/em><br \/>\n<object width=\"400\" height=\"300\"><param name=\"flashvars\" value=\"offsite=true&amp;lang=en-us&amp;page_show_url=%2Fphotos%2Fkultursidan%2Fsets%2F72157631468597200%2Fshow%2F&amp;page_show_back_url=%2Fphotos%2Fkultursidan%2Fsets%2F72157631468597200%2F&amp;set_id=72157631468597200&amp;jump_to=\" \/><param name=\"movie\" value=\"https:\/\/www.flickr.com\/apps\/slideshow\/show.swf?v=1811922554\" \/><param name=\"allowFullScreen\" value=\"true\" \/><\/object><\/p>\n","protected":false},"excerpt":{"rendered":"<p>NORRK\u00d6PING Galleri Kronans minnesutst\u00e4llning visar Liisa Chaudhuris ljusa akvareller fr\u00e5n norr men ocks\u00e5 tidiga m\u00e5lningar fr\u00e5n s\u00f6der. Maria Segers\u00e4ll fick Liisa Chaudhuris stipendium vid vernissagen. <a class=\"continue-reading-link\" href=\"https:\/\/www.kultursidan.nu\/?p=7184\">L\u00e4s mer <span class=\"meta-nav\">&rarr; <\/span><\/a><\/p>\n","protected":false},"author":1001006,"featured_media":0,"comment_status":"open","ping_status":"open","sticky":false,"template":"","format":"standard","meta":{"_jetpack_memberships_contains_paid_content":false,"footnotes":""},"categories":[7],"tags":[14],"class_list":["post-7184","post","type-post","status-publish","format-standard","hentry","category-norrkoping","tag-konst"],"jetpack_featured_media_url":"","jetpack_sharing_enabled":true,"_links":{"self":[{"href":"https:\/\/www.kultursidan.nu\/index.php?rest_route=\/wp\/v2\/posts\/7184","targetHints":{"allow":["GET"]}}],"collection":[{"href":"https:\/\/www.kultursidan.nu\/index.php?rest_route=\/wp\/v2\/posts"}],"about":[{"href":"https:\/\/www.kultursidan.nu\/index.php?rest_route=\/wp\/v2\/types\/post"}],"author":[{"embeddable":true,"href":"https:\/\/www.kultursidan.nu\/index.php?rest_route=\/wp\/v2\/users\/1001006"}],"replies":[{"embeddable":true,"href":"https:\/\/www.kultursidan.nu\/index.php?rest_route=%2Fwp%2Fv2%2Fcomments&post=7184"}],"version-history":[{"count":0,"href":"https:\/\/www.kultursidan.nu\/index.php?rest_route=\/wp\/v2\/posts\/7184\/revisions"}],"wp:attachment":[{"href":"https:\/\/www.kultursidan.nu\/index.php?rest_route=%2Fwp%2Fv2%2Fmedia&parent=7184"}],"wp:term":[{"taxonomy":"category","embeddable":true,"href":"https:\/\/www.kultursidan.nu\/index.php?rest_route=%2Fwp%2Fv2%2Fcategories&post=7184"},{"taxonomy":"post_tag","embeddable":true,"href":"https:\/\/www.kultursidan.nu\/index.php?rest_route=%2Fwp%2Fv2%2Ftags&post=7184"}],"curies":[{"name":"wp","href":"https:\/\/api.w.org\/{rel}","templated":true}]}}