{"id":7210,"date":"2012-09-11T10:18:56","date_gmt":"2012-09-11T09:18:56","guid":{"rendered":"https:\/\/intelligent-friend-7861.standoutwp.com\/?p=7210"},"modified":"2013-03-26T16:11:55","modified_gmt":"2013-03-26T15:11:55","slug":"hyllning-till-john-cage-inleder-annan-musiks-host-reportage","status":"publish","type":"post","link":"https:\/\/www.kultursidan.nu\/?p=7210","title":{"rendered":"Hyllning till John Cage inleder Annan musiks h\u00f6st (reportage)"},"content":{"rendered":"<p>[flickr]http:\/\/www.flickr.com\/photos\/kultursidan\/7975775904\/[\/flickr]<\/p>\n<p><em>Uttolkare. Pianisterna Kristine Scholz och\u00a0Mats Persson \u00e4r tv\u00e5 av landets fr\u00e4msta interpreter av John Cages musik.<\/em><\/p>\n<h1><\/h1>\n<h1><span style=\"color: #ff0000;\">Hans musik ger \u00e5h\u00f6raren \u201dnya \u00f6ron\u201d<\/span><\/h1>\n<p>&nbsp;<\/p>\n<p><strong>F\u00f6reningen Annan musiks h\u00f6sts\u00e4song inleds med en hyllningskonsert till jubilaren John Cage.\u00a0<\/strong>Tv\u00e5 av landets fr\u00e4msta interpreter, uttolkare, av Cages musik, pianisterna\u00a0Kristine Scholz och\u00a0Mats Persson, hyllar en 100-\u00e5ring vars musik \u00e4r st\u00e4ndigt lika aktuell.<\/p>\n<p>Amerikanen John Cage (1912-1992) \u00e4r en av 1900-talets mest betydelsefulla tons\u00e4ttare. Hans filosofi och estetiska h\u00e5llning, inspirerad av zenbuddism och ett anarkistiskt t\u00e4nkande, har haft ett stort inflytande p\u00e5 den experimentella musiken efter andra v\u00e4rldskriget. Hans musik \u00e4r \u00e4ven en inspirationsk\u00e4lla f\u00f6r konstn\u00e4rer inom andra kreativa omr\u00e5den.<\/p>\n<p><strong>Cage var tidigt intresserad av slagverksinstrument, utarbetade s\u00e4tt att preparera pianot, anv\u00e4nde sig av slumpmetoder i kompositionsarbetet och obest\u00e4mdhet i framf\u00f6randet av musiken.<\/strong> Han var ocks\u00e5 en av pionj\u00e4rerna inom live-elektronik. Hans samarbete med koreografen Merce Cunningham bidrog till att utveckla den moderna dansen. Cage var ocks\u00e5 f\u00f6rfattare, hans viktigaste bok \u00e4r kanske <em>Silence<\/em> fr\u00e5n 1961.<\/p>\n<p><strong>Cages f\u00f6rdomsfria och h\u00f6gst demokratiska nivellering av alla ljud, kr\u00e4ver som sig b\u00f6r ett nytt lyssnande,<\/strong> ett annat s\u00e4tt att n\u00e4rma sig musiken, precis som om vi hade f\u00e5tt \u201dnya \u00f6ron\u201d, op\u00e5verkade av musikaliska konventioner och traditioner.<\/p>\n<p><em>Foto: F\u00f6reningen Annan musik<\/em><\/p>\n<p>&nbsp;<\/p>\n<ul>\n<li>\n<h3>F\u00f6reningen Annan musik<\/h3>\n<\/li>\n<li><em>H\u00f6sten 2012<\/em><\/li>\n<li>Norrk\u00f6pings konstmuseum<br \/>\n<em>S\u00f6ndagen den 16 september kl.15<br \/>\n<\/em><strong>John Cage 100 \u00e5r! En hyllningskonsert!<\/strong><br \/>\nMedverkande: Kristine Scholz och\u00a0Mats Persson, piano<\/li>\n<li>Norrk\u00f6pings konstmuseum<br \/>\n<em>S\u00f6ndagen den 14 oktober klockan 15<br \/>\n<\/em><strong>Gary Smith<\/strong><br \/>\nGitarr<\/li>\n<li>Antikvariatet, Kn\u00e4ppingsborgsgatan 7<br \/>\n<em>Tisdag den 30 oktober klockan 19<\/em><br \/>\n<strong>Kommentarer till Baudelaire<\/strong><br \/>\nMusik av Catharina Palm\u00e9r, Tatjana Prelevic, Ylva Skog, Magnus Alexanderson, Christian Dieck, Max E. Keller och J\u00f6rg-Peter Mittmann.<br \/>\nMedverkande: Laura Pohl-Sopran, Tosh Leykum-Videoprojektioner, Samuel Edvardsson Wigervall-Gitarr och Uriel Alatriste-Gitarr<\/li>\n<li>Norrk\u00f6pings konstmuseum<br \/>\n<em>L\u00f6rdagen den 1 december klockan 15<br \/>\n<\/em><strong>Music inside the language<br \/>\n<\/strong>Medverkande: Sofia Jernberg, r\u00f6st, Nina de Heney, kontrabas och r\u00f6st, m\u00f6ter Sten Sandell \u2013 piano, r\u00f6st och komposition i projektet: music inside the language.<\/li>\n<\/ul>\n<p>&nbsp;<\/p>\n<p>L\u00c4NKAR<br \/>\nF\u00f6reningen Annan musik <a title=\"Annan musik\" href=\"http:\/\/annanmusik.se\/php\/\" target=\"_blank\">hemsida<\/a><\/p>\n<p>&nbsp;<\/p>\n","protected":false},"excerpt":{"rendered":"<p>NORRK\u00d6PING I \u00e5r skulle komposit\u00f6ren John Cage fyllt 100 \u00e5r. Pianisterna Kristine Scholz och Mats Persson ger en hyllningskonsert till en uppm\u00e4rksammad tons\u00e4ttare p\u00e5 s\u00f6ndag. <a class=\"continue-reading-link\" href=\"https:\/\/www.kultursidan.nu\/?p=7210\">L\u00e4s mer <span class=\"meta-nav\">&rarr; <\/span><\/a><\/p>\n","protected":false},"author":1001006,"featured_media":0,"comment_status":"closed","ping_status":"open","sticky":false,"template":"","format":"standard","meta":{"_jetpack_memberships_contains_paid_content":false,"footnotes":""},"categories":[7],"tags":[13],"class_list":["post-7210","post","type-post","status-publish","format-standard","hentry","category-norrkoping","tag-musik"],"jetpack_featured_media_url":"","jetpack_sharing_enabled":true,"_links":{"self":[{"href":"https:\/\/www.kultursidan.nu\/index.php?rest_route=\/wp\/v2\/posts\/7210","targetHints":{"allow":["GET"]}}],"collection":[{"href":"https:\/\/www.kultursidan.nu\/index.php?rest_route=\/wp\/v2\/posts"}],"about":[{"href":"https:\/\/www.kultursidan.nu\/index.php?rest_route=\/wp\/v2\/types\/post"}],"author":[{"embeddable":true,"href":"https:\/\/www.kultursidan.nu\/index.php?rest_route=\/wp\/v2\/users\/1001006"}],"replies":[{"embeddable":true,"href":"https:\/\/www.kultursidan.nu\/index.php?rest_route=%2Fwp%2Fv2%2Fcomments&post=7210"}],"version-history":[{"count":0,"href":"https:\/\/www.kultursidan.nu\/index.php?rest_route=\/wp\/v2\/posts\/7210\/revisions"}],"wp:attachment":[{"href":"https:\/\/www.kultursidan.nu\/index.php?rest_route=%2Fwp%2Fv2%2Fmedia&parent=7210"}],"wp:term":[{"taxonomy":"category","embeddable":true,"href":"https:\/\/www.kultursidan.nu\/index.php?rest_route=%2Fwp%2Fv2%2Fcategories&post=7210"},{"taxonomy":"post_tag","embeddable":true,"href":"https:\/\/www.kultursidan.nu\/index.php?rest_route=%2Fwp%2Fv2%2Ftags&post=7210"}],"curies":[{"name":"wp","href":"https:\/\/api.w.org\/{rel}","templated":true}]}}