{"id":7217,"date":"2012-09-11T15:56:09","date_gmt":"2012-09-11T14:56:09","guid":{"rendered":"https:\/\/intelligent-friend-7861.standoutwp.com\/?p=7217"},"modified":"2015-02-02T13:54:20","modified_gmt":"2015-02-02T12:54:20","slug":"weis-yta-och-adlers-djup-pa-galleri-dag-andersson-reportage","status":"publish","type":"post","link":"https:\/\/www.kultursidan.nu\/?p=7217","title":{"rendered":"Weis yta och Adlers djup p\u00e5 Galleri Dag Andersson (reportage)"},"content":{"rendered":"<p><iframe loading=\"lazy\" src=\"https:\/\/www.flickr.com\/photos\/kultursidan\/7976433685\/player\/\" width=\"500\" height=\"335\" frameborder=\"0\" allowfullscreen=\"allowfullscreen\"><\/iframe><br \/>\n<em>Angela Apelt har curerat utst\u00e4llningen med verk av Karl-Heinz Adler och Walter Weis p\u00e5 Galleri Dag Andersson. <\/em><\/p>\n<h1><\/h1>\n<h1><span style=\"color: #ff0000;\">Dekonstruktion\/konstruktion evig utmaning<\/span><\/h1>\n<p>&nbsp;<\/p>\n<p><strong>Det finns en omutlighet hos Walter Weis, den tysk-svenske konstn\u00e4ren som gick bort h\u00e4romveckan, mitt under p\u00e5g\u00e5ende utst\u00e4llning. <\/strong>Halva utrymmet och en bukett med rosor \u00e4r hans hos Galleri Dag Andersson i den utst\u00e4llning som Agneta Apelt curerat. Den andra halvan \u00e4r tyske konstn\u00e4ren Karl-Heinz Adlers.<\/p>\n<p>B\u00e5da har en bakgrund i arkitekturen, medan Walter Weis (1934\u20132012) dragits mot design har Karl-Heinz Adler, f\u00f6dd 1927, utforskat betong som skulpturmaterial. De delar ett intresse f\u00f6r geometri, de dekonstruerar verkligheten, unders\u00f6ker den, och bygger upp den p\u00e5 nytt, konstruerar.<\/p>\n<p><strong>Geometrins former finns \u00f6verallt, fr\u00e5n mikroniv\u00e5 till makroniv\u00e5.<\/strong> Det \u00e4r d\u00e4rf\u00f6r om\u00f6jligt att avg\u00f6ra om Karl-Heinz Adler g\u00e5r i n\u00e4rkamp med materieriens minsta delar eller i riktigt stora sammanhang.<\/p>\n<p>Med glidande ljusskalor skapar hans m\u00e5lningar\/objekt \u2013 best\u00e5ende av tv\u00e5 itus\u00e5gade kvadrater av board eller sp\u00e5nskiva, vars delar v\u00e4nts och flyttats om \u2013 en tredimensionell illusion, tunna linjer skapar rutn\u00e4t, tankarna g\u00e5r till vikta kartblad. F\u00e4rgskalan i varje verk \u00e4r ytterst enkel men dess nyanser skimrar sk\u00f6nt.<\/p>\n<p>Med svart penna p\u00e5 vit kartong, med str\u00e4ng linjal, vinkelhake och exakta avst\u00e5nd, skapar han ocks\u00e5 virvlar som g\u00e5r in mot och ut fr\u00e5n en innersta punkt. Eller tv\u00e5 punkter, associationerna g\u00e5r till kvantfysikens tankar om elementarpartiklars f\u00f6rm\u00e5ga att upptr\u00e4da p\u00e5 tv\u00e5 st\u00e4llen samtidigt. En vetenskaplig lek man l\u00e4tt f\u00f6rlorar sig i.<\/p>\n<p><strong>Walter Weis visar upp den stramaste ytan.<\/strong> Det \u00e4r rentav s\u00e5 att han anv\u00e4nt sig av en f\u00e4rgblandning s\u00e5 t\u00e4t att verken tycks sprutlackerade som v\u00e4gm\u00e4rken med enhetlig kul\u00f6r som till skillnad fr\u00e5n utst\u00e4llningsgrannen absolut inte ska skifta i n\u00e5gra nyanser.<\/p>\n<p>Ocks\u00e5 han v\u00e4nder och vrider p\u00e5 kvadraten (han har ocks\u00e5 anv\u00e4nt sig av cirkeln, men det visas inte p\u00e5 den h\u00e4r utst\u00e4llningen), hittar dess sl\u00e4ktskap med triangeln. Han \u00f6ppnar och f\u00f6rskjuter. Tankarna g\u00e5r inte bara till v\u00e4gm\u00e4rken, de g\u00e5r till allehanda design med signalf\u00e4rger som r\u00f6tt och svart. H\u00e4r finns \u00e4ven lila och gult. Men till skillnad fr\u00e5n designade ikoner f\u00f6r f\u00f6retag och varum\u00e4rken \u00e4r hans verk utan h\u00e4nsyftningar. De. Bara. \u00c4r.<\/p>\n<p>Tv\u00e5 objekt, ett svart och ett vitt, finns med p\u00e5 utst\u00e4llningen. H\u00e4r har Weis lekt med kvadratens konturlinje, \u00f6ppnat och delat upp. Och sammanfogat till nya former, som leker med skuggorna som kastas p\u00e5 v\u00e4ggen. Hmm, nyanser?<\/p>\n<p><em>Text och foto: Ann-Charlotte Sandelin<\/em><\/p>\n<p>&nbsp;<\/p>\n<ul>\n<li>\n<h3>GALLERI DAG ANDERSSON Norrk\u00f6ping<\/h3>\n<\/li>\n<li><em>18 augusti \u2013 23 september 2012<\/em><br \/>\n<strong>Berikande enkelt<\/strong><br \/>\nKarl-Heinz Adler och Walter Weis<\/li>\n<\/ul>\n<p>&nbsp;<\/p>\n<p>L\u00c4NKAR<br \/>\nGalleri Dag Andersson <a title=\"Galleri Dag Andersson\" href=\"http:\/\/www.galleridagandersson.se\/\" target=\"_blank\">hemsida<\/a><\/p>\n<p>KARL-HEINZ ADLER \u2013 BILDSPEL (FLASH) \u2013 KLICKA P\u00c5 BILDEN <em><br \/>\nALT\/MOBIL: SE BILDSPELET <a title=\"Bildspel\" href=\"https:\/\/www.flickr.com\/photos\/kultursidan\/sets\/72157631511577930\/show\/\" target=\"_blank\">H\u00c4R<\/a><\/em><br \/>\n<object width=\"400\" height=\"300\"><param name=\"flashvars\" value=\"offsite=true&amp;lang=en-us&amp;page_show_url=%2Fphotos%2Fkultursidan%2Fsets%2F72157631511577930%2Fshow%2F&amp;page_show_back_url=%2Fphotos%2Fkultursidan%2Fsets%2F72157631511577930%2F&amp;set_id=72157631511577930&amp;jump_to=\" \/><param name=\"movie\" value=\"https:\/\/www.flickr.com\/apps\/slideshow\/show.swf?v=1811922554\" \/><param name=\"allowFullScreen\" value=\"true\" \/><\/object><\/p>\n<p>WALTER WEIS \u2013 BILDSPEL (FLASH) \u2013 KLICKA P\u00c5 BILDEN <em><br \/>\nALT\/MOBIL: SE BILDSPELET <a title=\"Bildspel\" href=\"https:\/\/www.flickr.com\/photos\/kultursidan\/sets\/72157631511585772\/show\/\" target=\"_blank\">H\u00c4R<\/a><\/em><br \/>\n<object width=\"400\" height=\"300\"><param name=\"flashvars\" value=\"offsite=true&amp;lang=en-us&amp;page_show_url=%2Fphotos%2Fkultursidan%2Fsets%2F72157631511585772%2Fshow%2F&amp;page_show_back_url=%2Fphotos%2Fkultursidan%2Fsets%2F72157631511585772%2F&amp;set_id=72157631511585772&amp;jump_to=\" \/><param name=\"movie\" value=\"https:\/\/www.flickr.com\/apps\/slideshow\/show.swf?v=1811922554\" \/><param name=\"allowFullScreen\" value=\"true\" \/><\/object><\/p>\n","protected":false},"excerpt":{"rendered":"<p>NORRK\u00d6PING Curatorn Angela Apelt l\u00e5ter tv\u00e5 konstn\u00e4rskap sprungna ur geometrins utmaningar m\u00f6tas i galleriets vita rum. Men d\u00e4r Karl-Heinz Adler unders\u00f6ker materiens vibrerande f\u00e4rgspel st\u00e4ller Walter Weis upp en stram yta. <a class=\"continue-reading-link\" href=\"https:\/\/www.kultursidan.nu\/?p=7217\">L\u00e4s mer <span class=\"meta-nav\">&rarr; <\/span><\/a><\/p>\n","protected":false},"author":1001006,"featured_media":0,"comment_status":"closed","ping_status":"open","sticky":false,"template":"","format":"standard","meta":{"_jetpack_memberships_contains_paid_content":false,"footnotes":""},"categories":[7],"tags":[14],"class_list":["post-7217","post","type-post","status-publish","format-standard","hentry","category-norrkoping","tag-konst"],"jetpack_featured_media_url":"","jetpack_sharing_enabled":true,"_links":{"self":[{"href":"https:\/\/www.kultursidan.nu\/index.php?rest_route=\/wp\/v2\/posts\/7217","targetHints":{"allow":["GET"]}}],"collection":[{"href":"https:\/\/www.kultursidan.nu\/index.php?rest_route=\/wp\/v2\/posts"}],"about":[{"href":"https:\/\/www.kultursidan.nu\/index.php?rest_route=\/wp\/v2\/types\/post"}],"author":[{"embeddable":true,"href":"https:\/\/www.kultursidan.nu\/index.php?rest_route=\/wp\/v2\/users\/1001006"}],"replies":[{"embeddable":true,"href":"https:\/\/www.kultursidan.nu\/index.php?rest_route=%2Fwp%2Fv2%2Fcomments&post=7217"}],"version-history":[{"count":0,"href":"https:\/\/www.kultursidan.nu\/index.php?rest_route=\/wp\/v2\/posts\/7217\/revisions"}],"wp:attachment":[{"href":"https:\/\/www.kultursidan.nu\/index.php?rest_route=%2Fwp%2Fv2%2Fmedia&parent=7217"}],"wp:term":[{"taxonomy":"category","embeddable":true,"href":"https:\/\/www.kultursidan.nu\/index.php?rest_route=%2Fwp%2Fv2%2Fcategories&post=7217"},{"taxonomy":"post_tag","embeddable":true,"href":"https:\/\/www.kultursidan.nu\/index.php?rest_route=%2Fwp%2Fv2%2Ftags&post=7217"}],"curies":[{"name":"wp","href":"https:\/\/api.w.org\/{rel}","templated":true}]}}